{"id":12571,"date":"2017-07-05T00:54:05","date_gmt":"2017-07-05T05:54:05","guid":{"rendered":"http:\/\/elinformanteperu.com\/?p=12571"},"modified":"2017-07-05T01:29:31","modified_gmt":"2017-07-05T06:29:31","slug":"edgar-alarcon-se-hizo-oficial-su-remocion-y-cargo-de-contralor-quedo-vacante","status":"publish","type":"post","link":"https:\/\/elinformanteperu.com\/index.php\/2017\/07\/05\/edgar-alarcon-se-hizo-oficial-su-remocion-y-cargo-de-contralor-quedo-vacante\/","title":{"rendered":"Edgar Alarc\u00f3n: se hizo oficial su remoci\u00f3n y cargo de contralor qued\u00f3 vacante"},"content":{"rendered":"<p><strong><span style=\"color: #000000;\">Hoy se public\u00f3 la resoluci\u00f3n legislativa por la cual se remueve del cargo de contralor general de la Rep\u00fablica a Edgar Alarc\u00f3n, y se declara la vacancia del puesto.<\/span><\/strong><\/p>\n<p><span style=\"color: #000000;\"><strong>Lima, 04 Julio 2017, (ANDINA).-<\/strong> Hoy se public\u00f3 la resoluci\u00f3n legislativa por la cual se remueve del cargo de contralor general de la Rep\u00fablica a Edgar Alarc\u00f3n, y se declara la vacancia del puesto que ocupaba, tras la decisi\u00f3n adoptada en la v\u00edspera por la Comisi\u00f3n Permanente del Congreso de la Rep\u00fablica.<\/span><\/p>\n<p><span style=\"color: #000000;\">La resoluci\u00f3n, publicada en la separata Normas Legales del Diario Oficial El Peruano, indica que la remoci\u00f3n de Alarc\u00f3n es consecuencia de la comisi\u00f3n de falta grave establecida en el art\u00edculo 31 de la Ley 27785, Ley Org\u00e1nica del Sistema Nacional de Control y de la Contralor\u00eda.<\/span><\/p>\n<p><span style=\"color: #000000;\">Asimismo, se precisa que la declaratoria de vacancia del cargo de contralor general de la Rep\u00fablica se ajusta a lo establecido en el art\u00edculo 30 de la mencionada ley.<\/span><\/p>\n<p><span style=\"color: #000000;\">Edgar Alarc\u00f3n, quien ocupaba el cargo de contralor general de la Rep\u00fablica desde el 9 de junio del 2016, fue removido del puesto por una determinaci\u00f3n adoptada en la v\u00edspera en el \u00e1mbito del Congreso.<\/span><\/p>\n<p><span style=\"color: #000000;\">La Comisi\u00f3n Permanente tom\u00f3 la decisi\u00f3n con 22 votos a favor y una abstenci\u00f3n, apoyando el dictamen que recomendaba su destituci\u00f3n.<\/span><\/p>\n<p><span style=\"color: #000000;\">El ahora exfuncionario fue acusado de faltas e irregularidades cometidas durante su trabajo en esa entidad por una subcomisi\u00f3n liderada por Marco Arana.<\/span><\/p>\n<p><span style=\"color: #000000;\">Horas antes de su remoci\u00f3n, Alarc\u00f3n defendi\u00f3 su gesti\u00f3n como titular del \u00f3rgano de control y asegur\u00f3 haber sido v\u00edctima de ataques en los medios de comunicaci\u00f3n.<\/span><\/p>\n<p><span style=\"color: #000000;\">La norma que oficializa la remoci\u00f3n de Edgar Alarc\u00f3n lleva las firmas de la presidenta del Congreso de la Rep\u00fablica, Luz Salgado, y de su primera vicepresidenta, Rosa Bartra.<\/span><\/p>\n","protected":false},"excerpt":{"rendered":"<p>Hoy se public\u00f3 la resoluci\u00f3n legislativa por la cual se remueve del cargo de contralor general de la Rep\u00fablica a Edgar Alarc\u00f3n, y se declara la vacancia del puesto. Lima, 04 Julio 2017, (ANDINA).- Hoy se public\u00f3 la resoluci\u00f3n legislativa por la cual se remueve del cargo de contralor general de la Rep\u00fablica a Edgar [&hellip;]<\/p>\n","protected":false},"author":1,"featured_media":12572,"comment_status":"open","ping_status":"open","sticky":false,"template":"","format":"standard","meta":{"rop_custom_images_group":[],"rop_custom_messages_group":[],"rop_publish_now":"initial","rop_publish_now_accounts":[],"rop_publish_now_history":[],"rop_publish_now_status":"pending","footnotes":""},"categories":[5],"tags":[177,855],"class_list":["post-12571","post","type-post","status-publish","format-standard","has-post-thumbnail","hentry","category-actualidad-informativa","tag-contraloria","tag-edgar-alarcon"],"_links":{"self":[{"href":"https:\/\/elinformanteperu.com\/index.php\/wp-json\/wp\/v2\/posts\/12571","targetHints":{"allow":["GET"]}}],"collection":[{"href":"https:\/\/elinformanteperu.com\/index.php\/wp-json\/wp\/v2\/posts"}],"about":[{"href":"https:\/\/elinformanteperu.com\/index.php\/wp-json\/wp\/v2\/types\/post"}],"author":[{"embeddable":true,"href":"https:\/\/elinformanteperu.com\/index.php\/wp-json\/wp\/v2\/users\/1"}],"replies":[{"embeddable":true,"href":"https:\/\/elinformanteperu.com\/index.php\/wp-json\/wp\/v2\/comments?post=12571"}],"version-history":[{"count":1,"href":"https:\/\/elinformanteperu.com\/index.php\/wp-json\/wp\/v2\/posts\/12571\/revisions"}],"predecessor-version":[{"id":12573,"href":"https:\/\/elinformanteperu.com\/index.php\/wp-json\/wp\/v2\/posts\/12571\/revisions\/12573"}],"wp:featuredmedia":[{"embeddable":true,"href":"https:\/\/elinformanteperu.com\/index.php\/wp-json\/wp\/v2\/media\/12572"}],"wp:attachment":[{"href":"https:\/\/elinformanteperu.com\/index.php\/wp-json\/wp\/v2\/media?parent=12571"}],"wp:term":[{"taxonomy":"category","embeddable":true,"href":"https:\/\/elinformanteperu.com\/index.php\/wp-json\/wp\/v2\/categories?post=12571"},{"taxonomy":"post_tag","embeddable":true,"href":"https:\/\/elinformanteperu.com\/index.php\/wp-json\/wp\/v2\/tags?post=12571"}],"curies":[{"name":"wp","href":"https:\/\/api.w.org\/{rel}","templated":true}]}}