{"id":125643,"date":"2024-10-09T21:10:48","date_gmt":"2024-10-10T02:10:48","guid":{"rendered":"https:\/\/elinformanteperu.com\/?p=125643"},"modified":"2024-10-09T21:10:48","modified_gmt":"2024-10-10T02:10:48","slug":"fifa-castiga-a-ecuador-por-cantos-homofobos-de-hinchas-en-partido-ante-peru","status":"publish","type":"post","link":"https:\/\/elinformanteperu.com\/index.php\/2024\/10\/09\/fifa-castiga-a-ecuador-por-cantos-homofobos-de-hinchas-en-partido-ante-peru\/","title":{"rendered":"FIFA castiga a Ecuador por cantos hom\u00f3fobos de hinchas en partido ante Per\u00fa"},"content":{"rendered":"<p><strong><span style=\"color: #000000;\">La sanci\u00f3n fue de 23 mil d\u00f3lares y la reducci\u00f3n del 15% del aforo del estadio para su pr\u00f3ximo cotejo de local<\/span><\/strong><\/p>\n<p><span style=\"color: #000000;\"><strong>Quito, 09 Octubre 2024, (ANDINA).-<\/strong> La FIFA volvi\u00f3 a sancionar a la Federaci\u00f3n Ecuatoriana de F\u00fatbol (FEF) por los c\u00e1nticos hom\u00f3fobos entonados por aficionados ecuatorianos en partidos de las eliminatorias sudamericanas de clasificaci\u00f3n para el Mundial de 2026.<\/span><\/p>\n<p><span style=\"color: #000000;\">La FIFA impuso a la FEF una multa de 20.000 francos suizos (unos 23.240 d\u00f3lares) y la clausura del 15 % del aforo del estadio para el pr\u00f3ximo partido, lo que implica m\u00e1s de 6.200 asientos que quedan fuera de la venta.<\/span><\/p>\n<p><span style=\"color: #000000;\">La sanci\u00f3n fue impuesta por los c\u00e1nticos realizados durante el \u00faltimo partido de Ecuador como local, donde venci\u00f3 a Per\u00fa por 1-0.<\/span><\/p>\n<p><span style=\"color: #000000;\">El \u00abcomportamiento discriminatorio de aficionados\u00bb, como lo califica la FIFA, fue advertido por los inspectores presentes en el estadio, pero tambi\u00e9n fue denunciado al t\u00e9rmino del encuentro por Renato Tapia, centrocampista y capit\u00e1n de la selecci\u00f3n peruana.<\/span><\/p>\n<p><span style=\"color: #000000;\">\u00abMe parece muy mal gusto que hagan\u00bb, dijo Tapia en rueda de prensa, si bien reconoci\u00f3 que estos c\u00e1nticos provinieron de una parte de la hinchada local que no representan al resto.<\/span><\/p>\n<p><span style=\"color: #000000;\">Tapia consider\u00f3 que ese comportamiento era innecesario, especialmente cuando la Tri ten\u00eda el marcador a su favor.<\/span><\/p>\n<p><span style=\"color: #000000;\">El presidente de la FEF, Francisco Egas, reconoci\u00f3 en una entrevista con el canal ESPN que estos c\u00e1nticos son \u00abuna mala costumbre\u00bb que se tiene en los estadios de Ecuador, y anunci\u00f3 que desde la Federaci\u00f3n se har\u00e1n campa\u00f1as para evitar que se sigan repitiendo.<\/span><\/p>\n<p><span style=\"color: #000000;\">Ecuador ya tuvo que enfrentar una situaci\u00f3n similar por c\u00e1nticos similares propalados durante el Mundial de Qatar 2022, lo que impidi\u00f3 que pudiera disponer del aforo completo para la segunda fecha de las eliminatorias sudamericanas para la Copa del Mundo de 2026, donde le toc\u00f3 recibir a Uruguay.<\/span><\/p>\n<p><a href=\"https:\/\/elinformanteperu.com\/wp-content\/uploads\/2024\/09\/ecuador-peru-2024-1.jpg\"><img fetchpriority=\"high\" decoding=\"async\" class=\"size-large wp-image-124899 aligncenter\" src=\"https:\/\/elinformanteperu.com\/wp-content\/uploads\/2024\/09\/ecuador-peru-2024-1-1024x683.jpg\" alt=\"\" width=\"615\" height=\"410\" srcset=\"https:\/\/elinformanteperu.com\/wp-content\/uploads\/2024\/09\/ecuador-peru-2024-1-1024x683.jpg 1024w, https:\/\/elinformanteperu.com\/wp-content\/uploads\/2024\/09\/ecuador-peru-2024-1-300x200.jpg 300w, https:\/\/elinformanteperu.com\/wp-content\/uploads\/2024\/09\/ecuador-peru-2024-1-768x512.jpg 768w, https:\/\/elinformanteperu.com\/wp-content\/uploads\/2024\/09\/ecuador-peru-2024-1-1536x1024.jpg 1536w, https:\/\/elinformanteperu.com\/wp-content\/uploads\/2024\/09\/ecuador-peru-2024-1.jpg 1800w\" sizes=\"(max-width: 615px) 100vw, 615px\" \/><\/a><\/p>\n","protected":false},"excerpt":{"rendered":"<p>La sanci\u00f3n fue de 23 mil d\u00f3lares y la reducci\u00f3n del 15% del aforo del estadio para su pr\u00f3ximo cotejo de local Quito, 09 Octubre 2024, (ANDINA).- La FIFA volvi\u00f3 a sancionar a la Federaci\u00f3n Ecuatoriana de F\u00fatbol (FEF) por los c\u00e1nticos hom\u00f3fobos entonados por aficionados ecuatorianos en partidos de las eliminatorias sudamericanas de clasificaci\u00f3n [&hellip;]<\/p>\n","protected":false},"author":1,"featured_media":125644,"comment_status":"closed","ping_status":"closed","sticky":false,"template":"","format":"standard","meta":{"rop_custom_images_group":[],"rop_custom_messages_group":[],"rop_publish_now":"initial","rop_publish_now_accounts":[],"rop_publish_now_history":[],"rop_publish_now_status":"pending","footnotes":""},"categories":[8],"tags":[6567,7282],"class_list":["post-125643","post","type-post","status-publish","format-standard","has-post-thumbnail","hentry","category-disciplinas-deportivas","tag-ecuador-peru","tag-eliminatorias-2026"],"_links":{"self":[{"href":"https:\/\/elinformanteperu.com\/index.php\/wp-json\/wp\/v2\/posts\/125643","targetHints":{"allow":["GET"]}}],"collection":[{"href":"https:\/\/elinformanteperu.com\/index.php\/wp-json\/wp\/v2\/posts"}],"about":[{"href":"https:\/\/elinformanteperu.com\/index.php\/wp-json\/wp\/v2\/types\/post"}],"author":[{"embeddable":true,"href":"https:\/\/elinformanteperu.com\/index.php\/wp-json\/wp\/v2\/users\/1"}],"replies":[{"embeddable":true,"href":"https:\/\/elinformanteperu.com\/index.php\/wp-json\/wp\/v2\/comments?post=125643"}],"version-history":[{"count":1,"href":"https:\/\/elinformanteperu.com\/index.php\/wp-json\/wp\/v2\/posts\/125643\/revisions"}],"predecessor-version":[{"id":125645,"href":"https:\/\/elinformanteperu.com\/index.php\/wp-json\/wp\/v2\/posts\/125643\/revisions\/125645"}],"wp:featuredmedia":[{"embeddable":true,"href":"https:\/\/elinformanteperu.com\/index.php\/wp-json\/wp\/v2\/media\/125644"}],"wp:attachment":[{"href":"https:\/\/elinformanteperu.com\/index.php\/wp-json\/wp\/v2\/media?parent=125643"}],"wp:term":[{"taxonomy":"category","embeddable":true,"href":"https:\/\/elinformanteperu.com\/index.php\/wp-json\/wp\/v2\/categories?post=125643"},{"taxonomy":"post_tag","embeddable":true,"href":"https:\/\/elinformanteperu.com\/index.php\/wp-json\/wp\/v2\/tags?post=125643"}],"curies":[{"name":"wp","href":"https:\/\/api.w.org\/{rel}","templated":true}]}}