{"id":125623,"date":"2024-10-09T20:23:51","date_gmt":"2024-10-10T01:23:51","guid":{"rendered":"https:\/\/elinformanteperu.com\/?p=125623"},"modified":"2024-10-09T20:23:51","modified_gmt":"2024-10-10T01:23:51","slug":"eliminatorias-lapadula-y-tapia-entre-las-bajas-mas-significativas-de-la-novena-fecha","status":"publish","type":"post","link":"https:\/\/elinformanteperu.com\/index.php\/2024\/10\/09\/eliminatorias-lapadula-y-tapia-entre-las-bajas-mas-significativas-de-la-novena-fecha\/","title":{"rendered":"Eliminatorias: Lapadula y Tapia entre las bajas m\u00e1s significativas de la novena fecha"},"content":{"rendered":"<p><strong><span style=\"color: #000000;\">Los jugadores peruanos se unieron varios elementos que no podr\u00e1n jugar con sus selecciones la fecha<\/span><\/strong><\/p>\n<p><span style=\"color: #000000;\"><strong>Lima, 09 Octubre 2024, (ANDINA).-<\/strong> Los jugadores, como Gianluca Lapadula y Renato Tapia, que por lesi\u00f3n fueron desconvocados para participar en la novena jornada de las eliminatorias sudamericanas del pr\u00f3ximo Mundial bien podr\u00edan formar dos aut\u00e9nticas selecciones sudamericanas.<\/span><\/p>\n<p><span style=\"color: #000000;\">Un vistazo al elevado n\u00famero de &#8216;ca\u00eddos&#8217;, en especial por problemas musculares, parecen dar cr\u00e9dito a las crecientes quejas por la sobrecarga de partidos a la que se ven sometidos los futbolistas de \u00e9lite, especialmente los que militan en clubes europeos.<\/span><\/p>\n<p><strong><span style=\"color: #000000;\">Porteros:<\/span><\/strong><\/p>\n<p><span style=\"color: #000000;\"><strong>Alisson Becker (Brasil).<\/strong> El titular del Liverpool ingl\u00e9s sufri\u00f3 una molestia muscular en la pierna derecha durante el partido que jug\u00f3 su club al Crystal Palace.<\/span><\/p>\n<p><span style=\"color: #000000;\"><strong>Joel Graterol (Venezuela).<\/strong> El titular del Am\u00e9rica de Cali colombiano fue operado el 8 de octubre por una rotura del tend\u00f3n rotuliano izquierdo.<\/span><\/p>\n<p><strong><span style=\"color: #000000;\">Defensores:<\/span><\/strong><\/p>\n<p><span style=\"color: #000000;\"><strong>Daniel Mu\u00f1oz (Colombia).<\/strong> El lateral derecho del Crystal Palace no alcanz\u00f3 a presentarse a la concentraci\u00f3n debido a una lesi\u00f3n en el aductor de la pierna derecha.<\/span><\/p>\n<p><span style=\"color: #000000;\"><strong>Yomar Rocha (Bolivia):<\/strong> El lateral derecho del Bol\u00edvar apenas lleg\u00f3 la concentraci\u00f3n de la Verde y poco despu\u00e9s la abandon\u00f3 a consecuencia de una pubalgia cuyo tiempo de recuperaci\u00f3n no est\u00e1 definido.<\/span><\/p>\n<p><span style=\"color: #000000;\"><strong>Mat\u00edas Catal\u00e1n (Chile).<\/strong> El lateral derecho, que tambi\u00e9n cumple como defensor central, se rompi\u00f3 los ligamentos cruzados de la rodilla derecha en un partido de la Liga argentina con Talleres y deber\u00e1 afrontar una recuperaci\u00f3n de seis meses.<\/span><\/p>\n<p><span style=\"color: #000000;\"><strong>Eder Milit\u00e3o (Brasil).<\/strong> Debi\u00f3 regresar a Madrid poco despu\u00e9s de presentarse a la concentraci\u00f3n en S\u00e3o Paulo por una lesi\u00f3n muscular en el cu\u00e1driceps izquierdo.<\/span><\/p>\n<p><span style=\"color: #000000;\"><strong>Carlos Cuesta (Colombia).<\/strong> El central sufri\u00f3 una rotura fibrilar del gemelo derecho durante el \u00faltimo partido jugado con el Genk belga y permanecer\u00e1 en el dique seco, al menos un mes.<\/span><\/p>\n<p><span style=\"color: #000000;\"><strong>Gleison Bremer (Brasil).<\/strong> El central de la Juventus se lesion\u00f3 en el partido de Champions contra el Leipzig. Se rompi\u00f3 el ligamento cruzado anterior de la rodilla izquierda que compromete su vuelta en la temporada, pues estar\u00e1 seis meses lejos de las canchas.<\/span><\/p>\n<p><span style=\"color: #000000;\"><strong>Yerson Mosquera (Colombia).<\/strong> El zaguero del Wolverhampton ingl\u00e9s se perder\u00e1 el resto de la temporada por una grave lesi\u00f3n en el ligamento colateral medial y el ligamento cruzado anterior.<\/span><\/p>\n<p><span style=\"color: #000000;\"><strong>Marcos Acu\u00f1a (Argentina).<\/strong> El lateral izquierdo de River Plate padece una distensi\u00f3n en el isquiotibial izquierdo que requiere entre 10 y 15 d\u00edas de recuperaci\u00f3n.<\/span><\/p>\n<p><span style=\"color: #000000;\"><strong>Guilherme Arana (Brasil).<\/strong> El carrilero izquierdo del Atl\u00e9tico Mineiro, semifinalstia de la Copa Libertadores, recibi\u00f3 un golpe en el muslo izquierdo en un reciente partido contra el Vasco da Gama en las semifinales de la Copa de Brasil.<\/span><\/p>\n<p><span style=\"color: #000000;\"><strong>Gabriel Suazo (Chile).<\/strong> El lateral izquierdo del Toulouse franc\u00e9s, titular de la selecci\u00f3n dirigida por Ricardo Gareca, sufre una lesi\u00f3n en los isquiotibiales.<\/span><\/p>\n<p><strong><span style=\"color: #000000;\">Centrocampistas:<\/span><\/strong><\/p>\n<p><span style=\"color: #000000;\"><strong>Pablo Vaca (Bolivia):<\/strong> El mediocentro del Always Ready fue liberado de la concentraci\u00f3n por una lesi\u00f3n en la rodilla izquierda.<\/span><\/p>\n<p><span style=\"color: #000000;\"><strong>Renato Tapia (Per\u00fa).<\/strong> El centrocampista sufri\u00f3 un fuerte golpe en el muslo izquierdo durante un entrenamiento con el Legan\u00e9s espa\u00f1ol.<\/span><\/p>\n<p><span style=\"color: #000000;\"><strong>Marcelino N\u00fa\u00f1ez (Chile):<\/strong> El extremo del Norwich City qued\u00f3 minado por una lesi\u00f3n en los isquiotibiales.<\/span><\/p>\n<p><span style=\"color: #000000;\"><strong>Ervin Vaca (Bolivia):<\/strong> El jugador del Bol\u00edvar sufri\u00f3 un desgarro fibrilar del muslo izquierdo que le alejar\u00e1 de las canchas al menos por quince d\u00edas.<\/span><\/p>\n<p><strong><span style=\"color: #000000;\">Delanteros:<\/span><\/strong><\/p>\n<p><span style=\"color: #000000;\"><strong>Vinicius Jr (Brasil).<\/strong> Una lesi\u00f3n cervical le impidi\u00f3 terminar el fin de semana el partido contra el Villarreal en el que marc\u00f3 el segundo gol para sellar el triunfo del Real Madrid por 2-0.<\/span><\/p>\n<p><span style=\"color: #000000;\"><strong>Alejandro Garnacho (Argentina).<\/strong> El del Manchester United no llega a la novena jornada de las eliminatorias por una molestia recurrente en la rodilla izquierda.<\/span><\/p>\n<p><span style=\"color: #000000;\"><strong>Gianluca Lapadula (Per\u00fa).<\/strong> Por una lesi\u00f3n abdominal tampoco estar\u00e1 con la Bicolor el delantero del Cagliari italiano.<\/span><\/p>\n<p><span style=\"color: #000000;\"><strong>Paulo Dybala (Argentina).<\/strong> Qued\u00f3 por fuera de los partidos de eliminatorias en octubre por una molestia muscular que le afect\u00f3 en plena pr\u00e1ctica de Roma el pasado viernes.<\/span><\/p>\n<p><span style=\"color: #000000;\"><strong>Rafael Santos Borr\u00e9 (Colombia).<\/strong> El jugador del Internacional brasile\u00f1o presenta fuertes molestias musculares en la pierna izquierda.<\/span><\/p>\n<p><span style=\"color: #000000;\"><strong>Nicol\u00e1s Gonz\u00e1lez (Argentina).<\/strong> El jugador de la Juventus italiana est\u00e1 afectado por dolores en el recto femoral del muslo derecho.<\/span><\/p>\n<p><a href=\"https:\/\/elinformanteperu.com\/wp-content\/uploads\/2024\/10\/peru-uruguay-tapia.jpg\"><img fetchpriority=\"high\" decoding=\"async\" class=\"size-large wp-image-125521 aligncenter\" src=\"https:\/\/elinformanteperu.com\/wp-content\/uploads\/2024\/10\/peru-uruguay-tapia-1024x678.jpg\" alt=\"\" width=\"615\" height=\"407\" srcset=\"https:\/\/elinformanteperu.com\/wp-content\/uploads\/2024\/10\/peru-uruguay-tapia-1024x678.jpg 1024w, https:\/\/elinformanteperu.com\/wp-content\/uploads\/2024\/10\/peru-uruguay-tapia-300x199.jpg 300w, https:\/\/elinformanteperu.com\/wp-content\/uploads\/2024\/10\/peru-uruguay-tapia-768x509.jpg 768w, https:\/\/elinformanteperu.com\/wp-content\/uploads\/2024\/10\/peru-uruguay-tapia-1536x1017.jpg 1536w, https:\/\/elinformanteperu.com\/wp-content\/uploads\/2024\/10\/peru-uruguay-tapia.jpg 1800w\" sizes=\"(max-width: 615px) 100vw, 615px\" \/><\/a><\/p>\n","protected":false},"excerpt":{"rendered":"<p>Los jugadores peruanos se unieron varios elementos que no podr\u00e1n jugar con sus selecciones la fecha Lima, 09 Octubre 2024, (ANDINA).- Los jugadores, como Gianluca Lapadula y Renato Tapia, que por lesi\u00f3n fueron desconvocados para participar en la novena jornada de las eliminatorias sudamericanas del pr\u00f3ximo Mundial bien podr\u00edan formar dos aut\u00e9nticas selecciones sudamericanas. Un [&hellip;]<\/p>\n","protected":false},"author":1,"featured_media":122491,"comment_status":"closed","ping_status":"closed","sticky":false,"template":"","format":"standard","meta":{"rop_custom_images_group":[],"rop_custom_messages_group":[],"rop_publish_now":"initial","rop_publish_now_accounts":[],"rop_publish_now_history":[],"rop_publish_now_status":"pending","footnotes":""},"categories":[8],"tags":[7282,630],"class_list":["post-125623","post","type-post","status-publish","format-standard","has-post-thumbnail","hentry","category-disciplinas-deportivas","tag-eliminatorias-2026","tag-gianluca-lapadula"],"_links":{"self":[{"href":"https:\/\/elinformanteperu.com\/index.php\/wp-json\/wp\/v2\/posts\/125623","targetHints":{"allow":["GET"]}}],"collection":[{"href":"https:\/\/elinformanteperu.com\/index.php\/wp-json\/wp\/v2\/posts"}],"about":[{"href":"https:\/\/elinformanteperu.com\/index.php\/wp-json\/wp\/v2\/types\/post"}],"author":[{"embeddable":true,"href":"https:\/\/elinformanteperu.com\/index.php\/wp-json\/wp\/v2\/users\/1"}],"replies":[{"embeddable":true,"href":"https:\/\/elinformanteperu.com\/index.php\/wp-json\/wp\/v2\/comments?post=125623"}],"version-history":[{"count":1,"href":"https:\/\/elinformanteperu.com\/index.php\/wp-json\/wp\/v2\/posts\/125623\/revisions"}],"predecessor-version":[{"id":125624,"href":"https:\/\/elinformanteperu.com\/index.php\/wp-json\/wp\/v2\/posts\/125623\/revisions\/125624"}],"wp:featuredmedia":[{"embeddable":true,"href":"https:\/\/elinformanteperu.com\/index.php\/wp-json\/wp\/v2\/media\/122491"}],"wp:attachment":[{"href":"https:\/\/elinformanteperu.com\/index.php\/wp-json\/wp\/v2\/media?parent=125623"}],"wp:term":[{"taxonomy":"category","embeddable":true,"href":"https:\/\/elinformanteperu.com\/index.php\/wp-json\/wp\/v2\/categories?post=125623"},{"taxonomy":"post_tag","embeddable":true,"href":"https:\/\/elinformanteperu.com\/index.php\/wp-json\/wp\/v2\/tags?post=125623"}],"curies":[{"name":"wp","href":"https:\/\/api.w.org\/{rel}","templated":true}]}}