{"id":125619,"date":"2024-10-09T20:16:04","date_gmt":"2024-10-10T01:16:04","guid":{"rendered":"https:\/\/elinformanteperu.com\/?p=125619"},"modified":"2024-10-09T20:16:04","modified_gmt":"2024-10-10T01:16:04","slug":"savinho-avizora-partido-ante-peru-llego-el-momento-para-mostrar-quien-es-brasil","status":"publish","type":"post","link":"https:\/\/elinformanteperu.com\/index.php\/2024\/10\/09\/savinho-avizora-partido-ante-peru-llego-el-momento-para-mostrar-quien-es-brasil\/","title":{"rendered":"Savinho avizora partido ante Per\u00fa: \u00ablleg\u00f3 el momento para mostrar qui\u00e9n es Brasil\u00bb"},"content":{"rendered":"<p><strong><span style=\"color: #000000;\">El delantero del Manchester City se\u00f1al\u00f3 que lleg\u00f3 el momento exponer el real poder\u00edo de la &#8216;canarinha&#8217;<\/span><\/strong><\/p>\n<p><span style=\"color: #000000;\"><strong>Brasilia, 09 Octubre 2024, (ANDINA).-<\/strong> El atacante Savinho, jugador del Manchester City convocado para los partidos de la selecci\u00f3n brasile\u00f1a con Chile y Per\u00fa por las eliminatorias mundialistas, lament\u00f3 la mala fase que vive la Canarinha, pero dijo que lleg\u00f3 el momento de mostrar qui\u00e9n es Brasil.<\/span><\/p>\n<p><span style=\"color: #000000;\">\u00abEs preocupante, por la posici\u00f3n en que estamos (en la clasificaci\u00f3n) y por lo que el hincha espera, pero vamos a trabajar para sumar puntos en estos dos partidos y subir en la clasificaci\u00f3n\u00bb, afirm\u00f3 el exjugador del Girona espa\u00f1ol en la rueda de prensa que concedi\u00f3 en S\u00e3o Paulo, en donde Brasil se prepara para los partidos por las eliminatorias.<\/span><\/p>\n<p><span style=\"color: #000000;\">Savinho afirm\u00f3 que Brasil tiene que volver a ser protagonista para recuperar su confianza y exhibir el f\u00fatbol que le exigen los hinchas.<\/span><\/p>\n<p><span style=\"color: #000000;\">\u00abPor eso lleg\u00f3 la hora, lleg\u00f3 un momento muy bueno para que todos mostremos qui\u00e9n es Brasil y en d\u00f3nde merecemos estar\u00bb, afirm\u00f3 el atacante que se ha ganado la confianza del seleccionador brasile\u00f1o, Dorival J\u00fanior, a sus 20 a\u00f1os.<\/span><\/p>\n<p><span style=\"color: #000000;\">Seg\u00fan el delantero, todos los jugadores son conscientes de que la Canarinha necesita volver a ganar los partidos para recuperar la confianza de los aficionados.<\/span><\/p>\n<p><span style=\"color: #000000;\">\u00abLo que har\u00e1 con que a los hinchas les guste nuestro f\u00fatbol ser\u00e1n los tres puntos, las victorias, pero jugando bien, anotando goles. Brasil est\u00e1 acostumbrado a ganar por tres o dos goles de diferencia y tenemos que hacer eso, volver a ser protagonistas y ser felices dentro de la cancha\u00bb, afirm\u00f3.<\/span><\/p>\n<p><strong><span style=\"color: #000000;\">Responsabilidad asumida<\/span><\/strong><\/p>\n<p><span style=\"color: #000000;\">Savinho afirm\u00f3 que sabe cu\u00e1l es su responsabilidad como atacante de la selecci\u00f3n brasile\u00f1a y que est\u00e1 dispuesto a asumirla, pero que se trata de una obligaci\u00f3n de todo el equipo y no individual.<\/span><\/p>\n<p><span style=\"color: #000000;\">\u00abClaro que voy a asumir mi responsabilidad para ayudar a la selecci\u00f3n, pero no estoy solo. Somos varios y si cada uno asume un poco de responsabilidad podemos sobresalir, vencer y ser felices en la cancha\u00bb, dijo.<\/span><\/p>\n<p><span style=\"color: #000000;\">Actualmente, Brasil ocupa el quinto lugar de la clasificaci\u00f3n con 10 puntos, los mismos que Venezuela, est\u00e1 a ocho unidades del l\u00edder, Argentina, y tan solo supera por un punto a Paraguay y Bolivia, que, en s\u00e9ptimo y octavo lugar, se perder\u00edan el Mundial.<\/span><\/p>\n<p><a href=\"https:\/\/elinformanteperu.com\/wp-content\/uploads\/2024\/10\/brasil-2024-entrenamientos.jpg\"><img fetchpriority=\"high\" decoding=\"async\" class=\"size-large wp-image-125621 aligncenter\" src=\"https:\/\/elinformanteperu.com\/wp-content\/uploads\/2024\/10\/brasil-2024-entrenamientos-1024x673.jpg\" alt=\"\" width=\"615\" height=\"404\" srcset=\"https:\/\/elinformanteperu.com\/wp-content\/uploads\/2024\/10\/brasil-2024-entrenamientos-1024x673.jpg 1024w, https:\/\/elinformanteperu.com\/wp-content\/uploads\/2024\/10\/brasil-2024-entrenamientos-300x197.jpg 300w, https:\/\/elinformanteperu.com\/wp-content\/uploads\/2024\/10\/brasil-2024-entrenamientos-768x505.jpg 768w, https:\/\/elinformanteperu.com\/wp-content\/uploads\/2024\/10\/brasil-2024-entrenamientos.jpg 1440w\" sizes=\"(max-width: 615px) 100vw, 615px\" \/><\/a><\/p>\n","protected":false},"excerpt":{"rendered":"<p>El delantero del Manchester City se\u00f1al\u00f3 que lleg\u00f3 el momento exponer el real poder\u00edo de la &#8216;canarinha&#8217; Brasilia, 09 Octubre 2024, (ANDINA).- El atacante Savinho, jugador del Manchester City convocado para los partidos de la selecci\u00f3n brasile\u00f1a con Chile y Per\u00fa por las eliminatorias mundialistas, lament\u00f3 la mala fase que vive la Canarinha, pero dijo [&hellip;]<\/p>\n","protected":false},"author":1,"featured_media":125620,"comment_status":"closed","ping_status":"closed","sticky":false,"template":"","format":"standard","meta":{"rop_custom_images_group":[],"rop_custom_messages_group":[],"rop_publish_now":"initial","rop_publish_now_accounts":[],"rop_publish_now_history":[],"rop_publish_now_status":"pending","footnotes":""},"categories":[8],"tags":[6587,7282],"class_list":["post-125619","post","type-post","status-publish","format-standard","has-post-thumbnail","hentry","category-disciplinas-deportivas","tag-brasil-peru","tag-eliminatorias-2026"],"_links":{"self":[{"href":"https:\/\/elinformanteperu.com\/index.php\/wp-json\/wp\/v2\/posts\/125619","targetHints":{"allow":["GET"]}}],"collection":[{"href":"https:\/\/elinformanteperu.com\/index.php\/wp-json\/wp\/v2\/posts"}],"about":[{"href":"https:\/\/elinformanteperu.com\/index.php\/wp-json\/wp\/v2\/types\/post"}],"author":[{"embeddable":true,"href":"https:\/\/elinformanteperu.com\/index.php\/wp-json\/wp\/v2\/users\/1"}],"replies":[{"embeddable":true,"href":"https:\/\/elinformanteperu.com\/index.php\/wp-json\/wp\/v2\/comments?post=125619"}],"version-history":[{"count":1,"href":"https:\/\/elinformanteperu.com\/index.php\/wp-json\/wp\/v2\/posts\/125619\/revisions"}],"predecessor-version":[{"id":125622,"href":"https:\/\/elinformanteperu.com\/index.php\/wp-json\/wp\/v2\/posts\/125619\/revisions\/125622"}],"wp:featuredmedia":[{"embeddable":true,"href":"https:\/\/elinformanteperu.com\/index.php\/wp-json\/wp\/v2\/media\/125620"}],"wp:attachment":[{"href":"https:\/\/elinformanteperu.com\/index.php\/wp-json\/wp\/v2\/media?parent=125619"}],"wp:term":[{"taxonomy":"category","embeddable":true,"href":"https:\/\/elinformanteperu.com\/index.php\/wp-json\/wp\/v2\/categories?post=125619"},{"taxonomy":"post_tag","embeddable":true,"href":"https:\/\/elinformanteperu.com\/index.php\/wp-json\/wp\/v2\/tags?post=125619"}],"curies":[{"name":"wp","href":"https:\/\/api.w.org\/{rel}","templated":true}]}}