{"id":12559,"date":"2017-07-05T00:26:27","date_gmt":"2017-07-05T05:26:27","guid":{"rendered":"http:\/\/elinformanteperu.com\/?p=12559"},"modified":"2017-07-05T00:26:27","modified_gmt":"2017-07-05T05:26:27","slug":"caso-korina-rivadeneira-le-piden-que-acate-disposicion-de-salida-del-pais","status":"publish","type":"post","link":"https:\/\/elinformanteperu.com\/index.php\/2017\/07\/05\/caso-korina-rivadeneira-le-piden-que-acate-disposicion-de-salida-del-pais\/","title":{"rendered":"Caso Korina Rivadeneira: le piden que acate disposici\u00f3n de salida del pa\u00eds"},"content":{"rendered":"<p><strong><span style=\"color: #000000;\">El jefe de la Divisi\u00f3n de Extranjer\u00eda de la Polic\u00eda Nacional, Miguel Peric pidi\u00f3 a la modelo venezolana Korina Rivadeneira que se ponga a derecho y cumpla el mandato de la autoridad competente, sobre su salida del pa\u00eds.<\/span><\/strong><\/p>\n<p><span style=\"color: #000000;\"><strong>Lima, 04 Julio 2017, (ANDINA).<\/strong>&#8211; El jefe de la Divisi\u00f3n de Extranjer\u00eda de la Polic\u00eda Nacional, Miguel Peric pidi\u00f3 a la modelo venezolana Korina Rivadeneira que se ponga a derecho y cumpla el mandato de la autoridad competente, sobre su salida del pa\u00eds.<\/span><\/p>\n<p><span style=\"color: #000000;\">Se\u00f1al\u00f3 que la Polic\u00eda solo est\u00e1 cumpliendo con su deber en este caso y que la modelo con su actitud (de negarse a salir) solo est\u00e1 agravando su situaci\u00f3n.<\/span><\/p>\n<p><span style=\"color: #000000;\">El oficial sostuvo que si la joven venezolana casada actualmente con el piloto peruano Mario Hart, decide no acatar la orden de salida del territorio nacional, ese tema lo tiene que ver la Superintendencia Nacional de Migraciones.<\/span><\/p>\n<p><span style=\"color: #000000;\">En tanto, efectivos policiales visitaron hoy varias viviendas en diferentes distritos para tratar de dar con el paradero de Rivadeneira e invitarla a salir del pa\u00eds.<\/span><\/p>\n","protected":false},"excerpt":{"rendered":"<p>El jefe de la Divisi\u00f3n de Extranjer\u00eda de la Polic\u00eda Nacional, Miguel Peric pidi\u00f3 a la modelo venezolana Korina Rivadeneira que se ponga a derecho y cumpla el mandato de la autoridad competente, sobre su salida del pa\u00eds. Lima, 04 Julio 2017, (ANDINA).&#8211; El jefe de la Divisi\u00f3n de Extranjer\u00eda de la Polic\u00eda Nacional, Miguel [&hellip;]<\/p>\n","protected":false},"author":1,"featured_media":12560,"comment_status":"open","ping_status":"open","sticky":false,"template":"","format":"standard","meta":{"rop_custom_images_group":[],"rop_custom_messages_group":[],"rop_publish_now":"initial","rop_publish_now_accounts":[],"rop_publish_now_history":[],"rop_publish_now_status":"pending","footnotes":""},"categories":[70],"tags":[258,569],"class_list":["post-12559","post","type-post","status-publish","format-standard","has-post-thumbnail","hentry","category-farandula","tag-korina-rivadeneira","tag-migraciones"],"_links":{"self":[{"href":"https:\/\/elinformanteperu.com\/index.php\/wp-json\/wp\/v2\/posts\/12559","targetHints":{"allow":["GET"]}}],"collection":[{"href":"https:\/\/elinformanteperu.com\/index.php\/wp-json\/wp\/v2\/posts"}],"about":[{"href":"https:\/\/elinformanteperu.com\/index.php\/wp-json\/wp\/v2\/types\/post"}],"author":[{"embeddable":true,"href":"https:\/\/elinformanteperu.com\/index.php\/wp-json\/wp\/v2\/users\/1"}],"replies":[{"embeddable":true,"href":"https:\/\/elinformanteperu.com\/index.php\/wp-json\/wp\/v2\/comments?post=12559"}],"version-history":[{"count":2,"href":"https:\/\/elinformanteperu.com\/index.php\/wp-json\/wp\/v2\/posts\/12559\/revisions"}],"predecessor-version":[{"id":12562,"href":"https:\/\/elinformanteperu.com\/index.php\/wp-json\/wp\/v2\/posts\/12559\/revisions\/12562"}],"wp:featuredmedia":[{"embeddable":true,"href":"https:\/\/elinformanteperu.com\/index.php\/wp-json\/wp\/v2\/media\/12560"}],"wp:attachment":[{"href":"https:\/\/elinformanteperu.com\/index.php\/wp-json\/wp\/v2\/media?parent=12559"}],"wp:term":[{"taxonomy":"category","embeddable":true,"href":"https:\/\/elinformanteperu.com\/index.php\/wp-json\/wp\/v2\/categories?post=12559"},{"taxonomy":"post_tag","embeddable":true,"href":"https:\/\/elinformanteperu.com\/index.php\/wp-json\/wp\/v2\/tags?post=12559"}],"curies":[{"name":"wp","href":"https:\/\/api.w.org\/{rel}","templated":true}]}}