{"id":125567,"date":"2024-10-04T00:58:16","date_gmt":"2024-10-04T05:58:16","guid":{"rendered":"https:\/\/elinformanteperu.com\/?p=125567"},"modified":"2024-10-04T00:58:16","modified_gmt":"2024-10-04T05:58:16","slug":"fiscalia-incauta-propiedades-vinculadas-a-investigacion-contra-susana-villaran","status":"publish","type":"post","link":"https:\/\/elinformanteperu.com\/index.php\/2024\/10\/04\/fiscalia-incauta-propiedades-vinculadas-a-investigacion-contra-susana-villaran\/","title":{"rendered":"Fiscal\u00eda incauta propiedades vinculadas a investigaci\u00f3n contra Susana Villar\u00e1n"},"content":{"rendered":"<p><strong><span style=\"color: #000000;\">Diligencia con fines de extinci\u00f3n de dominio se realiz\u00f3 en la sede del Pronabi<\/span><\/strong><\/p>\n<p><span style=\"color: #000000;\"><strong>Lima, 03 Octubre 2024, (ANDINA).-<\/strong> La Sexta Fiscal\u00eda Provincial Transitoria de Extinci\u00f3n de Dominio de Lima, con el apoyo de la Procuradur\u00eda P\u00fablica Especializada de Extinci\u00f3n de Dominio, ejecut\u00f3 la incautaci\u00f3n, con fines del proceso de extinci\u00f3n de dominio, de una oficina y un estacionamiento doble, ubicados en la urbanizaci\u00f3n Chacarilla del Estanque, distrito de Santiago de Surco.<\/span><\/p>\n<p><span style=\"color: #000000;\">Dichos bienes inmuebles fueron adquiridos por la empresa Constructora, Consultora y Servicios Generales Generaci\u00f3n S.A.C., de propiedad de C\u00e9sar Sim\u00f3n Meiggs Rojas, la cual fue utilizada para recibir activos maculados.<\/span><\/p>\n<p><span style=\"color: #000000;\">Las propiedades, valorizadas en S\/ 907 984, estar\u00edan a nombre de Janet Marlene Alva Cornejo y ser\u00edan producto de la actividad il\u00edcita vinculada al delito contra la administraci\u00f3n p\u00fablica.<\/span><\/p>\n<p><span style=\"color: #000000;\">Seg\u00fan la indagaci\u00f3n patrimonial, estos bienes habr\u00edan sido adquiridos con fondos il\u00edcitos derivados del pacto il\u00edcito entre Susana Villar\u00e1n de la Puente, como alcaldesa de la Municipalidad Metropolitana de Lima (2011-2014), y las empresas OAS y Odebrecht con la finalidad de favorecerla en el proceso de las elecciones regionales y municipales 2014.<\/span><\/p>\n","protected":false},"excerpt":{"rendered":"<p>Diligencia con fines de extinci\u00f3n de dominio se realiz\u00f3 en la sede del Pronabi Lima, 03 Octubre 2024, (ANDINA).- La Sexta Fiscal\u00eda Provincial Transitoria de Extinci\u00f3n de Dominio de Lima, con el apoyo de la Procuradur\u00eda P\u00fablica Especializada de Extinci\u00f3n de Dominio, ejecut\u00f3 la incautaci\u00f3n, con fines del proceso de extinci\u00f3n de dominio, de una [&hellip;]<\/p>\n","protected":false},"author":1,"featured_media":119786,"comment_status":"closed","ping_status":"closed","sticky":false,"template":"","format":"standard","meta":{"rop_custom_images_group":[],"rop_custom_messages_group":[],"rop_publish_now":"initial","rop_publish_now_accounts":[],"rop_publish_now_history":[],"rop_publish_now_status":"pending","footnotes":""},"categories":[5],"tags":[163,1995,776],"class_list":["post-125567","post","type-post","status-publish","format-standard","has-post-thumbnail","hentry","category-actualidad-informativa","tag-poder-judicial","tag-pronabi","tag-susana-villaran"],"_links":{"self":[{"href":"https:\/\/elinformanteperu.com\/index.php\/wp-json\/wp\/v2\/posts\/125567","targetHints":{"allow":["GET"]}}],"collection":[{"href":"https:\/\/elinformanteperu.com\/index.php\/wp-json\/wp\/v2\/posts"}],"about":[{"href":"https:\/\/elinformanteperu.com\/index.php\/wp-json\/wp\/v2\/types\/post"}],"author":[{"embeddable":true,"href":"https:\/\/elinformanteperu.com\/index.php\/wp-json\/wp\/v2\/users\/1"}],"replies":[{"embeddable":true,"href":"https:\/\/elinformanteperu.com\/index.php\/wp-json\/wp\/v2\/comments?post=125567"}],"version-history":[{"count":1,"href":"https:\/\/elinformanteperu.com\/index.php\/wp-json\/wp\/v2\/posts\/125567\/revisions"}],"predecessor-version":[{"id":125568,"href":"https:\/\/elinformanteperu.com\/index.php\/wp-json\/wp\/v2\/posts\/125567\/revisions\/125568"}],"wp:featuredmedia":[{"embeddable":true,"href":"https:\/\/elinformanteperu.com\/index.php\/wp-json\/wp\/v2\/media\/119786"}],"wp:attachment":[{"href":"https:\/\/elinformanteperu.com\/index.php\/wp-json\/wp\/v2\/media?parent=125567"}],"wp:term":[{"taxonomy":"category","embeddable":true,"href":"https:\/\/elinformanteperu.com\/index.php\/wp-json\/wp\/v2\/categories?post=125567"},{"taxonomy":"post_tag","embeddable":true,"href":"https:\/\/elinformanteperu.com\/index.php\/wp-json\/wp\/v2\/tags?post=125567"}],"curies":[{"name":"wp","href":"https:\/\/api.w.org\/{rel}","templated":true}]}}