{"id":125539,"date":"2024-10-04T00:20:19","date_gmt":"2024-10-04T05:20:19","guid":{"rendered":"https:\/\/elinformanteperu.com\/?p=125539"},"modified":"2024-10-04T00:20:19","modified_gmt":"2024-10-04T05:20:19","slug":"cajamarca-abren-proceso-sancionador-a-poblador-que-causo-incendio-forestal-en-san-ignacio","status":"publish","type":"post","link":"https:\/\/elinformanteperu.com\/index.php\/2024\/10\/04\/cajamarca-abren-proceso-sancionador-a-poblador-que-causo-incendio-forestal-en-san-ignacio\/","title":{"rendered":"Cajamarca: abren proceso sancionador a poblador que caus\u00f3 incendio forestal en San Ignacio"},"content":{"rendered":"<p><strong><span style=\"color: #000000;\">Implicado indic\u00f3 que realizaba trabajos de limpieza para ampliar su \u00e1rea de cultivo, inform\u00f3 el Serfor<\/span><\/strong><\/p>\n<p><span style=\"color: #000000;\"><strong>Cajamarca, 03 Octubre 2024, (ANDINA).-<\/strong> La Administraci\u00f3n T\u00e9cnica Forestal y de Fauna Silvestre (ATFF) Cajamarca del Servicio Nacional Forestal y de Fauna Silvestre (Serfor) inici\u00f3 un proceso administrativo sancionador (PAS) contra un poblador que admiti\u00f3 haber provocado un incendio forestal en la provincia de San Ignacio, regi\u00f3n Cajamarca.<\/span><\/p>\n<p><span style=\"color: #000000;\">El proceso administrativo sancionador es por causar graves da\u00f1os al patrimonio forestal y fauna silvestre, precis\u00f3.<\/span><\/p>\n<p><span style=\"color: #000000;\">Personal del Serfor intervino, junto a autoridades policiales, a una persona que provoc\u00f3 un incendio forestal en el caser\u00edo Nuevo San Jos\u00e9 \u2013 Tabaconas. El intervenido manifest\u00f3 que hac\u00eda trabajos de limpieza; por ello, quemaba malezas y desperdicios con el objetivo de ampliar su chacra de cultivo, lo que provoc\u00f3 un incendio forestal que afect\u00f3 gran parte del bosque natural de la zona.<\/span><\/p>\n<p><span style=\"color: #000000;\">Sostuvo que el caso ser\u00e1 puesto en conocimiento de la Fiscal\u00eda Especializada en Materia Ambiental (FEMA) para las denuncias correspondientes.<\/span><\/p>\n<p><a href=\"https:\/\/elinformanteperu.com\/wp-content\/uploads\/2024\/09\/incendios-forestales-ucayali.jpg\"><img fetchpriority=\"high\" decoding=\"async\" class=\"size-large wp-image-125232 aligncenter\" src=\"https:\/\/elinformanteperu.com\/wp-content\/uploads\/2024\/09\/incendios-forestales-ucayali-1024x683.jpg\" alt=\"\" width=\"615\" height=\"410\" srcset=\"https:\/\/elinformanteperu.com\/wp-content\/uploads\/2024\/09\/incendios-forestales-ucayali-1024x683.jpg 1024w, https:\/\/elinformanteperu.com\/wp-content\/uploads\/2024\/09\/incendios-forestales-ucayali-300x200.jpg 300w, https:\/\/elinformanteperu.com\/wp-content\/uploads\/2024\/09\/incendios-forestales-ucayali-768x512.jpg 768w, https:\/\/elinformanteperu.com\/wp-content\/uploads\/2024\/09\/incendios-forestales-ucayali-1536x1025.jpg 1536w, https:\/\/elinformanteperu.com\/wp-content\/uploads\/2024\/09\/incendios-forestales-ucayali.jpg 1800w\" sizes=\"(max-width: 615px) 100vw, 615px\" \/><\/a><\/p>\n","protected":false},"excerpt":{"rendered":"<p>Implicado indic\u00f3 que realizaba trabajos de limpieza para ampliar su \u00e1rea de cultivo, inform\u00f3 el Serfor Cajamarca, 03 Octubre 2024, (ANDINA).- La Administraci\u00f3n T\u00e9cnica Forestal y de Fauna Silvestre (ATFF) Cajamarca del Servicio Nacional Forestal y de Fauna Silvestre (Serfor) inici\u00f3 un proceso administrativo sancionador (PAS) contra un poblador que admiti\u00f3 haber provocado un incendio [&hellip;]<\/p>\n","protected":false},"author":1,"featured_media":125540,"comment_status":"closed","ping_status":"closed","sticky":false,"template":"","format":"standard","meta":{"rop_custom_images_group":[],"rop_custom_messages_group":[],"rop_publish_now":"initial","rop_publish_now_accounts":[],"rop_publish_now_history":[],"rop_publish_now_status":"pending","footnotes":""},"categories":[10],"tags":[7699,279],"class_list":["post-125539","post","type-post","status-publish","format-standard","has-post-thumbnail","hentry","category-actualidad-municipal","tag-incendios-forestales","tag-serfor"],"_links":{"self":[{"href":"https:\/\/elinformanteperu.com\/index.php\/wp-json\/wp\/v2\/posts\/125539","targetHints":{"allow":["GET"]}}],"collection":[{"href":"https:\/\/elinformanteperu.com\/index.php\/wp-json\/wp\/v2\/posts"}],"about":[{"href":"https:\/\/elinformanteperu.com\/index.php\/wp-json\/wp\/v2\/types\/post"}],"author":[{"embeddable":true,"href":"https:\/\/elinformanteperu.com\/index.php\/wp-json\/wp\/v2\/users\/1"}],"replies":[{"embeddable":true,"href":"https:\/\/elinformanteperu.com\/index.php\/wp-json\/wp\/v2\/comments?post=125539"}],"version-history":[{"count":1,"href":"https:\/\/elinformanteperu.com\/index.php\/wp-json\/wp\/v2\/posts\/125539\/revisions"}],"predecessor-version":[{"id":125541,"href":"https:\/\/elinformanteperu.com\/index.php\/wp-json\/wp\/v2\/posts\/125539\/revisions\/125541"}],"wp:featuredmedia":[{"embeddable":true,"href":"https:\/\/elinformanteperu.com\/index.php\/wp-json\/wp\/v2\/media\/125540"}],"wp:attachment":[{"href":"https:\/\/elinformanteperu.com\/index.php\/wp-json\/wp\/v2\/media?parent=125539"}],"wp:term":[{"taxonomy":"category","embeddable":true,"href":"https:\/\/elinformanteperu.com\/index.php\/wp-json\/wp\/v2\/categories?post=125539"},{"taxonomy":"post_tag","embeddable":true,"href":"https:\/\/elinformanteperu.com\/index.php\/wp-json\/wp\/v2\/tags?post=125539"}],"curies":[{"name":"wp","href":"https:\/\/api.w.org\/{rel}","templated":true}]}}