{"id":125520,"date":"2024-10-03T23:55:13","date_gmt":"2024-10-04T04:55:13","guid":{"rendered":"https:\/\/elinformanteperu.com\/?p=125520"},"modified":"2024-10-03T23:55:13","modified_gmt":"2024-10-04T04:55:13","slug":"eliminatorias-asi-afrontara-la-seleccion-peruana-la-jornada-doble-de-octubre","status":"publish","type":"post","link":"https:\/\/elinformanteperu.com\/index.php\/2024\/10\/03\/eliminatorias-asi-afrontara-la-seleccion-peruana-la-jornada-doble-de-octubre\/","title":{"rendered":"Eliminatorias: As\u00ed afrontar\u00e1 la selecci\u00f3n peruana la jornada doble de octubre"},"content":{"rendered":"<p><strong><span style=\"color: #000000;\">La escuadra nacional enfrentar\u00e1 a Uruguay y Brasil, rivales al que les debe &#8216;robar&#8217; \u00b4puntos para salir del s\u00f3tano<\/span><\/strong><\/p>\n<p><span style=\"color: #000000;\"><strong>Lima, 03 Octubre 2024, (ANDINA).-<\/strong> Las eliminatorias sudamericanas del Mundial de 2026 regresan este jueves 10 de octubre y alcanzar\u00e1n 5 d\u00edas despu\u00e9s su d\u00e9cima jornada, la pen\u00faltima programada en 2024, a\u00f1o que ha resultado turbulento para las selecciones de Per\u00fa, Chile, Bolivia, Paraguay, Ecuador y Brasil, por sorprendente que parezca.<\/span><\/p>\n<p><strong><span style=\"color: #000000;\">Argentina sin &#8216;Dibu&#8217; Mart\u00ednez<\/span><\/strong><\/p>\n<p><span style=\"color: #000000;\">Con \u00c1ngel Di Mar\u00eda ya en el pasado y Lionel Messi de regreso, la Albiceleste parece en condiciones de volver a formar con Lautaro Mart\u00ednez y Juli\u00e1n \u00c1lvarez juntos en el esquema ofensivo &#8216;referencia de \u00e1rea&#8217; para el primer 9, y &#8216;segunda punta&#8217; para el segundo.<\/span><\/p>\n<p><span style=\"color: #000000;\">Pero si Lionel Scaloni opta por elegir una opci\u00f3n y reservar la otra en el banquillo, todo indica que el presente de &#8216;la Ara\u00f1a&#8217; Mart\u00ednez con Atl\u00e9tico de Madrid es mejor que el del &#8216;Toro&#8217; Mart\u00ednez con el Inter de Mil\u00e1n.<\/span><\/p>\n<p><span style=\"color: #000000;\">Confirmada s\u00ed ser\u00e1 el relevo en la porter\u00eda, al menos por los partidos contra Venezuela y Bolivia, los d\u00edas 10 y 15, por la sanci\u00f3n de dos jornadas impuesta por la FIFA a Emiliano &#8216;Dibu&#8217; Mart\u00ednez por su agresi\u00f3n a un c\u00e1mara de televisi\u00f3n colombiano en Barranquilla.<\/span><\/p>\n<p><span style=\"color: #000000;\">Franco Armani, Ger\u00f3nimo Rulli y Walter Ben\u00edtez son las opciones.<\/span><\/p>\n<p><strong><span style=\"color: #000000;\">Bolivia: \u00abAhogar a los rivales\u00bb, la consigna<\/span><\/strong><\/p>\n<p><span style=\"color: #000000;\">Despu\u00e9s de la goleada por 4-0 a Venezuela en el debut de la Verde en su nueva casa, el estadio de Villa Ingenio, en el municipio de El Alto, situado a 4.090 metros sobre el nivel del mar, la selecci\u00f3n de Colombia es esperada como la pr\u00f3xima v\u00edctima.<\/span><\/p>\n<p><span style=\"color: #000000;\">La Verde de Oscar Villegas abandon\u00f3 el estadio Hernando Siles, de La Paz, situado a 3.600 metros y redobl\u00f3 su apuesta con un claro objetivo, seg\u00fan admiti\u00f3 el martes el presidente de la Federaci\u00f3n Boliviana, Fernando Costa: \u00abTenemos que ahogar a los rivales\u00bb.<\/span><\/p>\n<p><span style=\"color: #000000;\">Las intenciones, no obstante, pueden encontrar un obst\u00e1culo, pues al menos tres de las nuevas figuras de la selecci\u00f3n se perder\u00e1n por lesi\u00f3n los partidos contra Colombia y Argentina: los defensores Pablo Vaca y Yomar Rocha, as\u00ed como el centrocampista Ervin Vaca.<\/span><\/p>\n<p><a href=\"https:\/\/elinformanteperu.com\/wp-content\/uploads\/2024\/10\/eliminatorias-fecha-9-fixture.jpg\"><img fetchpriority=\"high\" decoding=\"async\" class=\" wp-image-125522 aligncenter\" src=\"https:\/\/elinformanteperu.com\/wp-content\/uploads\/2024\/10\/eliminatorias-fecha-9-fixture.jpg\" alt=\"\" width=\"401\" height=\"401\" srcset=\"https:\/\/elinformanteperu.com\/wp-content\/uploads\/2024\/10\/eliminatorias-fecha-9-fixture.jpg 500w, https:\/\/elinformanteperu.com\/wp-content\/uploads\/2024\/10\/eliminatorias-fecha-9-fixture-300x300.jpg 300w, https:\/\/elinformanteperu.com\/wp-content\/uploads\/2024\/10\/eliminatorias-fecha-9-fixture-150x150.jpg 150w, https:\/\/elinformanteperu.com\/wp-content\/uploads\/2024\/10\/eliminatorias-fecha-9-fixture-60x60.jpg 60w, https:\/\/elinformanteperu.com\/wp-content\/uploads\/2024\/10\/eliminatorias-fecha-9-fixture-50x50.jpg 50w\" sizes=\"(max-width: 401px) 100vw, 401px\" \/><\/a><strong><span style=\"color: #000000;\">Brasil: A la espera de que \u00abtodo florezca\u00bb<\/span><\/strong><\/p>\n<p><span style=\"color: #000000;\">Dorival Junior se esmera en mostrar el lado optimista a pesar de las grietas que muestra la Canarinha, y aunque las cr\u00edticas han reca\u00eddo sobre las figuras m\u00e1s medi\u00e1ticas, como Vinicius, ha insistido en que \u00ablas responsabilidades son divididas\u00bb, y que \u00abning\u00fan jugador\u00bb puede ser se\u00f1alado como el culpable.<\/span><\/p>\n<p><span style=\"color: #000000;\">\u00abTenemos tranquilidad para aguardar el momento en el que todo florezca\u00bb declar\u00f3 el seleccionador.<\/span><\/p>\n<p><span style=\"color: #000000;\">Para visitar a la selecci\u00f3n de Chile y recibir a la de Per\u00fa, el t\u00e9cnico sorprendi\u00f3 con el llamado a un jugador que destaca en las filas de Botafogo, l\u00edder del &#8216;Brasileirao&#8217; y semifinalista de la Copa Libertadores, Igor Jes\u00fas.<\/span><\/p>\n<p><strong><span style=\"color: #000000;\">Chile: Implosi\u00f3n total<\/span><\/strong><\/p>\n<p><span style=\"color: #000000;\">El entrenador argentino Ricardo Gareca neg\u00f3 a comienzos de la semana que tenga algo personal contra Arturo Vidal y sin dar m\u00e1s detalles revel\u00f3 que a su llegada a Chile recibi\u00f3 el portazo de algunos jugadores que pretend\u00eda convocar, quiz\u00e1 para significar las dificultades para lidiar con una selecci\u00f3n que es pen\u00faltima.<\/span><\/p>\n<p><span style=\"color: #000000;\">Menos comedidas resultaron el martes las declaraciones de &#8216;el Rey&#8217; Arturo Vidal al conocer que ni \u00e9l ni otros de los jugadores que formaron la &#8216;Generaci\u00f3n Dorada&#8217; no estaban en la lista para los partidos contra Brasil y Colombia.<\/span><\/p>\n<p><span style=\"color: #000000;\">\u00abLa selecci\u00f3n nos necesita. Debemos enfrentar a Brasil con jugadores grandes\u00bb, manifest\u00f3 el jugador de 37 a\u00f1os.<\/span><\/p>\n<p><strong><span style=\"color: #000000;\">Colombia: Invicto en juego<\/span><\/strong><\/p>\n<p><span style=\"color: #000000;\">La formaci\u00f3n dirigida por el argentino N\u00e9stor Lorenzo es la \u00fanica que no ha perdido en la liguilla, y la primera escolta de Argentina, a 2 puntos de los 16 del l\u00edder.<\/span><\/p>\n<p><span style=\"color: #000000;\">No obstante, tiene que someterse al rigor brutal de jugar con escaso ox\u00edgeno en El Alto y luego bajar al nivel del mar para recibir en la caribe\u00f1a Barranquilla a una selecci\u00f3n chilena que no se puede permitir perder m\u00e1s.<\/span><\/p>\n<p><span style=\"color: #000000;\">Lorenzo corre en los d\u00edas previos para recomponer las fichas de su esquema ante las bajas por lesi\u00f3n de los centrales Yerson Mosquera y Carlos Cuesta y el delantero Rafael Borr\u00e9.<\/span><\/p>\n<p><strong><span style=\"color: #000000;\">Ecuador aspira a escalar<\/span><\/strong><\/p>\n<p><span style=\"color: #000000;\">El 4 de octubre es el D\u00eda D en Ecuador, la fecha en que Sebasti\u00e1n Beccacece debe anunciar a sus convocados para recibir a Paraguay y visitar a Uruguay. Pero un nombre es el que m\u00e1s morbo provoca la noticia. \u00bfEstar\u00e1 Leonardo Campana?<\/span><\/p>\n<p><span style=\"color: #000000;\">El ex de Wolverhampton Wanderers y actual socio de Lionel Messi en Inter Miami parece tener en sus botas los goles que necesita la Tri. Pero conjeturas de la prensa sugieren que a Campana no lo quieren en el vestuario y exjugadores como Franklin Salas aseguran que el guayaquile\u00f1o de 24 a\u00f1os est\u00e1 muy c\u00f3modo en el Hollywood del f\u00fatbol.<\/span><\/p>\n<p><span style=\"color: #000000;\">Campana dej\u00f3 la pelota en el campo de Beccacece, si es que lo quiere, y respondi\u00f3 con igual rudeza a sus detractores: \u00abla realidad es que he tenido que romperme el culo para ganarme un puesto\u00bb.<\/span><\/p>\n<p><strong><span style=\"color: #000000;\">Paraguay: \u00abGanar es una obligaci\u00f3n\u00bb<\/span><\/strong><\/p>\n<p><span style=\"color: #000000;\">Si se quiere seguir con opciones para clasificar al Mundial 2026 de Estados Unidos, Canad\u00e1 y M\u00e9xico, hay que ganar a Ecuador en Quito y a Venezuela en Asunci\u00f3n.<\/span><\/p>\n<p><span style=\"color: #000000;\">En esos t\u00e9rminos plante\u00f3 a Paraguay sus pr\u00f3ximos desaf\u00edos el seleccionador Gustavo Alfaro, quien sorprendi\u00f3 al incluir en su lista de 27 convocados al lateral argentino nacionalizado Agust\u00edn S\u00e1ndez, quien milita en Rosario Central.<\/span><\/p>\n<p><span style=\"color: #000000;\">Para enfrentar a Ecuador, pa\u00eds que el argentino llev\u00f3 al Mundial de Catar, no contar\u00e1 con dos referentes: el defensor Junior Alonso y el centrocampista Diego G\u00f3mez, pero tendr\u00e1 una l\u00ednea ofensiva reforzada con \u00c1ngel Romero, goleador de Corinthians, y el punta de Bol\u00edvar Alfio Oviedo, acostumbrado a jugar en la altitud boliviana.<\/span><\/p>\n<p><a href=\"https:\/\/elinformanteperu.com\/wp-content\/uploads\/2024\/10\/eliminatorias-fecha-10-fixture.jpg\"><img decoding=\"async\" class=\" wp-image-125523 aligncenter\" src=\"https:\/\/elinformanteperu.com\/wp-content\/uploads\/2024\/10\/eliminatorias-fecha-10-fixture.jpg\" alt=\"\" width=\"362\" height=\"362\" srcset=\"https:\/\/elinformanteperu.com\/wp-content\/uploads\/2024\/10\/eliminatorias-fecha-10-fixture.jpg 500w, https:\/\/elinformanteperu.com\/wp-content\/uploads\/2024\/10\/eliminatorias-fecha-10-fixture-300x300.jpg 300w, https:\/\/elinformanteperu.com\/wp-content\/uploads\/2024\/10\/eliminatorias-fecha-10-fixture-150x150.jpg 150w, https:\/\/elinformanteperu.com\/wp-content\/uploads\/2024\/10\/eliminatorias-fecha-10-fixture-60x60.jpg 60w, https:\/\/elinformanteperu.com\/wp-content\/uploads\/2024\/10\/eliminatorias-fecha-10-fixture-50x50.jpg 50w\" sizes=\"(max-width: 362px) 100vw, 362px\" \/><\/a><strong><span style=\"color: #000000;\">Per\u00fa: La vida sin Guerrero, Carrillo ni Cueva<\/span><\/strong><\/p>\n<p><span style=\"color: #000000;\">Uruguay y Brasil, los pr\u00f3ximos escollos de la selecci\u00f3n peruana, que es colista de las eliminatorias sudamericanas, pondr\u00e1n a prueba los planes de renovaci\u00f3n del entrenador uruguayo Jorge Fossati.<\/span><\/p>\n<p><span style=\"color: #000000;\">El delantero Paolo Guerrero, m\u00e1ximo goleador en la historia de la Bicolor, el mediapunta Andr\u00e9 Carrillo y el creativo Christian Cueva quedaron por fuera de la lista de convocados.<\/span><\/p>\n<p><span style=\"color: #000000;\">Guerrero no ha podido levantar vuelo desde su llegada a comienzos de septiembre al Alianza Lima, Cueva suma pocos minutos con Cienciano y Carrillo ha comenzado una aventura con Corinthians, en horas bajas en el Campeonato Brasile\u00f1o.<\/span><\/p>\n<p><span style=\"color: #000000;\">Los cierto es que el combinado Rojiblanco se encuentra en la obligaci\u00f3n de sumar su primer triunfo en esta jornada doble y &#8216;robar&#8217; puntos de visita para intentar salir del \u00faltimo lugar antes de culminar el 2024.<\/span><\/p>\n<p><strong><span style=\"color: #000000;\">Uruguay: El laboratorio de Bielsa no cierra<\/span><\/strong><\/p>\n<p><span style=\"color: #000000;\">Con Per\u00fa y Ecuador en el horizonte, el seleccionador Marcelo Bielsa ha sorprendido con el llamado al delantero de 18 a\u00f1os Pablo Marcelo Su\u00e1rez, quien ha comenzado a despuntar en Montevideo Wanderers.<\/span><\/p>\n<p><span style=\"color: #000000;\">Quiz\u00e1 no juegue en Lima ni Montevideo, acaso porque apenas ha debutado con su equipo, pero se abre la renovaci\u00f3n en un a\u00f1o que ha despedido al m\u00e1ximo anotador Luis Su\u00e1rez y a su socio Edinson Cavani.<\/span><\/p>\n<p><span style=\"color: #000000;\">La Celeste, diezmada por las sanciones a jugadores desde la pasada Copa Am\u00e9rica, comienza a recomponerse con el regreso de Ronald Araujo, Jos\u00e9 Mar\u00eda Gim\u00e9nez y Math\u00edas Olivera, pero sigue lamentando las ausencias de dos estandartes en el ataque, como Rodrigo Bentancur y el delantero Darwin N\u00fa\u00f1ez.<\/span><\/p>\n<p><strong><span style=\"color: #000000;\">Venezuela: Batista re\u00fane fuerza m\u00e1xima<\/span><\/strong><\/p>\n<p><span style=\"color: #000000;\">Tras resultar avasallado en la visita a Bolivia y ceder en casa un empate sin goles a Uruguay, el seleccionador Fernando Batista convoc\u00f3 el martes a un grupo inusual de 40 jugadores para afrontar los partidos contra Argentina y Paraguay, el 10 y 15 de octubre.<\/span><\/p>\n<p><span style=\"color: #000000;\">En el amplio espectro permanecen las figuras habituales a partir del m\u00e1ximo goleador en la historia de la Vinotinto, el delantero del Pachuca Salom\u00f3n Rond\u00f3n.<\/span><\/p>\n<p><span style=\"color: #000000;\">Con \u00e9l estar\u00e1n Tom\u00e1s Rinc\u00f3n, Darwin Mach\u00eds, Yeferson Soteldo, Jefferson Savarino, Rafael Romo, Jon Aramburu y Yordan Osorio. Adem\u00e1s, Batista cit\u00f3 a Yangel Herrera, quien fue baja en la jornada anterior por un desgarro fibrilar en la pierna izquierda.<\/span><\/p>\n<p><a href=\"https:\/\/elinformanteperu.com\/wp-content\/uploads\/2024\/10\/eliminatorias-tabla.jpg\"><img decoding=\"async\" class=\" wp-image-125524 aligncenter\" src=\"https:\/\/elinformanteperu.com\/wp-content\/uploads\/2024\/10\/eliminatorias-tabla.jpg\" alt=\"\" width=\"359\" height=\"449\" srcset=\"https:\/\/elinformanteperu.com\/wp-content\/uploads\/2024\/10\/eliminatorias-tabla.jpg 400w, https:\/\/elinformanteperu.com\/wp-content\/uploads\/2024\/10\/eliminatorias-tabla-240x300.jpg 240w\" sizes=\"(max-width: 359px) 100vw, 359px\" \/><\/a><\/p>\n","protected":false},"excerpt":{"rendered":"<p>La escuadra nacional enfrentar\u00e1 a Uruguay y Brasil, rivales al que les debe &#8216;robar&#8217; \u00b4puntos para salir del s\u00f3tano Lima, 03 Octubre 2024, (ANDINA).- Las eliminatorias sudamericanas del Mundial de 2026 regresan este jueves 10 de octubre y alcanzar\u00e1n 5 d\u00edas despu\u00e9s su d\u00e9cima jornada, la pen\u00faltima programada en 2024, a\u00f1o que ha resultado turbulento [&hellip;]<\/p>\n","protected":false},"author":1,"featured_media":125521,"comment_status":"closed","ping_status":"closed","sticky":false,"template":"","format":"standard","meta":{"rop_custom_images_group":[],"rop_custom_messages_group":[],"rop_publish_now":"initial","rop_publish_now_accounts":[],"rop_publish_now_history":[],"rop_publish_now_status":"pending","footnotes":""},"categories":[8],"tags":[7282],"class_list":["post-125520","post","type-post","status-publish","format-standard","has-post-thumbnail","hentry","category-disciplinas-deportivas","tag-eliminatorias-2026"],"_links":{"self":[{"href":"https:\/\/elinformanteperu.com\/index.php\/wp-json\/wp\/v2\/posts\/125520","targetHints":{"allow":["GET"]}}],"collection":[{"href":"https:\/\/elinformanteperu.com\/index.php\/wp-json\/wp\/v2\/posts"}],"about":[{"href":"https:\/\/elinformanteperu.com\/index.php\/wp-json\/wp\/v2\/types\/post"}],"author":[{"embeddable":true,"href":"https:\/\/elinformanteperu.com\/index.php\/wp-json\/wp\/v2\/users\/1"}],"replies":[{"embeddable":true,"href":"https:\/\/elinformanteperu.com\/index.php\/wp-json\/wp\/v2\/comments?post=125520"}],"version-history":[{"count":1,"href":"https:\/\/elinformanteperu.com\/index.php\/wp-json\/wp\/v2\/posts\/125520\/revisions"}],"predecessor-version":[{"id":125525,"href":"https:\/\/elinformanteperu.com\/index.php\/wp-json\/wp\/v2\/posts\/125520\/revisions\/125525"}],"wp:featuredmedia":[{"embeddable":true,"href":"https:\/\/elinformanteperu.com\/index.php\/wp-json\/wp\/v2\/media\/125521"}],"wp:attachment":[{"href":"https:\/\/elinformanteperu.com\/index.php\/wp-json\/wp\/v2\/media?parent=125520"}],"wp:term":[{"taxonomy":"category","embeddable":true,"href":"https:\/\/elinformanteperu.com\/index.php\/wp-json\/wp\/v2\/categories?post=125520"},{"taxonomy":"post_tag","embeddable":true,"href":"https:\/\/elinformanteperu.com\/index.php\/wp-json\/wp\/v2\/tags?post=125520"}],"curies":[{"name":"wp","href":"https:\/\/api.w.org\/{rel}","templated":true}]}}