{"id":125388,"date":"2024-10-01T23:57:06","date_gmt":"2024-10-02T04:57:06","guid":{"rendered":"https:\/\/elinformanteperu.com\/?p=125388"},"modified":"2024-10-01T23:57:06","modified_gmt":"2024-10-02T04:57:06","slug":"judokas-peruanos-participaran-en-el-mundial-junior-en-tayikistan","status":"publish","type":"post","link":"https:\/\/elinformanteperu.com\/index.php\/2024\/10\/01\/judokas-peruanos-participaran-en-el-mundial-junior-en-tayikistan\/","title":{"rendered":"Judokas peruanos participar\u00e1n en el Mundial Junior en Tayikist\u00e1n"},"content":{"rendered":"<p><strong><span style=\"color: #000000;\">Driulys Rivas (-52 kg) y Franco Baltazar (-66 kg), ser\u00e1n nuestros representantes en la cita mundialista.<\/span><\/strong><\/p>\n<p><span style=\"color: #000000;\"><strong>Lima, 01 Octubre 2024, (ANDINA).-<\/strong> El judo nacional se har\u00e1 presente en el Mundial Junior, que se disputar\u00e1 en Dusamb\u00e9, Tayikist\u00e1n, del 2 al 5 de octubre. Participar\u00e1n Driulys Rivas (-52 kg) y Franco Baltazar (-66 kg), quienes son integrantes del Programa de Apoyo al Deportista (PAD) del Instituto Peruano del Deporte (IPD).<\/span><\/p>\n<p><span style=\"color: #000000;\">En el primer d\u00eda de competencias, este mi\u00e9rcoles 2, Rivas se enfrentar\u00e1 a Kinga Klimczak de Polonia en su primera pelea en la divisi\u00f3n -52 kg, mientras que Baltazar combatir\u00e1 contra German Kobets de Austria, en los -66 kg. Ambos estar\u00e1n acompa\u00f1ados por el entrenador nacional Jes\u00fas Gavidia.<\/span><\/p>\n<p><span style=\"color: #000000;\">De ganar en sus debuts, los peruanos seguir\u00e1n avanzando en la ronda preliminar hasta las disputas por medallas.<\/span><\/p>\n<p><span style=\"color: #000000;\">El Mundial Junior es para menores de 21 a\u00f1os, y en la presente edici\u00f3n competir\u00e1n m\u00e1s de 500 judokas de 67 pa\u00edses.<\/span><\/p>\n<p><span style=\"color: #000000;\">Nuestros compatriotas vienen con una carrera en ascenso. En el Sudamericano Junior, que se realiz\u00f3 en Paraguay, el 14 y 15 de setiembre, Baltazar gan\u00f3 medalla de plata, mientras que Rivas se qued\u00f3 con la de bronce.<\/span><\/p>\n<p><span style=\"color: #000000;\">Adem\u00e1s, en el Open Panamericano, realizado en el Polideportivo 1 de la Videna, en junio, ambos ganaron preseas de plata.<\/span><\/p>\n<p><a href=\"https:\/\/elinformanteperu.com\/wp-content\/uploads\/2022\/09\/judo1.jpg\"><img fetchpriority=\"high\" decoding=\"async\" class=\"size-large wp-image-116401 aligncenter\" src=\"https:\/\/elinformanteperu.com\/wp-content\/uploads\/2022\/09\/judo1-1024x745.jpg\" alt=\"\" width=\"615\" height=\"447\" srcset=\"https:\/\/elinformanteperu.com\/wp-content\/uploads\/2022\/09\/judo1-1024x745.jpg 1024w, https:\/\/elinformanteperu.com\/wp-content\/uploads\/2022\/09\/judo1-300x218.jpg 300w, https:\/\/elinformanteperu.com\/wp-content\/uploads\/2022\/09\/judo1-768x559.jpg 768w, https:\/\/elinformanteperu.com\/wp-content\/uploads\/2022\/09\/judo1-1536x1117.jpg 1536w, https:\/\/elinformanteperu.com\/wp-content\/uploads\/2022\/09\/judo1.jpg 1800w\" sizes=\"(max-width: 615px) 100vw, 615px\" \/><\/a><\/p>\n","protected":false},"excerpt":{"rendered":"<p>Driulys Rivas (-52 kg) y Franco Baltazar (-66 kg), ser\u00e1n nuestros representantes en la cita mundialista. Lima, 01 Octubre 2024, (ANDINA).- El judo nacional se har\u00e1 presente en el Mundial Junior, que se disputar\u00e1 en Dusamb\u00e9, Tayikist\u00e1n, del 2 al 5 de octubre. Participar\u00e1n Driulys Rivas (-52 kg) y Franco Baltazar (-66 kg), quienes son [&hellip;]<\/p>\n","protected":false},"author":1,"featured_media":125389,"comment_status":"closed","ping_status":"closed","sticky":false,"template":"","format":"standard","meta":{"rop_custom_images_group":[],"rop_custom_messages_group":[],"rop_publish_now":"initial","rop_publish_now_accounts":[],"rop_publish_now_history":[],"rop_publish_now_status":"pending","footnotes":""},"categories":[8],"tags":[417,4745],"class_list":["post-125388","post","type-post","status-publish","format-standard","has-post-thumbnail","hentry","category-disciplinas-deportivas","tag-ipd","tag-judo"],"_links":{"self":[{"href":"https:\/\/elinformanteperu.com\/index.php\/wp-json\/wp\/v2\/posts\/125388","targetHints":{"allow":["GET"]}}],"collection":[{"href":"https:\/\/elinformanteperu.com\/index.php\/wp-json\/wp\/v2\/posts"}],"about":[{"href":"https:\/\/elinformanteperu.com\/index.php\/wp-json\/wp\/v2\/types\/post"}],"author":[{"embeddable":true,"href":"https:\/\/elinformanteperu.com\/index.php\/wp-json\/wp\/v2\/users\/1"}],"replies":[{"embeddable":true,"href":"https:\/\/elinformanteperu.com\/index.php\/wp-json\/wp\/v2\/comments?post=125388"}],"version-history":[{"count":1,"href":"https:\/\/elinformanteperu.com\/index.php\/wp-json\/wp\/v2\/posts\/125388\/revisions"}],"predecessor-version":[{"id":125390,"href":"https:\/\/elinformanteperu.com\/index.php\/wp-json\/wp\/v2\/posts\/125388\/revisions\/125390"}],"wp:featuredmedia":[{"embeddable":true,"href":"https:\/\/elinformanteperu.com\/index.php\/wp-json\/wp\/v2\/media\/125389"}],"wp:attachment":[{"href":"https:\/\/elinformanteperu.com\/index.php\/wp-json\/wp\/v2\/media?parent=125388"}],"wp:term":[{"taxonomy":"category","embeddable":true,"href":"https:\/\/elinformanteperu.com\/index.php\/wp-json\/wp\/v2\/categories?post=125388"},{"taxonomy":"post_tag","embeddable":true,"href":"https:\/\/elinformanteperu.com\/index.php\/wp-json\/wp\/v2\/tags?post=125388"}],"curies":[{"name":"wp","href":"https:\/\/api.w.org\/{rel}","templated":true}]}}