{"id":125241,"date":"2024-09-17T21:54:42","date_gmt":"2024-09-18T02:54:42","guid":{"rendered":"https:\/\/elinformanteperu.com\/?p=125241"},"modified":"2024-09-17T21:54:42","modified_gmt":"2024-09-18T02:54:42","slug":"villa-el-salvador-construiran-20-subcentrales-de-videovigilancia-con-550-camaras","status":"publish","type":"post","link":"https:\/\/elinformanteperu.com\/index.php\/2024\/09\/17\/villa-el-salvador-construiran-20-subcentrales-de-videovigilancia-con-550-camaras\/","title":{"rendered":"Villa El Salvador: construir\u00e1n 20 subcentrales de videovigilancia con 550 c\u00e1maras"},"content":{"rendered":"<p><span style=\"color: #000000;\"><strong>Lima, 17 Setiembre 2024, (ANDINA).-<\/strong> La Municipalidad de Villa El Salvador descentralizar\u00e1 la seguridad ciudadana con la construcci\u00f3n de 20 subcentrales de videovigilancia y la instalaci\u00f3n de m\u00e1s de 550 c\u00e1maras de alta tecnolog\u00eda, inform\u00f3 dicha comuna edilicia.<\/span><\/p>\n<p><span style=\"color: #000000;\">Precis\u00f3 que las 550 c\u00e1maras de reconocimiento de rostro y de placa de veh\u00edculos, adem\u00e1s de 200 botones de p\u00e1nico y 250 meg\u00e1fonos y 97 mil metros de fibra \u00f3ptica, ser\u00e1n distribuidas en los puntos cr\u00edticos del distrito usados por los delincuentes para cometer sus il\u00edcitos.<\/span><\/p>\n<p><span style=\"color: #000000;\">Las 20 subcentrales que son centros de monitoreo y videovigilancia descentralizados, estar\u00e1n interconectadas con la central de monitoreo, optimizando la vigilancia en las diferentes zonas para la prevenci\u00f3n del delito e intervenciones r\u00e1pidas.<\/span><\/p>\n<p><span style=\"color: #000000;\">Avenida Mari\u00e1tegui con Pastor Sevilla, avenida El Sol con avenida Revoluci\u00f3n, avenida Velasco con Solidaridad, avenida C\u00e9sar Vallejo con la avenida Separadora Agro Industrial son algunos puntos donde estar\u00e1n ubicados las subcentrales de videovigilancia.<\/span><\/p>\n<p><span style=\"color: #000000;\">Villa El Salvador indic\u00f3 que, con m\u00e1s de medio mill\u00f3n de habitantes, cuenta con una Central de Monitoreo y Videovigilnacia de 2,400 metros cuadrados con 500 c\u00e1maras, con lo cual se ha bajado el \u00edndice del delito.<\/span><\/p>\n<p><span style=\"color: #000000;\">\u201cSeguiremos fortaleciendo la seguridad ciudadana en el distrito, continuaremos en la lucha frontal contra la delincuencia, en beneficio de nuestros vecinos\u201d, enfatiz\u00f3 Guido I\u00f1igo Peralta, alcalde distrital.<\/span><\/p>\n","protected":false},"excerpt":{"rendered":"<p>Lima, 17 Setiembre 2024, (ANDINA).- La Municipalidad de Villa El Salvador descentralizar\u00e1 la seguridad ciudadana con la construcci\u00f3n de 20 subcentrales de videovigilancia y la instalaci\u00f3n de m\u00e1s de 550 c\u00e1maras de alta tecnolog\u00eda, inform\u00f3 dicha comuna edilicia. Precis\u00f3 que las 550 c\u00e1maras de reconocimiento de rostro y de placa de veh\u00edculos, adem\u00e1s de 200 [&hellip;]<\/p>\n","protected":false},"author":1,"featured_media":125242,"comment_status":"closed","ping_status":"closed","sticky":false,"template":"","format":"standard","meta":{"rop_custom_images_group":[],"rop_custom_messages_group":[],"rop_publish_now":"initial","rop_publish_now_accounts":[],"rop_publish_now_history":[],"rop_publish_now_status":"pending","footnotes":""},"categories":[10],"tags":[3657,1117,4253],"class_list":["post-125241","post","type-post","status-publish","format-standard","has-post-thumbnail","hentry","category-actualidad-municipal","tag-guido-inigo-peralta","tag-municipalidad-de-villa-el-salvador","tag-villa-el-salvador"],"_links":{"self":[{"href":"https:\/\/elinformanteperu.com\/index.php\/wp-json\/wp\/v2\/posts\/125241","targetHints":{"allow":["GET"]}}],"collection":[{"href":"https:\/\/elinformanteperu.com\/index.php\/wp-json\/wp\/v2\/posts"}],"about":[{"href":"https:\/\/elinformanteperu.com\/index.php\/wp-json\/wp\/v2\/types\/post"}],"author":[{"embeddable":true,"href":"https:\/\/elinformanteperu.com\/index.php\/wp-json\/wp\/v2\/users\/1"}],"replies":[{"embeddable":true,"href":"https:\/\/elinformanteperu.com\/index.php\/wp-json\/wp\/v2\/comments?post=125241"}],"version-history":[{"count":1,"href":"https:\/\/elinformanteperu.com\/index.php\/wp-json\/wp\/v2\/posts\/125241\/revisions"}],"predecessor-version":[{"id":125243,"href":"https:\/\/elinformanteperu.com\/index.php\/wp-json\/wp\/v2\/posts\/125241\/revisions\/125243"}],"wp:featuredmedia":[{"embeddable":true,"href":"https:\/\/elinformanteperu.com\/index.php\/wp-json\/wp\/v2\/media\/125242"}],"wp:attachment":[{"href":"https:\/\/elinformanteperu.com\/index.php\/wp-json\/wp\/v2\/media?parent=125241"}],"wp:term":[{"taxonomy":"category","embeddable":true,"href":"https:\/\/elinformanteperu.com\/index.php\/wp-json\/wp\/v2\/categories?post=125241"},{"taxonomy":"post_tag","embeddable":true,"href":"https:\/\/elinformanteperu.com\/index.php\/wp-json\/wp\/v2\/tags?post=125241"}],"curies":[{"name":"wp","href":"https:\/\/api.w.org\/{rel}","templated":true}]}}