{"id":1252,"date":"2016-11-17T23:11:09","date_gmt":"2016-11-18T04:11:09","guid":{"rendered":"http:\/\/elinformanteperu.com\/?p=1252"},"modified":"2016-11-17T23:11:09","modified_gmt":"2016-11-18T04:11:09","slug":"peru-fue-del-cielo-al-suelo-y-vuelve-a-cuidados-intensivos","status":"publish","type":"post","link":"https:\/\/elinformanteperu.com\/index.php\/2016\/11\/17\/peru-fue-del-cielo-al-suelo-y-vuelve-a-cuidados-intensivos\/","title":{"rendered":"Per\u00fa fue del cielo al suelo y vuelve a cuidados intensivos"},"content":{"rendered":"<p style=\"text-align: justify;\"><strong>Luego de la victoria\u00a0ante paraguay, Per\u00fa cay\u00f3 ante Brasil y volvi\u00f3 a preocupar. La prensa lime\u00f1a coment\u00f3 que con esta derrota Per\u00fa complica sus chances para intentar buscar un cupo para el Mundial de Rusia-2018.<\/strong><\/p>\n<p style=\"text-align: justify;\"><strong>Lima, 16 Noviembre 2016, (ANDINA).-<\/strong> Per\u00fa cay\u00f3 de la nube y regreso a cuidados intensivos tras perder 2-0 ante un imparable Brasil, luego de d\u00edas antes haber goleado a Paraguay y so\u00f1ado por un momento en la posibilidad de ir a Rusia 2018.<\/p>\n<p style=\"text-align: justify;\">Urgido de una victoria para meterse en pelea, Per\u00fa busc\u00f3 abatir a la selecci\u00f3n brasile\u00f1a que lleg\u00f3 a Lima con su poderoso tridente ofensivo liderado por Neymar, Coutinho y Gabriel Jes\u00fas, autor del primer tanto del encuentro en estadio Nacional de Lima.<\/p>\n<p style=\"text-align: justify;\">\u00abNos gan\u00f3 un gran equipo que fue m\u00e1s efectivo que nosotros, porque Brasil aparte de jugar bien es muy efectivo\u00bb, dijo el t\u00e9cnico argentino Ricardo Gareca.<\/p>\n<p style=\"text-align: justify;\">A pesar de la derrota, el &#8216;Tigre&#8217; espera que en las pr\u00f3ximas fechas de las clasificatorias ante Venezuela y Uruguay, su equipo se pueda recuperar para intentar llegar a clasificar.<\/p>\n<p style=\"text-align: justify;\"><strong>A\u00fan podemos llegar<\/strong><\/p>\n<p style=\"text-align: justify;\">\u00abLas posibilidades nuestras siguen en pie. Ten\u00edamos otras expectativas para posicionarnos mejor para el a\u00f1o que viene, pero ahora vamos a pensar en los partidos que se vienen donde tenemos que sumar de a tres para llegar\u00bb, agreg\u00f3 el DT.<\/p>\n<p style=\"text-align: justify;\">Con altibajos, la llegada de Gareca en marzo de 2015 puso al pa\u00eds a so\u00f1ar de nuevo. Per\u00fa no va a un Mundial desde Espa\u00f1a 1982. Culminada la duod\u00e9cima fecha, se qued\u00f3 con 14 puntos y se mantiene en octavo lugar, en una tabla que lidera Brasil con 27 unidades.<\/p>\n<p style=\"text-align: justify;\">En la decimotercera fecha, en marzo pr\u00f3ximo, Brasil medir\u00e1 fuerzas con Uruguay en Montevideo, y Per\u00fa visitar\u00e1 a Venezuela. Los incas est\u00e1n a 3 puntos de la zona de repechaje.<\/p>\n<p style=\"text-align: justify;\"><strong>Sepult\u00f3 ilusiones<\/strong><\/p>\n<p style=\"text-align: justify;\">Para el ex futbolista y comentarista de Gol TV, Jos\u00e9 Vel\u00e1squez, la derrota con Brasil sepult\u00f3 las ilusiones de una selecci\u00f3n inca que goleo a Paraguay solo por individualidades de algunos jugadores como Christian Cueva y Paolo Guerrero.<\/p>\n<p style=\"text-align: justify;\">\u00abEn una eliminatoria, si pierdes cinco o seis partidos ya no tienes chance de clasificar ni al quinto lugar\u00bb, dijo a la AFP Vel\u00e1squez al considerar que la tenencia de bal\u00f3n de la selecci\u00f3n auriverde fue determinante para lograr su sexto triunfo al hilo.<\/p>\n<p style=\"text-align: justify;\">\u00abBrasil fue superior en los 90 minutos y esto le bast\u00f3 para ganar a Per\u00fa, que cay\u00f3 en errores defensivos y definici\u00f3n\u00bb, indic\u00f3 el exmundialista en Argentina-1978 y Espa\u00f1a-1982.<\/p>\n<p style=\"text-align: justify;\">El periodista deportivo Daniel Peredo destac\u00f3 la superioridad de Brasil y adem\u00e1s catalog\u00f3 el estudio y el trabajo previo que realiz\u00f3 el t\u00e9cnico Tite de cara su duelo en Lima. \u00abNo ten\u00edamos margen de error. Per\u00fa no sostuvo el ritmo como ante sus adversarios pasados\u00bb, coment\u00f3 Peredo al diario Depor.<\/p>\n<p style=\"text-align: justify;\">La prensa lime\u00f1a coment\u00f3 que con esta derrota Per\u00fa complica sus chances para intentar buscar un cupo para el Mundial de Rusia-2018. \u00abBrasil nos aleja del sue\u00f1o mundialista\u00bb, t\u00edtulo en portada el diario Correo colocando la fotograf\u00eda de Neymar mientras era marcado por el defensa peruano Aldo Corzo.<\/p>\n<p style=\"text-align: justify;\">Por su parte, el atacante Paolo Guerrero manifest\u00f3 que la clave de la derrota fue dejar jugar a Brasil y dedicarse a marcar. Adem\u00e1s, el capit\u00e1n indic\u00f3 que Per\u00fa tiene que enfocarse ahora en los duelos de marzo ante Venezuela y Uruguay.<\/p>\n<p style=\"text-align: justify;\">\u00abEmpezamos muy bien, haciendo presi\u00f3n alta y despu\u00e9s fuimos decayendo en el juego. Nos superaron, t\u00e9cnicamente son muy buenos\u00bb, coment\u00f3 el &#8216;Depredador&#8217; al canal de televisi\u00f3n CMD.<\/p>\n<p style=\"text-align: justify;\">\u00abCreemos que todav\u00eda estamos vivos. Se vienen dos partidos importantes y s\u00e9 que se puede sumar. Tenemos que prepararnos\u00bb, a\u00f1adi\u00f3.<\/p>\n","protected":false},"excerpt":{"rendered":"<p>Luego de la victoria\u00a0ante paraguay, Per\u00fa cay\u00f3 ante Brasil y volvi\u00f3 a preocupar. La prensa lime\u00f1a coment\u00f3 que con esta derrota Per\u00fa complica sus chances para intentar buscar un cupo para el Mundial de Rusia-2018. Lima, 16 Noviembre 2016, (ANDINA).- Per\u00fa cay\u00f3 de la nube y regreso a cuidados intensivos tras perder 2-0 ante un [&hellip;]<\/p>\n","protected":false},"author":1,"featured_media":1253,"comment_status":"open","ping_status":"open","sticky":false,"template":"","format":"standard","meta":{"rop_custom_images_group":[],"rop_custom_messages_group":[],"rop_publish_now":"initial","rop_publish_now_accounts":[],"rop_publish_now_history":[],"rop_publish_now_status":"pending","footnotes":""},"categories":[8],"tags":[175,81,137],"class_list":["post-1252","post","type-post","status-publish","format-standard","has-post-thumbnail","hentry","category-disciplinas-deportivas","tag-eliminatorias","tag-peru","tag-seleccion-peruana"],"_links":{"self":[{"href":"https:\/\/elinformanteperu.com\/index.php\/wp-json\/wp\/v2\/posts\/1252","targetHints":{"allow":["GET"]}}],"collection":[{"href":"https:\/\/elinformanteperu.com\/index.php\/wp-json\/wp\/v2\/posts"}],"about":[{"href":"https:\/\/elinformanteperu.com\/index.php\/wp-json\/wp\/v2\/types\/post"}],"author":[{"embeddable":true,"href":"https:\/\/elinformanteperu.com\/index.php\/wp-json\/wp\/v2\/users\/1"}],"replies":[{"embeddable":true,"href":"https:\/\/elinformanteperu.com\/index.php\/wp-json\/wp\/v2\/comments?post=1252"}],"version-history":[{"count":1,"href":"https:\/\/elinformanteperu.com\/index.php\/wp-json\/wp\/v2\/posts\/1252\/revisions"}],"predecessor-version":[{"id":1254,"href":"https:\/\/elinformanteperu.com\/index.php\/wp-json\/wp\/v2\/posts\/1252\/revisions\/1254"}],"wp:featuredmedia":[{"embeddable":true,"href":"https:\/\/elinformanteperu.com\/index.php\/wp-json\/wp\/v2\/media\/1253"}],"wp:attachment":[{"href":"https:\/\/elinformanteperu.com\/index.php\/wp-json\/wp\/v2\/media?parent=1252"}],"wp:term":[{"taxonomy":"category","embeddable":true,"href":"https:\/\/elinformanteperu.com\/index.php\/wp-json\/wp\/v2\/categories?post=1252"},{"taxonomy":"post_tag","embeddable":true,"href":"https:\/\/elinformanteperu.com\/index.php\/wp-json\/wp\/v2\/tags?post=1252"}],"curies":[{"name":"wp","href":"https:\/\/api.w.org\/{rel}","templated":true}]}}