{"id":12470,"date":"2017-07-03T22:08:51","date_gmt":"2017-07-04T03:08:51","guid":{"rendered":"http:\/\/elinformanteperu.com\/?p=12470"},"modified":"2017-07-03T22:08:51","modified_gmt":"2017-07-04T03:08:51","slug":"werder-bremen-dedica-un-emotivo-video-a-claudio-pizarro-a-quien-no-le-renovara","status":"publish","type":"post","link":"https:\/\/elinformanteperu.com\/index.php\/2017\/07\/03\/werder-bremen-dedica-un-emotivo-video-a-claudio-pizarro-a-quien-no-le-renovara\/","title":{"rendered":"Werder Bremen dedica un emotivo video a Claudio Pizarro, a quien no le renovar\u00e1"},"content":{"rendered":"<p><strong><span style=\"color: #000000;\">El club alem\u00e1n Werder Bremen no le renovar\u00e1 el contrato a Claudio Pizarro y prepar\u00f3 un emotivo video para darle una buena despedida.<\/span><\/strong><\/p>\n<p><span style=\"color: #000000;\"><strong>Bremen, 02 Julio 2017, (ANDINA).-<\/strong> El club alem\u00e1n Werder Bremen no le renovar\u00e1 el contrato a Claudio Pizarro y prepar\u00f3 un emotivo video para darle una buena despedida.<\/span><\/p>\n<p><span style=\"color: #000000;\">El delantero peruano es uno de los m\u00e1ximos \u00eddolos del club y protagoniza una entrevista en donde hace un repaso por toda su carrera, desde Deportivo Pesquero hasta su \u00faltima campa\u00f1a en los &#8216;Lagartos&#8217;.<\/span><\/p>\n<p><span style=\"color: #000000;\">\u00abPizarro es una leyenda y tiene todo el derecho a recibir de nosotros la mejor despedida posible\u00bb, mencion\u00f3 la directiva del Werder Bremen en sus redes sociales y al parecer este video es el primero de los reconocimientos que recibir\u00e1 el &#8216;Bombardero de los Andes&#8217;.<\/span><\/p>\n<p><span style=\"color: #000000;\">Claudio Pizarro vivi\u00f3 su segunda etapa en Werder Bremen desde 2015 hasta mediados del 2017.<\/span><\/p>\n<p><span style=\"color: #000000;\">En este tiempo no gan\u00f3 ning\u00fan t\u00edtulo pero se convirti\u00f3 en el m\u00e1ximo goleador extranjero en la historia de la Bundesliga (191), adem\u00e1s est\u00e1 en el quinto puesto de los m\u00e1ximos goleadores del torneo y es el \u00fanico que no es alem\u00e1n. Se marcha una leyenda de los &#8216;Lagartos&#8217;.<\/span><\/p>\n<p><iframe src=\"https:\/\/www.youtube-nocookie.com\/embed\/A8o-S-PH1f4?rel=0&amp;controls=0&amp;showinfo=0\" width=\"560\" height=\"315\" frameborder=\"0\" allowfullscreen=\"allowfullscreen\"><\/iframe><\/p>\n","protected":false},"excerpt":{"rendered":"<p>El club alem\u00e1n Werder Bremen no le renovar\u00e1 el contrato a Claudio Pizarro y prepar\u00f3 un emotivo video para darle una buena despedida. Bremen, 02 Julio 2017, (ANDINA).- El club alem\u00e1n Werder Bremen no le renovar\u00e1 el contrato a Claudio Pizarro y prepar\u00f3 un emotivo video para darle una buena despedida. El delantero peruano es [&hellip;]<\/p>\n","protected":false},"author":1,"featured_media":12471,"comment_status":"open","ping_status":"open","sticky":false,"template":"","format":"standard","meta":{"rop_custom_images_group":[],"rop_custom_messages_group":[],"rop_publish_now":"initial","rop_publish_now_accounts":[],"rop_publish_now_history":[],"rop_publish_now_status":"pending","footnotes":""},"categories":[8],"tags":[421,422],"class_list":["post-12470","post","type-post","status-publish","format-standard","has-post-thumbnail","hentry","category-disciplinas-deportivas","tag-claudio-pizarro","tag-werder-bremen"],"_links":{"self":[{"href":"https:\/\/elinformanteperu.com\/index.php\/wp-json\/wp\/v2\/posts\/12470","targetHints":{"allow":["GET"]}}],"collection":[{"href":"https:\/\/elinformanteperu.com\/index.php\/wp-json\/wp\/v2\/posts"}],"about":[{"href":"https:\/\/elinformanteperu.com\/index.php\/wp-json\/wp\/v2\/types\/post"}],"author":[{"embeddable":true,"href":"https:\/\/elinformanteperu.com\/index.php\/wp-json\/wp\/v2\/users\/1"}],"replies":[{"embeddable":true,"href":"https:\/\/elinformanteperu.com\/index.php\/wp-json\/wp\/v2\/comments?post=12470"}],"version-history":[{"count":1,"href":"https:\/\/elinformanteperu.com\/index.php\/wp-json\/wp\/v2\/posts\/12470\/revisions"}],"predecessor-version":[{"id":12472,"href":"https:\/\/elinformanteperu.com\/index.php\/wp-json\/wp\/v2\/posts\/12470\/revisions\/12472"}],"wp:featuredmedia":[{"embeddable":true,"href":"https:\/\/elinformanteperu.com\/index.php\/wp-json\/wp\/v2\/media\/12471"}],"wp:attachment":[{"href":"https:\/\/elinformanteperu.com\/index.php\/wp-json\/wp\/v2\/media?parent=12470"}],"wp:term":[{"taxonomy":"category","embeddable":true,"href":"https:\/\/elinformanteperu.com\/index.php\/wp-json\/wp\/v2\/categories?post=12470"},{"taxonomy":"post_tag","embeddable":true,"href":"https:\/\/elinformanteperu.com\/index.php\/wp-json\/wp\/v2\/tags?post=12470"}],"curies":[{"name":"wp","href":"https:\/\/api.w.org\/{rel}","templated":true}]}}