{"id":124627,"date":"2024-09-05T00:22:18","date_gmt":"2024-09-05T05:22:18","guid":{"rendered":"https:\/\/elinformanteperu.com\/?p=124627"},"modified":"2024-09-05T00:22:18","modified_gmt":"2024-09-05T05:22:18","slug":"nestor-lorenzo-y-la-advertencia-ante-peru-lo-vamos-a-tomar-como-una-final","status":"publish","type":"post","link":"https:\/\/elinformanteperu.com\/index.php\/2024\/09\/05\/nestor-lorenzo-y-la-advertencia-ante-peru-lo-vamos-a-tomar-como-una-final\/","title":{"rendered":"N\u00e9stor Lorenzo y la advertencia ante Per\u00fa: \u00abLo vamos a tomar como una final\u00bb"},"content":{"rendered":"<p><strong><span style=\"color: #000000;\">Peruanos y colombianos se ver\u00e1n la cara este viernes 6 de septiembre en Lima.<\/span><\/strong><\/p>\n<p><span style=\"color: #000000;\"><strong>Lima, 04 Setiembre 2024, (ANDINA).-<\/strong> El seleccionador de Colombia, el argentino N\u00e9stor Lorenzo, afirm\u00f3 este mi\u00e9rcoles en Barranquilla que el encuentro por las Eliminatorias ante Per\u00fa lo jugar\u00e1n \u201ccomo una final aunque ellos est\u00e9n de \u00faltimos en la tabla de posiciones\u201d.<\/span><\/p>\n<p><span style=\"color: #000000;\">\u201cLas Eliminatorias Sudamericanas son como la F\u00f3rmula Uno, que hay muy poca diferencia entre el primero y el \u00faltimo\u201d, expres\u00f3 Lorenzo en la rueda de prensa previa al viaje a la capital peruana.<\/span><\/p>\n<p><span style=\"color: #000000;\">Para el estratega, quien fue subcampe\u00f3n de la pasada Copa Am\u00e9rica de Estados Unidos, la \u00b4Blanquirroja\u00b4 tiene buenos jugadores que tambi\u00e9n militan en grandes ligas, \u201cas\u00ed que va a ser un partido dur\u00edsimo\u00bb.<\/span><\/p>\n<p><span style=\"color: #000000;\">Lorenzo record\u00f3 que las \u00faltimas veces que en las eliminatorias suramericanas jugaron el primero y el \u00faltimo apenas hubo un gol de diferencia y agreg\u00f3 que Per\u00fa, que cambi\u00f3 de entrenador, \u201ctiene un orden t\u00e1ctico que es dif\u00edcil de doblegar\u201d.<\/span><\/p>\n<p><span style=\"color: #000000;\">Al ser preguntado sobre la forma como Colombia asumir\u00e1 en partido, Lorenzo indic\u00f3: \u201cnecesitamos la mejor versi\u00f3n de todos para sacar el partido ante Per\u00fa adelante, respetando siempre al rival porque no es un rival f\u00e1cil\u00bb.<\/span><\/p>\n<p><span style=\"color: #000000;\">En la rueda de prensa Lorenzo estuvo acompa\u00f1ado del extremo del Liverpool Luis D\u00edaz, a quien destac\u00f3 el buen comienzo que ha tenido en la Premier League.<\/span><\/p>\n<p><span style=\"color: #000000;\">D\u00edaz, por su parte, se refiri\u00f3 al encuentro que jugar\u00e1n el pr\u00f3ximo martes ante Argentina en Barranquilla por las Eliminatorias.<\/span><\/p>\n<p><span style=\"color: #000000;\">Al ser preguntado si consideraba que ser\u00eda una revancha despu\u00e9s de que Colombia perdiera la final de la Copa Am\u00e9rica, D\u00edaz contest\u00f3 que \u201csiempre buscamos ganarles a los equipos grandes\u201d.<\/span><\/p>\n<p><span style=\"color: #000000;\">\u201cAc\u00e1 no hay resentimiento por la derrota en la final de la Copa Am\u00e9rica, sino la intenci\u00f3n de aprender de esos errores y mejorar para alcanzar buenos resultados\u201d, dijo D\u00edaz.<\/span><\/p>\n<p><span style=\"color: #000000;\">En la sede de concentraci\u00f3n de Colombia ya est\u00e1 completo el grupo de convocados, luego de que se sumaran Jefferson Lerma, quien tuvo algunos problemas f\u00edsicos, y John Arias, quien tuvo permiso especial por el nacimiento de su hijo.<\/span><\/p>\n<p><iframe title=\"YouTube video player\" src=\"https:\/\/www.youtube-nocookie.com\/embed\/xlXQNTMQLy4?si=JqgP705qKyTP41Au&amp;controls=0\" width=\"520\" height=\"315\" frameborder=\"0\" allowfullscreen=\"allowfullscreen\"><span data-mce-type=\"bookmark\" style=\"display: inline-block; width: 0px; overflow: hidden; line-height: 0;\" class=\"mce_SELRES_start\">\ufeff<\/span><\/iframe><\/p>\n","protected":false},"excerpt":{"rendered":"<p>Peruanos y colombianos se ver\u00e1n la cara este viernes 6 de septiembre en Lima. Lima, 04 Setiembre 2024, (ANDINA).- El seleccionador de Colombia, el argentino N\u00e9stor Lorenzo, afirm\u00f3 este mi\u00e9rcoles en Barranquilla que el encuentro por las Eliminatorias ante Per\u00fa lo jugar\u00e1n \u201ccomo una final aunque ellos est\u00e9n de \u00faltimos en la tabla de posiciones\u201d. [&hellip;]<\/p>\n","protected":false},"author":1,"featured_media":124628,"comment_status":"closed","ping_status":"closed","sticky":false,"template":"","format":"standard","meta":{"rop_custom_images_group":[],"rop_custom_messages_group":[],"rop_publish_now":"initial","rop_publish_now_accounts":[],"rop_publish_now_history":[],"rop_publish_now_status":"pending","footnotes":""},"categories":[8],"tags":[4106,6558],"class_list":["post-124627","post","type-post","status-publish","format-standard","has-post-thumbnail","hentry","category-disciplinas-deportivas","tag-eliminatorias-catar-2022","tag-peru-colombia"],"_links":{"self":[{"href":"https:\/\/elinformanteperu.com\/index.php\/wp-json\/wp\/v2\/posts\/124627","targetHints":{"allow":["GET"]}}],"collection":[{"href":"https:\/\/elinformanteperu.com\/index.php\/wp-json\/wp\/v2\/posts"}],"about":[{"href":"https:\/\/elinformanteperu.com\/index.php\/wp-json\/wp\/v2\/types\/post"}],"author":[{"embeddable":true,"href":"https:\/\/elinformanteperu.com\/index.php\/wp-json\/wp\/v2\/users\/1"}],"replies":[{"embeddable":true,"href":"https:\/\/elinformanteperu.com\/index.php\/wp-json\/wp\/v2\/comments?post=124627"}],"version-history":[{"count":1,"href":"https:\/\/elinformanteperu.com\/index.php\/wp-json\/wp\/v2\/posts\/124627\/revisions"}],"predecessor-version":[{"id":124629,"href":"https:\/\/elinformanteperu.com\/index.php\/wp-json\/wp\/v2\/posts\/124627\/revisions\/124629"}],"wp:featuredmedia":[{"embeddable":true,"href":"https:\/\/elinformanteperu.com\/index.php\/wp-json\/wp\/v2\/media\/124628"}],"wp:attachment":[{"href":"https:\/\/elinformanteperu.com\/index.php\/wp-json\/wp\/v2\/media?parent=124627"}],"wp:term":[{"taxonomy":"category","embeddable":true,"href":"https:\/\/elinformanteperu.com\/index.php\/wp-json\/wp\/v2\/categories?post=124627"},{"taxonomy":"post_tag","embeddable":true,"href":"https:\/\/elinformanteperu.com\/index.php\/wp-json\/wp\/v2\/tags?post=124627"}],"curies":[{"name":"wp","href":"https:\/\/api.w.org\/{rel}","templated":true}]}}