{"id":124550,"date":"2024-09-03T21:36:52","date_gmt":"2024-09-04T02:36:52","guid":{"rendered":"https:\/\/elinformanteperu.com\/?p=124550"},"modified":"2024-09-03T21:36:52","modified_gmt":"2024-09-04T02:36:52","slug":"paolo-guerrero-cuales-son-los-objetivos-que-quiere-cumplir-en-alianza-lima","status":"publish","type":"post","link":"https:\/\/elinformanteperu.com\/index.php\/2024\/09\/03\/paolo-guerrero-cuales-son-los-objetivos-que-quiere-cumplir-en-alianza-lima\/","title":{"rendered":"Paolo Guerrero: \u00bfCu\u00e1les son los objetivos que quiere cumplir en Alianza Lima?"},"content":{"rendered":"<p><strong><span style=\"color: #000000;\">El delantero quiere ponerse a punto para lograr el t\u00edtulo nacional a fin de a\u00f1o<\/span><\/strong><\/p>\n<p><span style=\"color: #000000;\"><strong>Lima, 03 Setiembre 2024, (ANDINA).-<\/strong> Tras ser presentado de manera multitudinaria como jugador de Alianza Lima, el delantero Paolo Guerrero dijo que ahora le toca corresponder todo el cari\u00f1o y trabajar bien para llevar al equipo &#8216;\u00edntimo&#8217; a ganar m\u00e1s t\u00edtulos, y as\u00ed pueda continuar la tradici\u00f3n; tambi\u00e9n piensa en volver a la selecci\u00f3n peruana.<\/span><\/p>\n<p><span style=\"color: #000000;\">Visiblemente emocionado por el recibimiento que le brind\u00f3 la afici\u00f3n aliancista, Guerrero prometi\u00f3 trabajar bien para ponerse a punto lo m\u00e1s pronto posible para aportar su f\u00fatbol y as\u00ed pelear por ganar el t\u00edtulo nacional a fin de a\u00f1o.<\/span><\/p>\n<p><span style=\"color: #000000;\">\u00abEs d\u00eda muy especial porque retorno a mi casa, la que me vio nacer, la que de muy ni\u00f1o, con mi t\u00edo &#8216;Caico&#8217;, sal\u00eda de mascota, ven\u00eda a ver los partidos. A los 7 a\u00f1os llegu\u00e9 a Alianza y fue una serie de conquistas a nivel de divisiones menores. Hoy por hoy me encuentro regresando a casa, a la que alg\u00fan d\u00eda esperaba volver y hoy (ayer) se hizo realidad\u00bb, sostuvo Guerrero en conferencia.<\/span><\/p>\n<p><span style=\"color: #000000;\">Agreg\u00f3: \u00abHa sido maravilloso, poder vivir un Matute lleno en mi presentaci\u00f3n fue un sue\u00f1o, no me esperaba este recibimiento y cari\u00f1o, estoy muy agradecido y ahora a retribuir en el campo todo ello. Voy a trabajar fuerte para darle alegr\u00edas al club\u00bb, precis\u00f3.<\/span><\/p>\n<p><span style=\"color: #000000;\">El delantero no dud\u00f3 en manifestar sus objetivos dentro del club y fue claro en manifestar que llega para ser soporte de los jugadores j\u00f3venes y llevar a Alianza Lima a la obtenci\u00f3n del t\u00edtulo.<\/span><\/p>\n<p><span style=\"color: #000000;\">\u00abTenemos la misi\u00f3n de ser el soporte de los m\u00e1s j\u00f3venes y llevar a Alianza a que obtenga m\u00e1s t\u00edtulos, a que contin\u00fae la tradici\u00f3n. El objetivo mayor es continuar con la tradici\u00f3n, que es salir campe\u00f3n. Con mi llegada, tratar\u00e9 de aportar lo m\u00e1ximo, se los dije a mis compa\u00f1eros que pueden contar conmigo\u00bb, indic\u00f3.<\/span><\/p>\n<p><span style=\"color: #000000;\">El delantero de 40 a\u00f1os no cerr\u00f3 su ciclo en la selecci\u00f3n peruana, pero que, por el momento, se debe a Alianza Lima. En caso de un futuro llamado del t\u00e9cnico Jorge Fossati, respondi\u00f3 que acudir\u00e1 porque siempre desea apoyar a la Blanquirroja.<\/span><\/p>\n<p><span style=\"color: #000000;\">\u00abEl &#8216;profe&#8217; me ped\u00eda que juegue, que ya defina mi futuro. Le cont\u00e9 mis propuestas, fui muy claro que mi intenci\u00f3n es estar, en cuanto yo le pueda servir, y despu\u00e9s \u00e9l ver\u00e1 si me convoca o no. Ahora me debo a Alianza, voy a prepararme muy bien y despu\u00e9s en un futuro se da la oportunidad de estar en una selecci\u00f3n bien, sino apoyar a la selecci\u00f3n como siempre\u00bb, puntualiz\u00f3.<\/span><\/p>\n<p><span style=\"color: #000000;\">Finalmente, el m\u00e1ximo goleador de la selecci\u00f3n peruana volvi\u00f3 a hablar de la amistad que lleva con Jefferson Farf\u00e1n por lo que espera ganar t\u00edtulos como lo hizo su &#8216;amigo&#8217; en Alianza Lima.<\/span><\/p>\n<p><span style=\"color: #000000;\">\u00abMantengo una relaci\u00f3n de amistad con Jefferson de hace muchos a\u00f1os. Hubiese querido jugar con \u00e9l, y despedirnos juntos de Alianza, espero poder hacer lo que \u00e9l hizo aqu\u00ed, a nivel profesional, y conseguir t\u00edtulos de la misma forma que lo hizo \u00e9l\u00bb, culmin\u00f3.<\/span><\/p>\n<p><span style=\"color: #000000;\">El debut del \u2018depredador\u2019 ser\u00e1 el s\u00e1bado 14 de setiembre cuando Alianza Lima enfrente a Carlos A. Mannucci en Matute por la fecha 10 del Torneo Clausura.<\/span><\/p>\n<blockquote class=\"twitter-tweet\">\n<p dir=\"ltr\" lang=\"es\">\ud835\ude49\ud835\ude64 \ud835\ude5d\ud835\ude56\ud835\ude6e \ud835\ude65\ud835\ude56\ud835\ude61\ud835\ude56\ud835\ude57\ud835\ude67\ud835\ude56\ud835\ude68 \ud835\ude65\ud835\ude56\ud835\ude67\ud835\ude56 \ud835\ude69\ud835\ude56\ud835\ude63 \ud835\ude5d\ud835\ude5a\ud835\ude67\ud835\ude62\ud835\ude64\ud835\ude68\ud835\ude56 \ud835\ude65\ud835\ude64\ud835\ude68\ud835\ude69\ud835\ude56\ud835\ude61. \ud83d\udc99\ud83d\ude4f\ud83c\udffe<\/p>\n<p>Ay\u00fadanos a ponerle un t\u00edtulo a esta foto tan especial. \ud83d\udc40<a href=\"https:\/\/twitter.com\/hashtag\/DondeTodoComenz%C3%B3?src=hash&amp;ref_src=twsrc%5Etfw\">#DondeTodoComenz\u00f3<\/a> <a href=\"https:\/\/t.co\/86VsOSUw8F\">pic.twitter.com\/86VsOSUw8F<\/a><\/p>\n<p>\u2014 Club Alianza Lima (@ClubALoficial) <a href=\"https:\/\/twitter.com\/ClubALoficial\/status\/1830391917302980955?ref_src=twsrc%5Etfw\">September 1, 2024<\/a><\/p><\/blockquote>\n<p><script async src=\"https:\/\/platform.twitter.com\/widgets.js\" charset=\"utf-8\"><\/script><\/p>\n","protected":false},"excerpt":{"rendered":"<p>El delantero quiere ponerse a punto para lograr el t\u00edtulo nacional a fin de a\u00f1o Lima, 03 Setiembre 2024, (ANDINA).- Tras ser presentado de manera multitudinaria como jugador de Alianza Lima, el delantero Paolo Guerrero dijo que ahora le toca corresponder todo el cari\u00f1o y trabajar bien para llevar al equipo &#8216;\u00edntimo&#8217; a ganar m\u00e1s [&hellip;]<\/p>\n","protected":false},"author":1,"featured_media":124551,"comment_status":"closed","ping_status":"closed","sticky":false,"template":"","format":"standard","meta":{"rop_custom_images_group":[],"rop_custom_messages_group":[],"rop_publish_now":"initial","rop_publish_now_accounts":[],"rop_publish_now_history":[],"rop_publish_now_status":"pending","footnotes":""},"categories":[8],"tags":[91,203],"class_list":["post-124550","post","type-post","status-publish","format-standard","has-post-thumbnail","hentry","category-disciplinas-deportivas","tag-alianza-lima","tag-paolo-guerrero"],"_links":{"self":[{"href":"https:\/\/elinformanteperu.com\/index.php\/wp-json\/wp\/v2\/posts\/124550","targetHints":{"allow":["GET"]}}],"collection":[{"href":"https:\/\/elinformanteperu.com\/index.php\/wp-json\/wp\/v2\/posts"}],"about":[{"href":"https:\/\/elinformanteperu.com\/index.php\/wp-json\/wp\/v2\/types\/post"}],"author":[{"embeddable":true,"href":"https:\/\/elinformanteperu.com\/index.php\/wp-json\/wp\/v2\/users\/1"}],"replies":[{"embeddable":true,"href":"https:\/\/elinformanteperu.com\/index.php\/wp-json\/wp\/v2\/comments?post=124550"}],"version-history":[{"count":1,"href":"https:\/\/elinformanteperu.com\/index.php\/wp-json\/wp\/v2\/posts\/124550\/revisions"}],"predecessor-version":[{"id":124552,"href":"https:\/\/elinformanteperu.com\/index.php\/wp-json\/wp\/v2\/posts\/124550\/revisions\/124552"}],"wp:featuredmedia":[{"embeddable":true,"href":"https:\/\/elinformanteperu.com\/index.php\/wp-json\/wp\/v2\/media\/124551"}],"wp:attachment":[{"href":"https:\/\/elinformanteperu.com\/index.php\/wp-json\/wp\/v2\/media?parent=124550"}],"wp:term":[{"taxonomy":"category","embeddable":true,"href":"https:\/\/elinformanteperu.com\/index.php\/wp-json\/wp\/v2\/categories?post=124550"},{"taxonomy":"post_tag","embeddable":true,"href":"https:\/\/elinformanteperu.com\/index.php\/wp-json\/wp\/v2\/tags?post=124550"}],"curies":[{"name":"wp","href":"https:\/\/api.w.org\/{rel}","templated":true}]}}