{"id":124543,"date":"2024-09-03T20:38:38","date_gmt":"2024-09-04T01:38:38","guid":{"rendered":"https:\/\/elinformanteperu.com\/?p=124543"},"modified":"2024-09-03T20:38:38","modified_gmt":"2024-09-04T01:38:38","slug":"paolo-guerrero-asi-fue-la-presentacion-multitudinaria-del-goleador-en-alianza-lima","status":"publish","type":"post","link":"https:\/\/elinformanteperu.com\/index.php\/2024\/09\/03\/paolo-guerrero-asi-fue-la-presentacion-multitudinaria-del-goleador-en-alianza-lima\/","title":{"rendered":"Paolo Guerrero: As\u00ed fue la presentaci\u00f3n multitudinaria del goleador en Alianza Lima"},"content":{"rendered":"<p><strong><span style=\"color: #000000;\">El delantero de 40 a\u00f1os prometi\u00f3 trabajar bien y terminar el campeonato con broche de oro<\/span><\/strong><\/p>\n<p><span style=\"color: #000000;\"><strong>Lima, 03 Setiembre 2024, (ANDINA).-<\/strong> El delantero Paolo Guerrero fue presentado oficialmente este domingo por el Alianza Lima ante miles de sus seguidores, que llegaron hasta el estadio &#8216;Alejandro Villanueva&#8217;, en el barrio de La Victoria, para darle la bienvenida al m\u00e1ximo goleador hist\u00f3rico de las selecciones peruanas.<\/span><\/p>\n<p><span style=\"color: #000000;\">\u00abEstar en mi casa me llenaba de ansiedad. Estar aqu\u00ed es inolvidable, siempre quedar\u00e1 en mis recuerdos\u00bb, declar\u00f3 un emocionado Guerrero al ver el recibimiento de los fan\u00e1ticos del actual l\u00edder del Torneo Clausura.<\/span><\/p>\n<p><a href=\"https:\/\/elinformanteperu.com\/wp-content\/uploads\/2024\/09\/guerrero-alianza3.jpg\"><img fetchpriority=\"high\" decoding=\"async\" class=\"size-large wp-image-124546 aligncenter\" src=\"https:\/\/elinformanteperu.com\/wp-content\/uploads\/2024\/09\/guerrero-alianza3-1024x683.jpg\" alt=\"\" width=\"615\" height=\"410\" srcset=\"https:\/\/elinformanteperu.com\/wp-content\/uploads\/2024\/09\/guerrero-alianza3-1024x683.jpg 1024w, https:\/\/elinformanteperu.com\/wp-content\/uploads\/2024\/09\/guerrero-alianza3-300x200.jpg 300w, https:\/\/elinformanteperu.com\/wp-content\/uploads\/2024\/09\/guerrero-alianza3-768x512.jpg 768w, https:\/\/elinformanteperu.com\/wp-content\/uploads\/2024\/09\/guerrero-alianza3-1536x1024.jpg 1536w, https:\/\/elinformanteperu.com\/wp-content\/uploads\/2024\/09\/guerrero-alianza3.jpg 1800w\" sizes=\"(max-width: 615px) 100vw, 615px\" \/><\/a><span style=\"color: #000000;\">El veterano atacante, de 40 a\u00f1os, record\u00f3 que su t\u00edo Jos\u00e9 &#8216;Caico&#8217; Gonzales Ganoza, un m\u00edtico portero del Alianza y las selecciones peruanas, lo llevaba desde muy peque\u00f1o al estadio de La Victoria, donde se form\u00f3 en las divisiones inferiores antes de viajar a Alemania para unirse a la reserva del Bayern de M\u00fanich.<\/span><\/p>\n<p><span style=\"color: #000000;\">Guerrero, que jugar\u00e1 por primera vez en la primera divisi\u00f3n del Alianza, asegur\u00f3 que quiere \u00abcompartir con la gente blanquiazul, trabajar bien y terminar el campeonato con broche de oro\u00bb.<\/span><\/p>\n<p><strong><span style=\"color: #000000;\">Patrimonio nacional<\/span><\/strong><\/p>\n<p><a href=\"https:\/\/elinformanteperu.com\/wp-content\/uploads\/2024\/09\/guerrero-alianza2.jpg\"><img decoding=\"async\" class=\"size-large wp-image-124545 aligncenter\" src=\"https:\/\/elinformanteperu.com\/wp-content\/uploads\/2024\/09\/guerrero-alianza2-1024x683.jpg\" alt=\"\" width=\"615\" height=\"410\" srcset=\"https:\/\/elinformanteperu.com\/wp-content\/uploads\/2024\/09\/guerrero-alianza2-1024x683.jpg 1024w, https:\/\/elinformanteperu.com\/wp-content\/uploads\/2024\/09\/guerrero-alianza2-300x200.jpg 300w, https:\/\/elinformanteperu.com\/wp-content\/uploads\/2024\/09\/guerrero-alianza2-768x512.jpg 768w, https:\/\/elinformanteperu.com\/wp-content\/uploads\/2024\/09\/guerrero-alianza2-1536x1024.jpg 1536w, https:\/\/elinformanteperu.com\/wp-content\/uploads\/2024\/09\/guerrero-alianza2.jpg 1800w\" sizes=\"(max-width: 615px) 100vw, 615px\" \/><\/a><span style=\"color: #000000;\">Por su parte, el entrenador del Alianza, el argentino Mariano Soso, coment\u00f3 que en su equipo existe \u00abel sentimiento colectivo de felicidad\u00bb por la llegada del m\u00e1ximo goleador de las selecciones peruanas.<\/span><\/p>\n<p><span style=\"color: #000000;\">\u00abPaolo es un patrimonio nacional, con una gran identificaci\u00f3n con estos colores, con el pueblo de Alianza\u00bb, declar\u00f3 antes de indicar que tiene \u00abla expectativa de que pueda aumentar la competencia interna\u00bb en su equipo.<\/span><\/p>\n<p><span style=\"color: #000000;\">Tras agradecer a los aficionados que lo ovacionaron desde las diferentes tribunas, el jugador se sum\u00f3 a un entrenamiento con p\u00fablico que Soso orden\u00f3 que realice el equipo completo en la cancha principal del estadio.<\/span><\/p>\n<p><a href=\"https:\/\/elinformanteperu.com\/wp-content\/uploads\/2024\/09\/guerrero-alianza4.jpg\"><img decoding=\"async\" class=\"size-large wp-image-124548 aligncenter\" src=\"https:\/\/elinformanteperu.com\/wp-content\/uploads\/2024\/09\/guerrero-alianza4-1024x683.jpg\" alt=\"\" width=\"615\" height=\"410\" srcset=\"https:\/\/elinformanteperu.com\/wp-content\/uploads\/2024\/09\/guerrero-alianza4-1024x683.jpg 1024w, https:\/\/elinformanteperu.com\/wp-content\/uploads\/2024\/09\/guerrero-alianza4-300x200.jpg 300w, https:\/\/elinformanteperu.com\/wp-content\/uploads\/2024\/09\/guerrero-alianza4-768x512.jpg 768w, https:\/\/elinformanteperu.com\/wp-content\/uploads\/2024\/09\/guerrero-alianza4-1536x1024.jpg 1536w, https:\/\/elinformanteperu.com\/wp-content\/uploads\/2024\/09\/guerrero-alianza4.jpg 1800w\" sizes=\"(max-width: 615px) 100vw, 615px\" \/><\/a><span style=\"color: #000000;\">Al llegar este s\u00e1bado a Lima desde Brasil, Guerrero confirm\u00f3 que iba a jugar en el Alianza, el equipo del que es hincha confeso, tras haberse desvinculado del C\u00e9sar Vallejo, de Trujillo, club que lo fich\u00f3 a inicios de este a\u00f1o pero con el que mantuvo diferencias contractuales.<\/span><\/p>\n<p><span style=\"color: #000000;\">Medios locales se\u00f1alaron que Guerrero ha sido contratado por el Alianza Lima hasta finales del 2025.<\/span><\/p>\n<p><span style=\"color: #000000;\">La semana pasada, la C\u00e1mara de Conciliaci\u00f3n y Disputas de la Federaci\u00f3n Peruana de F\u00fatbol (FPF) resolvi\u00f3 que el atacante quedaba en condici\u00f3n de jugador libre tras haber renunciado hace m\u00e1s de un mes a seguir jugando en el Vallejo.<\/span><\/p>\n<p><span style=\"color: #000000;\">Guerrero no ha sido considerado por el seleccionador de Per\u00fa, Jorge Fossati, para los partidos de las eliminatorias sudamericanas que la Bicolor jugar\u00e1 el pr\u00f3ximo 6 de septiembre contra Colombia, en Lima, y el 10 de septiembre ante Ecuador, en Quito.<\/span><\/p>\n<p><a href=\"https:\/\/elinformanteperu.com\/wp-content\/uploads\/2024\/09\/guerrero-y-farfan.jpg\"><img loading=\"lazy\" decoding=\"async\" class=\" wp-image-124547 aligncenter\" src=\"https:\/\/elinformanteperu.com\/wp-content\/uploads\/2024\/09\/guerrero-y-farfan-819x1024.jpg\" alt=\"\" width=\"455\" height=\"569\" srcset=\"https:\/\/elinformanteperu.com\/wp-content\/uploads\/2024\/09\/guerrero-y-farfan-819x1024.jpg 819w, https:\/\/elinformanteperu.com\/wp-content\/uploads\/2024\/09\/guerrero-y-farfan-240x300.jpg 240w, https:\/\/elinformanteperu.com\/wp-content\/uploads\/2024\/09\/guerrero-y-farfan-768x960.jpg 768w, https:\/\/elinformanteperu.com\/wp-content\/uploads\/2024\/09\/guerrero-y-farfan-1229x1536.jpg 1229w, https:\/\/elinformanteperu.com\/wp-content\/uploads\/2024\/09\/guerrero-y-farfan.jpg 1638w\" sizes=\"(max-width: 455px) 100vw, 455px\" \/><\/a><\/p>\n","protected":false},"excerpt":{"rendered":"<p>El delantero de 40 a\u00f1os prometi\u00f3 trabajar bien y terminar el campeonato con broche de oro Lima, 03 Setiembre 2024, (ANDINA).- El delantero Paolo Guerrero fue presentado oficialmente este domingo por el Alianza Lima ante miles de sus seguidores, que llegaron hasta el estadio &#8216;Alejandro Villanueva&#8217;, en el barrio de La Victoria, para darle la [&hellip;]<\/p>\n","protected":false},"author":1,"featured_media":124544,"comment_status":"closed","ping_status":"closed","sticky":false,"template":"","format":"standard","meta":{"rop_custom_images_group":[],"rop_custom_messages_group":[],"rop_publish_now":"initial","rop_publish_now_accounts":[],"rop_publish_now_history":[],"rop_publish_now_status":"pending","footnotes":""},"categories":[8],"tags":[91,203],"class_list":["post-124543","post","type-post","status-publish","format-standard","has-post-thumbnail","hentry","category-disciplinas-deportivas","tag-alianza-lima","tag-paolo-guerrero"],"_links":{"self":[{"href":"https:\/\/elinformanteperu.com\/index.php\/wp-json\/wp\/v2\/posts\/124543","targetHints":{"allow":["GET"]}}],"collection":[{"href":"https:\/\/elinformanteperu.com\/index.php\/wp-json\/wp\/v2\/posts"}],"about":[{"href":"https:\/\/elinformanteperu.com\/index.php\/wp-json\/wp\/v2\/types\/post"}],"author":[{"embeddable":true,"href":"https:\/\/elinformanteperu.com\/index.php\/wp-json\/wp\/v2\/users\/1"}],"replies":[{"embeddable":true,"href":"https:\/\/elinformanteperu.com\/index.php\/wp-json\/wp\/v2\/comments?post=124543"}],"version-history":[{"count":1,"href":"https:\/\/elinformanteperu.com\/index.php\/wp-json\/wp\/v2\/posts\/124543\/revisions"}],"predecessor-version":[{"id":124549,"href":"https:\/\/elinformanteperu.com\/index.php\/wp-json\/wp\/v2\/posts\/124543\/revisions\/124549"}],"wp:featuredmedia":[{"embeddable":true,"href":"https:\/\/elinformanteperu.com\/index.php\/wp-json\/wp\/v2\/media\/124544"}],"wp:attachment":[{"href":"https:\/\/elinformanteperu.com\/index.php\/wp-json\/wp\/v2\/media?parent=124543"}],"wp:term":[{"taxonomy":"category","embeddable":true,"href":"https:\/\/elinformanteperu.com\/index.php\/wp-json\/wp\/v2\/categories?post=124543"},{"taxonomy":"post_tag","embeddable":true,"href":"https:\/\/elinformanteperu.com\/index.php\/wp-json\/wp\/v2\/tags?post=124543"}],"curies":[{"name":"wp","href":"https:\/\/api.w.org\/{rel}","templated":true}]}}