{"id":124534,"date":"2024-09-02T22:04:06","date_gmt":"2024-09-03T03:04:06","guid":{"rendered":"https:\/\/elinformanteperu.com\/?p=124534"},"modified":"2024-09-02T22:04:06","modified_gmt":"2024-09-03T03:04:06","slug":"ministerio-de-cultura-3-proyectos-cinematograficos-de-iberoamerica-tendran-coproduccion-peruana-con-estimulos-economicos","status":"publish","type":"post","link":"https:\/\/elinformanteperu.com\/index.php\/2024\/09\/02\/ministerio-de-cultura-3-proyectos-cinematograficos-de-iberoamerica-tendran-coproduccion-peruana-con-estimulos-economicos\/","title":{"rendered":"Ministerio de Cultura: 3 proyectos cinematogr\u00e1ficos de Iberoam\u00e9rica tendr\u00e1n coproducci\u00f3n peruana con Est\u00edmulos Econ\u00f3micos"},"content":{"rendered":"<p><strong><span style=\"color: #000000;\">\u2022 Proyectos recibir\u00e1n en total S\/900 mil, para promover empleo a profesionales, t\u00e9cnicos y artistas peruanos.<\/span><\/strong><\/p>\n<p><span style=\"color: #000000;\"><strong>Lima, 02 Setiembre 2024, (El Informante Per\u00fa).-<\/strong> En el marco de los Est\u00edmulos Econ\u00f3micos para el fomento de la actividad cinematogr\u00e1fica y audiovisual 2024 &#8211; Edici\u00f3n Bicentenario, el Ministerio de Cultura anunci\u00f3, mediante Resoluci\u00f3n Directoral N.\u00ba 000875-2024-DGIA-VMPCIC\/MC, a los proyectos beneficiarios del Concurso Nacional de Coproducciones Minoritarias 2024.<\/span><\/p>\n<p><span style=\"color: #000000;\"><strong>El proyecto \u201cDiamante\u201d<\/strong> representado por la empresa peruana, Ayara Producciones E.I.R.L. del Cusco, result\u00f3 beneficiaria con S\/355 mil, para participar como empresa minoritaria de la pel\u00edcula que proviene de Bolivia, con la empresa Empat\u00eda Cinema.<\/span><\/p>\n<p><span style=\"color: #000000;\">\u201cDiamante\u201d cuenta la historia de Petra, una cantante adolescente rebelde que combina su lengua ind\u00edgena con el subg\u00e9nero del hip hop, Trap, y se niega a ajustarse a las tradiciones de su comunidad y de su familia.<\/span><\/p>\n<p><span style=\"color: #000000;\">Del mismo modo, <strong>el proyecto \u201cOfelia\u201d<\/strong> tendr\u00e1 participaci\u00f3n minoritaria de la empresa Mano de Obra Cine S.A. de la regi\u00f3n Lima y recibir\u00e1n S\/355 mil.<\/span><\/p>\n<p><span style=\"color: #000000;\">\u201cOfelia\u201d es un proyecto argentino, de la empresa Bikini Films, que cuenta la historia de la protagonista, que sufre al no haber encontrado un sentido a su vida. Pero esto cambia cuando se reencuentra con Marina, una ex alumna, veinte a\u00f1os menor, que vive en Europa y regresa a la Argentina.<\/span><\/p>\n<p><span style=\"color: #000000;\">Finalmente,<strong> el proyecto documental \u201cCuarzo\u201d<\/strong> de la empresa de la regi\u00f3n Lima, Suena Per\u00fa S.R.L., participar\u00e1 como coproductora minoritaria con un monto de S\/190 mil. \u201cCuarzo\u201d es una producci\u00f3n espa\u00f1ola, de la empresa DanidogFilms.<\/span><\/p>\n<p><span style=\"color: #000000;\">Este documental narra sobre c\u00f3mo se tratan y se cuidan las heridas internas a trav\u00e9s de la investigaci\u00f3n, el testimonio y las voces de quienes han sufrido abusos en la infancia, y de c\u00f3mo aprender a vivir con ello, cuando alguien te arrebata lo m\u00e1s preciado.<\/span><\/p>\n<p><span style=\"color: #000000;\">De esta forma dos proyectos provenientes de la regi\u00f3n Lima y uno de la regi\u00f3n Cusco resultaron beneficiarios, lo que permitir\u00e1 el intercambio profesional, t\u00e9cnico y art\u00edstico de peruanas y peruanos con importantes industrias cinematogr\u00e1ficas de Iberoam\u00e9rica. Asimismo, promover\u00e1 empleo a profesionales, t\u00e9cnicos y artistas peruanos.<\/span><\/p>\n<p><span style=\"color: #000000;\">En a\u00f1os anteriores, pel\u00edculas como \u201cLina de Lima\u201d, protagonizada por Magaly Solier y rodada en Chile, o \u201cHuesera\u201d, grabada en M\u00e9xico y ganadora a Mejor Guion Original en los 65 Premios Ariel y en diversos festivales internacionales, se hicieron con talento peruano, gracias a los Est\u00edmulos Econ\u00f3micos del Ministerio de Cultura del Per\u00fa.<\/span><\/p>\n<p><span style=\"color: #000000;\">En ese marco, desde el Ministerio de Cultura, se vienen dando los resultados de la convocatoria que se enmarca en el Decreto de Urgencia 022-2019, ley de cine vigente, que atiende a todos los procesos de la cadena de valor y productiva del sector cinematogr\u00e1fico y audiovisual, tanto a nivel nacional como internacional.<\/span><\/p>\n<p><strong><span style=\"color: #000000;\">Encuesta sobre el cine peruano<\/span><\/strong><\/p>\n<p><span style=\"color: #000000;\">Al mismo tiempo, se desarrolla la Encuesta Ciudadana sobre el Cine Peruano, con el objetivo de recoger informaci\u00f3n directa de la ciudadan\u00eda sobre sus preferencias y opiniones acerca de las pel\u00edculas que consume, las tem\u00e1ticas de las mismas y los medios a trav\u00e9s de los cuales acceden a dichos films peruanos.<\/span><\/p>\n<p><span style=\"color: #000000;\">Se desarrolla de manera virtual, a trav\u00e9s de una plataforma de encuestas, y ser\u00e1 le\u00edda y llenada por cada persona durante un m\u00e1ximo de 5 minutos. Se invita a todas y todos los ciudadanos a participar ingresando a <strong>https:\/\/forms.gle\/5i6FJjdPgzKBszJ99<\/strong><\/span><\/p>\n<p><strong><span style=\"color: #000000;\">El dato:<\/span><\/strong><\/p>\n<p><span style=\"color: #000000;\">\u2022 Para el 2024, los Est\u00edmulos Econ\u00f3micos para el cine y el audiovisual, convocaron a 17 l\u00edneas concursables y no concursables por m\u00e1s de S\/27 millones, dirigidos a personas naturales y jur\u00eddicas que presenten sus proyectos en alguno de los est\u00edmulos que abarcan toda la cadena de valor y productiva del audiovisual.<\/span><\/p>\n<p><a href=\"https:\/\/elinformanteperu.com\/wp-content\/uploads\/2024\/09\/cine-peruano1.jpg\"><img fetchpriority=\"high\" decoding=\"async\" class=\"size-large wp-image-124536 aligncenter\" src=\"https:\/\/elinformanteperu.com\/wp-content\/uploads\/2024\/09\/cine-peruano1-1024x576.jpg\" alt=\"\" width=\"615\" height=\"346\" srcset=\"https:\/\/elinformanteperu.com\/wp-content\/uploads\/2024\/09\/cine-peruano1-1024x576.jpg 1024w, https:\/\/elinformanteperu.com\/wp-content\/uploads\/2024\/09\/cine-peruano1-300x169.jpg 300w, https:\/\/elinformanteperu.com\/wp-content\/uploads\/2024\/09\/cine-peruano1-768x432.jpg 768w, https:\/\/elinformanteperu.com\/wp-content\/uploads\/2024\/09\/cine-peruano1-1536x864.jpg 1536w, https:\/\/elinformanteperu.com\/wp-content\/uploads\/2024\/09\/cine-peruano1-620x350.jpg 620w, https:\/\/elinformanteperu.com\/wp-content\/uploads\/2024\/09\/cine-peruano1-935x526.jpg 935w, https:\/\/elinformanteperu.com\/wp-content\/uploads\/2024\/09\/cine-peruano1.jpg 1599w\" sizes=\"(max-width: 615px) 100vw, 615px\" \/><\/a><\/p>\n","protected":false},"excerpt":{"rendered":"<p>\u2022 Proyectos recibir\u00e1n en total S\/900 mil, para promover empleo a profesionales, t\u00e9cnicos y artistas peruanos. Lima, 02 Setiembre 2024, (El Informante Per\u00fa).- En el marco de los Est\u00edmulos Econ\u00f3micos para el fomento de la actividad cinematogr\u00e1fica y audiovisual 2024 &#8211; Edici\u00f3n Bicentenario, el Ministerio de Cultura anunci\u00f3, mediante Resoluci\u00f3n Directoral N.\u00ba 000875-2024-DGIA-VMPCIC\/MC, a los [&hellip;]<\/p>\n","protected":false},"author":1,"featured_media":124535,"comment_status":"closed","ping_status":"closed","sticky":false,"template":"","format":"standard","meta":{"rop_custom_images_group":[],"rop_custom_messages_group":[],"rop_publish_now":"initial","rop_publish_now_accounts":[],"rop_publish_now_history":[],"rop_publish_now_status":"pending","footnotes":""},"categories":[7],"tags":[],"class_list":["post-124534","post","type-post","status-publish","format-standard","has-post-thumbnail","hentry","category-butaca"],"_links":{"self":[{"href":"https:\/\/elinformanteperu.com\/index.php\/wp-json\/wp\/v2\/posts\/124534","targetHints":{"allow":["GET"]}}],"collection":[{"href":"https:\/\/elinformanteperu.com\/index.php\/wp-json\/wp\/v2\/posts"}],"about":[{"href":"https:\/\/elinformanteperu.com\/index.php\/wp-json\/wp\/v2\/types\/post"}],"author":[{"embeddable":true,"href":"https:\/\/elinformanteperu.com\/index.php\/wp-json\/wp\/v2\/users\/1"}],"replies":[{"embeddable":true,"href":"https:\/\/elinformanteperu.com\/index.php\/wp-json\/wp\/v2\/comments?post=124534"}],"version-history":[{"count":1,"href":"https:\/\/elinformanteperu.com\/index.php\/wp-json\/wp\/v2\/posts\/124534\/revisions"}],"predecessor-version":[{"id":124537,"href":"https:\/\/elinformanteperu.com\/index.php\/wp-json\/wp\/v2\/posts\/124534\/revisions\/124537"}],"wp:featuredmedia":[{"embeddable":true,"href":"https:\/\/elinformanteperu.com\/index.php\/wp-json\/wp\/v2\/media\/124535"}],"wp:attachment":[{"href":"https:\/\/elinformanteperu.com\/index.php\/wp-json\/wp\/v2\/media?parent=124534"}],"wp:term":[{"taxonomy":"category","embeddable":true,"href":"https:\/\/elinformanteperu.com\/index.php\/wp-json\/wp\/v2\/categories?post=124534"},{"taxonomy":"post_tag","embeddable":true,"href":"https:\/\/elinformanteperu.com\/index.php\/wp-json\/wp\/v2\/tags?post=124534"}],"curies":[{"name":"wp","href":"https:\/\/api.w.org\/{rel}","templated":true}]}}