{"id":124449,"date":"2024-08-29T23:22:14","date_gmt":"2024-08-30T04:22:14","guid":{"rendered":"https:\/\/elinformanteperu.com\/?p=124449"},"modified":"2024-08-29T23:22:14","modified_gmt":"2024-08-30T04:22:14","slug":"paris-2024-rodrigo-santillan-se-ubico-en-el-sexto-puesto-y-gano-el-diploma-olimpico","status":"publish","type":"post","link":"https:\/\/elinformanteperu.com\/index.php\/2024\/08\/29\/paris-2024-rodrigo-santillan-se-ubico-en-el-sexto-puesto-y-gano-el-diploma-olimpico\/","title":{"rendered":"Par\u00eds 2024: Rodrigo Santill\u00e1n se ubic\u00f3 en el sexto puesto y gan\u00f3 el diploma ol\u00edmpico"},"content":{"rendered":"<p><strong><span style=\"color: #000000;\">El nadador peruano ingres\u00f3 a la final de los 100 metros estilo espalda S2, pero no pudo subir al podio<\/span><\/strong><\/p>\n<p><span style=\"color: #000000;\"><strong>Lima, 29 de Agosto 2024, (ANDINA).-<\/strong> El paranadador Rodr\u00edgo Santill\u00e1n acab\u00f3 en el sexto lugar en la final de los 100 metros, estilo espalda S2, y sum\u00f3 el primer diploma paral\u00edmpico para el equipo peruano que compite en los Juegos Par\u00eds 2024 con 13 representantes.<\/span><\/p>\n<p><span style=\"color: #000000;\">Santill\u00e1n, paranadador del Programa Par\u00eds 2024 del Instituto Peruano del Deporte (IPD), finaliz\u00f3 en sexto lugar su participaci\u00f3n en la final de los 100 metros estilo espalda S2.<\/span><\/p>\n<p><span style=\"color: #000000;\">Rodrigo -cu\u00e1druple medallista de bronce en los Juegos ParaPanamericanos- cronometr\u00f3 2min18s61c para la distancia, que fue ganada por el brasile\u00f1o Gabriel dos Santos (1min53s67c), escoltado por Vladimir Danilenko (atletas neutrales) con 2min91s34c, y tercero el chileno Alberto Abarza.<\/span><\/p>\n<p><span style=\"color: #000000;\">El exponente nacional se hab\u00eda instalado, en horas de la madrugada, en la final de esta prueba al acabar tercero en el heat 1.<\/span><\/p>\n<p><span style=\"color: #000000;\">Santill\u00e1n fue el primer peruano en entrar en competencia y lo hizo de gran forma, incluso asegurando el primer diploma paral\u00edmpico en Par\u00eds 2024.<\/span><\/p>\n<p><span style=\"color: #000000;\">Fue la segunda final paral\u00edmpica que nad\u00f3 Santill\u00e1n, quien hace tres a\u00f1os ya disput\u00f3 una en Tokio 2020. El peruano emple\u00f3 2 minutos, 16 segundos y 35 cent\u00e9simas para los dos largos a la piscina que luci\u00f3 un marco especial de aficionados.<\/span><\/p>\n<p><span style=\"color: #000000;\">A sus 19 a\u00f1os, Rodrigo Santill\u00e1n ya es multimedallista en Juegos Parapanamericanos y tambi\u00e9n logr\u00f3 diploma paral\u00edmpico en Tokio 2020.<\/span><\/p>\n<p><span style=\"color: #000000;\">Ahora, el joven paradeportista tiene dos pruebas m\u00e1s por delante. El 31 de agosto disputar\u00e1 los 50 espalda y el 2 de setiembre lo har\u00e1 en los 200 libres.<\/span><\/p>\n<p><span style=\"color: #000000;\">El Team Per\u00fa lleg\u00f3 a esta cita paral\u00edmpica con una delegaci\u00f3n compuesta por 17 personas (13 paradeportistas y 4 asistentes-gu\u00edas).<\/span><\/p>\n<p><span style=\"color: #000000;\">Esta cifra supera a la delegaci\u00f3n de los anteriores Juegos deTokio 2020 en el que asistieron 11 paradeportistas y duplica la cantidad que asisti\u00f3 a R\u00edo 2016 a donde fueron 6 exponentes.<\/span><\/p>\n<blockquote class=\"twitter-tweet\">\n<p dir=\"ltr\" lang=\"es\">\u00a1Gran debut! \ud83c\uddf5\ud83c\uddea<\/p>\n<p>Rodrigo Santill\u00e1n, paranadador del Programa Par\u00eds 2024 del IPD, finaliz\u00f3 en sexto lugar su participaci\u00f3n en la final de los 100 metros estilo espalda S2 (2:18.61). \ud83c\udfca\u200d\u2642\ufe0f<\/p>\n<p>Es el primer diploma paral\u00edmpico oficial de la delegaci\u00f3n nacional en Par\u00eds 2024. \ud83d\udcaa\ud83c\uddeb\ud83c\uddf7<\/p>\n<p>\ud83d\udcf8 RS <a href=\"https:\/\/t.co\/I64L4gVb8b\">pic.twitter.com\/I64L4gVb8b<\/a><\/p>\n<p>\u2014 ipdperu (@ipdperu) <a href=\"https:\/\/twitter.com\/ipdperu\/status\/1829191362165784774?ref_src=twsrc%5Etfw\">August 29, 2024<\/a><\/p><\/blockquote>\n<p><script async src=\"https:\/\/platform.twitter.com\/widgets.js\" charset=\"utf-8\"><\/script><\/p>\n","protected":false},"excerpt":{"rendered":"<p>El nadador peruano ingres\u00f3 a la final de los 100 metros estilo espalda S2, pero no pudo subir al podio Lima, 29 de Agosto 2024, (ANDINA).- El paranadador Rodr\u00edgo Santill\u00e1n acab\u00f3 en el sexto lugar en la final de los 100 metros, estilo espalda S2, y sum\u00f3 el primer diploma paral\u00edmpico para el equipo peruano [&hellip;]<\/p>\n","protected":false},"author":1,"featured_media":124450,"comment_status":"closed","ping_status":"closed","sticky":false,"template":"","format":"standard","meta":{"rop_custom_images_group":[],"rop_custom_messages_group":[],"rop_publish_now":"initial","rop_publish_now_accounts":[],"rop_publish_now_history":[],"rop_publish_now_status":"pending","footnotes":""},"categories":[8],"tags":[7640,6759],"class_list":["post-124449","post","type-post","status-publish","format-standard","has-post-thumbnail","hentry","category-disciplinas-deportivas","tag-juegos-paralimpicos-paris-2024","tag-rodrigo-santillan"],"_links":{"self":[{"href":"https:\/\/elinformanteperu.com\/index.php\/wp-json\/wp\/v2\/posts\/124449","targetHints":{"allow":["GET"]}}],"collection":[{"href":"https:\/\/elinformanteperu.com\/index.php\/wp-json\/wp\/v2\/posts"}],"about":[{"href":"https:\/\/elinformanteperu.com\/index.php\/wp-json\/wp\/v2\/types\/post"}],"author":[{"embeddable":true,"href":"https:\/\/elinformanteperu.com\/index.php\/wp-json\/wp\/v2\/users\/1"}],"replies":[{"embeddable":true,"href":"https:\/\/elinformanteperu.com\/index.php\/wp-json\/wp\/v2\/comments?post=124449"}],"version-history":[{"count":1,"href":"https:\/\/elinformanteperu.com\/index.php\/wp-json\/wp\/v2\/posts\/124449\/revisions"}],"predecessor-version":[{"id":124451,"href":"https:\/\/elinformanteperu.com\/index.php\/wp-json\/wp\/v2\/posts\/124449\/revisions\/124451"}],"wp:featuredmedia":[{"embeddable":true,"href":"https:\/\/elinformanteperu.com\/index.php\/wp-json\/wp\/v2\/media\/124450"}],"wp:attachment":[{"href":"https:\/\/elinformanteperu.com\/index.php\/wp-json\/wp\/v2\/media?parent=124449"}],"wp:term":[{"taxonomy":"category","embeddable":true,"href":"https:\/\/elinformanteperu.com\/index.php\/wp-json\/wp\/v2\/categories?post=124449"},{"taxonomy":"post_tag","embeddable":true,"href":"https:\/\/elinformanteperu.com\/index.php\/wp-json\/wp\/v2\/tags?post=124449"}],"curies":[{"name":"wp","href":"https:\/\/api.w.org\/{rel}","templated":true}]}}