{"id":124446,"date":"2024-08-29T22:42:43","date_gmt":"2024-08-30T03:42:43","guid":{"rendered":"https:\/\/elinformanteperu.com\/?p=124446"},"modified":"2024-08-29T22:42:43","modified_gmt":"2024-08-30T03:42:43","slug":"uruguay-despide-al-futbolista-juan-izquierdo-en-concurrido-funeral","status":"publish","type":"post","link":"https:\/\/elinformanteperu.com\/index.php\/2024\/08\/29\/uruguay-despide-al-futbolista-juan-izquierdo-en-concurrido-funeral\/","title":{"rendered":"Uruguay despide al futbolista Juan Izquierdo en concurrido funeral"},"content":{"rendered":"<p><strong><span style=\"color: #000000;\">El \u00faltimo adi\u00f3s del jugador que falleci\u00f3 de un paro card\u00edaco congreg\u00f3 a miles de personas conmovida<\/span><\/strong><\/p>\n<p><span style=\"color: #000000;\"><strong>Montevideo, 29 de Agosto 2024, (ANDINA).-<\/strong> El \u00faltimo adi\u00f3s al futbolista del club Nacional de Uruguay Juan Izquierdo, fallecido en Brasil el martes tras sufrir una crisis card\u00edaca en pleno partido de la Copa Libertadores, congreg\u00f3 el jueves en Montevideo a miles de personas conmovidas por su muerte.<\/span><\/p>\n<p><span style=\"color: #000000;\">zquierdo, de 27 a\u00f1os, muri\u00f3 tras permanecer cinco d\u00edas en terapia intensiva en Sao Paulo, en una tragedia que enlut\u00f3 al f\u00fatbol. Se hab\u00eda desplomado en el terreno de juego el 22 de agosto en un partido de su equipo ante el Sao Paulo.<\/span><\/p>\n<p><span style=\"color: #000000;\">Este jueves, el silencio, interrumpido en ocasiones por intensos aplausos, se adue\u00f1aron de las inmediaciones y de la sede del Club Nacional de F\u00fatbol en Montevideo, donde los restos del futbolista est\u00e1n siendo velados desde las 11H00 hasta las 13H00 locales (14H00 a 16H00 GMT) tras arribar a Montevideo en la medianoche del mi\u00e9rcoles en un C-212 \u00abAviocar\u00bb de la Fuerza A\u00e9rea Uruguaya.<\/span><\/p>\n<p><span style=\"color: #000000;\">Juan \u00abera un ejemplo (&#8230;) muy querido. Un muchacho integro\u00bb, dijo Alejandro Balbi, presidente de Nacional, a periodistas.<\/span><\/p>\n<p><span style=\"color: #000000;\">En un clima de profunda congoja, el p\u00fablico comenz\u00f3 a desfilar frente al f\u00e9retro del jugador ubicado en el Sal\u00f3n Cristal de la sede de Nacional, rodeado por arreglos florales enviados en su mayor\u00eda por colegas y clubes, constat\u00f3 la AFP.<\/span><\/p>\n<p><span style=\"color: #000000;\">Al lugar llegaron incluso cuatro jugadores de Sao Paulo provenientes de Brasil y una delegaci\u00f3n de Pe\u00f1arol, archirrival de Nacional en el f\u00fatbol uruguayo, integrada por sus jugadores de mayor ascendencia, su presidente Ignacio Ruglio, su DT Diego Aguirre y dirigentes.<\/span><\/p>\n<p><span style=\"color: #000000;\">Tras el velatorio p\u00fablico no habr\u00e1 sepelio, inform\u00f3 Nacional, que decret\u00f3 cinco d\u00edas de duelo con banderas a media asta.<\/span><\/p>\n<p><span style=\"color: #000000;\">La despedida se inici\u00f3 el mi\u00e9rcoles con decenas de personas acerc\u00e1ndose a la casa del Bolso para homenajear a Izquierdo con flores, velas, dibujos, mensajes y banderas. Algunos se santiguaban al tocar fotos del zaguero de sonrisa ancha.<\/span><\/p>\n<p><span style=\"color: #000000;\">Hubo abrazos entre hinchas de Nacional y Pe\u00f1arol, donde tambi\u00e9n jug\u00f3 Izquierdo en 2019.<\/span><\/p>\n<p><span style=\"color: #000000;\">Astros como Luis Su\u00e1rez, exjugador del Nacional, y exfiguras de la selecci\u00f3n nacional, como Diego Forl\u00e1n, identificado con Pe\u00f1arol, entre otros muchos futbolistas, se despidieron del \u00abNegr\u00f3n\u00bb, como se conoc\u00eda cari\u00f1osamente a Izquierdo.<\/span><\/p>\n<blockquote class=\"twitter-tweet\">\n<p dir=\"ltr\" lang=\"es\">Un hincha de Pe\u00f1arol dej\u00f3 su camiseta en la sede de Nacional como homenaje a nuestro querido Juan Izquierdo y se fue aplaudido por todos los presentes. \ud83d\udc4f <a href=\"https:\/\/t.co\/yzoEQiswsC\">pic.twitter.com\/yzoEQiswsC<\/a><\/p>\n<p>\u2014 \ud835\udc12\ud835\udc28\ud835\udc26\ud835\udc28\ud835\udc2c \ud835\udc0d\ud835\udc1a\ud835\udc1c\ud835\udc22\ud835\udc28\ud835\udc27\ud835\udc1a\ud835\udc25 (@SomosNacional1) <a href=\"https:\/\/twitter.com\/SomosNacional1\/status\/1829145477289533875?ref_src=twsrc%5Etfw\">August 29, 2024<\/a><\/p><\/blockquote>\n<p><script async src=\"https:\/\/platform.twitter.com\/widgets.js\" charset=\"utf-8\"><\/script><\/p>\n","protected":false},"excerpt":{"rendered":"<p>El \u00faltimo adi\u00f3s del jugador que falleci\u00f3 de un paro card\u00edaco congreg\u00f3 a miles de personas conmovida Montevideo, 29 de Agosto 2024, (ANDINA).- El \u00faltimo adi\u00f3s al futbolista del club Nacional de Uruguay Juan Izquierdo, fallecido en Brasil el martes tras sufrir una crisis card\u00edaca en pleno partido de la Copa Libertadores, congreg\u00f3 el jueves [&hellip;]<\/p>\n","protected":false},"author":1,"featured_media":124447,"comment_status":"closed","ping_status":"closed","sticky":false,"template":"","format":"standard","meta":{"rop_custom_images_group":[],"rop_custom_messages_group":[],"rop_publish_now":"initial","rop_publish_now_accounts":[],"rop_publish_now_history":[],"rop_publish_now_status":"pending","footnotes":""},"categories":[8],"tags":[7637],"class_list":["post-124446","post","type-post","status-publish","format-standard","has-post-thumbnail","hentry","category-disciplinas-deportivas","tag-juan-izquierdo"],"_links":{"self":[{"href":"https:\/\/elinformanteperu.com\/index.php\/wp-json\/wp\/v2\/posts\/124446","targetHints":{"allow":["GET"]}}],"collection":[{"href":"https:\/\/elinformanteperu.com\/index.php\/wp-json\/wp\/v2\/posts"}],"about":[{"href":"https:\/\/elinformanteperu.com\/index.php\/wp-json\/wp\/v2\/types\/post"}],"author":[{"embeddable":true,"href":"https:\/\/elinformanteperu.com\/index.php\/wp-json\/wp\/v2\/users\/1"}],"replies":[{"embeddable":true,"href":"https:\/\/elinformanteperu.com\/index.php\/wp-json\/wp\/v2\/comments?post=124446"}],"version-history":[{"count":1,"href":"https:\/\/elinformanteperu.com\/index.php\/wp-json\/wp\/v2\/posts\/124446\/revisions"}],"predecessor-version":[{"id":124448,"href":"https:\/\/elinformanteperu.com\/index.php\/wp-json\/wp\/v2\/posts\/124446\/revisions\/124448"}],"wp:featuredmedia":[{"embeddable":true,"href":"https:\/\/elinformanteperu.com\/index.php\/wp-json\/wp\/v2\/media\/124447"}],"wp:attachment":[{"href":"https:\/\/elinformanteperu.com\/index.php\/wp-json\/wp\/v2\/media?parent=124446"}],"wp:term":[{"taxonomy":"category","embeddable":true,"href":"https:\/\/elinformanteperu.com\/index.php\/wp-json\/wp\/v2\/categories?post=124446"},{"taxonomy":"post_tag","embeddable":true,"href":"https:\/\/elinformanteperu.com\/index.php\/wp-json\/wp\/v2\/tags?post=124446"}],"curies":[{"name":"wp","href":"https:\/\/api.w.org\/{rel}","templated":true}]}}