{"id":124382,"date":"2024-08-28T23:28:53","date_gmt":"2024-08-29T04:28:53","guid":{"rendered":"https:\/\/elinformanteperu.com\/?p=124382"},"modified":"2024-08-28T23:28:53","modified_gmt":"2024-08-29T04:28:53","slug":"santa-rosa-de-lima-habra-feriado-largo-desde-el-viernes-30-de-agosto","status":"publish","type":"post","link":"https:\/\/elinformanteperu.com\/index.php\/2024\/08\/28\/santa-rosa-de-lima-habra-feriado-largo-desde-el-viernes-30-de-agosto\/","title":{"rendered":"Santa Rosa de Lima: habr\u00e1 feriado largo desde el viernes 30 de agosto"},"content":{"rendered":"<p><strong><span style=\"color: #000000;\">Conoce en esta nota qu\u00e9 otros feriados tendr\u00e1 el Per\u00fa en lo que resta del 2024<\/span><\/strong><\/p>\n<p><span style=\"color: #000000;\"><strong>Lima, 28 de Agosto 2024, (ANDINA).-<\/strong> El feriado nacional en homenaje a Santa Rosa de Lima, la primera santa de Am\u00e9rica, brindar\u00e1 la posibilidad de un breve descanso laboral y acad\u00e9mico, lo que permitir\u00e1 a muchas personas un momento de desconexi\u00f3n o concluir actividades que quedaron pendientes.<\/span><\/p>\n<p><span style=\"color: #000000;\">De esa manera, el fin de semana largo comenzar\u00e1 el viernes 30 (feriado), fecha que se sumar\u00e1 al s\u00e1bado 31 de agosto y el domingo 1 de setiembre. Distintas instituciones p\u00fablicas y privadas organizan actividades para acudir en familia aprovechando estos d\u00edas de reposo.<\/span><\/p>\n<p><span style=\"color: #000000;\">Una de las opciones podr\u00eda ser la visita a la Bas\u00edlica de Santo Domingo, en el Centro de Lima, convento que conserva en su interior pinturas e im\u00e1genes de aquellas \u00e9pocas coloniales, pero entre sus mayores tesoros est\u00e1n las reliquias de los santos peruanos Rosa de Lima y Mart\u00edn de Porres.<\/span><\/p>\n<p><span style=\"color: #000000;\">En di\u00e1logo con la agencia Andina, el padre Luis Enrique Ram\u00edrez Camacho, prior del Santuario de Santa Rosa de Lima y director del museo del Convento de Santo Domingo, indic\u00f3 que en la Bas\u00edlica de Santo Domingo, situada en el cruce del jir\u00f3n Conde de Superunda con jir\u00f3n Caman\u00e1, se encuentra el cr\u00e1neo y en el museo del convento est\u00e1 el om\u00f3plato de Santa Rosa, principales reliquias de la santa peruana.<\/span><\/p>\n<p><span style=\"color: #000000;\">\u201cLas principales reliquias de Santa Rosa se encuentran en la Bas\u00edlica de Santo Domingo, lugar donde est\u00e1 su cr\u00e1neo; y en el museo del convento, los om\u00f3platos. El resto de las reliquias est\u00e1n en diferentes partes del mundo como en Filipinas, Holanda, Argentina, etc.\u201d, puntualiz\u00f3.<\/span><\/p>\n<p><span style=\"color: #000000;\">Para ver estas reliquias, los fieles no tienen que pagar absolutamente nada porque est\u00e1n dentro de la misma iglesia situados en uno de los altares. Conoce m\u00e1s sobre esta visita en el siguiente enlace web.<\/span><\/p>\n<p><span style=\"color: #000000;\">Para los devotos de la santa lime\u00f1a, el santuario de Santa Rosa de Lima, ubicado en el cruce de la avenida Tacna y jir\u00f3n Conde de Superunda, en el centro de Lima, es un lugar de visita obligada en estas fechas pues se trata del lugar donde la santa lime\u00f1a pas\u00f3 parte de su vida.<\/span><\/p>\n<p><a href=\"https:\/\/elinformanteperu.com\/wp-content\/uploads\/2021\/08\/santa-rosa-de-lima.jpg\"><img fetchpriority=\"high\" decoding=\"async\" class=\"size-large wp-image-104332 aligncenter\" src=\"https:\/\/elinformanteperu.com\/wp-content\/uploads\/2021\/08\/santa-rosa-de-lima-1024x683.jpg\" alt=\"\" width=\"615\" height=\"410\" srcset=\"https:\/\/elinformanteperu.com\/wp-content\/uploads\/2021\/08\/santa-rosa-de-lima-1024x683.jpg 1024w, https:\/\/elinformanteperu.com\/wp-content\/uploads\/2021\/08\/santa-rosa-de-lima-300x200.jpg 300w, https:\/\/elinformanteperu.com\/wp-content\/uploads\/2021\/08\/santa-rosa-de-lima-768x512.jpg 768w, https:\/\/elinformanteperu.com\/wp-content\/uploads\/2021\/08\/santa-rosa-de-lima-1536x1025.jpg 1536w, https:\/\/elinformanteperu.com\/wp-content\/uploads\/2021\/08\/santa-rosa-de-lima.jpg 1800w\" sizes=\"(max-width: 615px) 100vw, 615px\" \/><\/a><strong><span style=\"color: #000000;\">Pago adicional por trabajar el 30 de agosto<\/span><\/strong><\/p>\n<p><span style=\"color: #000000;\">De acuerdo con la Superintendencia Nacional de Fiscalizaci\u00f3n Laboral (Sunafil), si una empresa llama al trabajador para laborar el 30 de agosto, de manera presencial o remota, se presentar\u00e1n dos escenarios:<\/span><\/p>\n<p><span style=\"color: #000000;\"><strong>1.<\/strong> Que el empleador otorgue un d\u00eda en compensaci\u00f3n por el d\u00eda trabajado.<\/span><br \/>\n<span style=\"color: #000000;\"><strong>2.<\/strong> En caso no haya compensaci\u00f3n, el trabajador deber\u00e1 recibir tres remuneraciones:<\/span><br \/>\n<span style=\"color: #000000;\">&#8211; Una por el d\u00eda feriado.<\/span><br \/>\n<span style=\"color: #000000;\">&#8211; Una por el trabajo que realiza<\/span><br \/>\n<span style=\"color: #000000;\">&#8211; Una sobretasa del 100 %.<\/span><\/p>\n<p><span style=\"color: #000000;\"><strong>Ejemplo:<\/strong> si la remuneraci\u00f3n diaria de un trabajador equivale a 50 soles, este recibir\u00e1 50 soles por dicho d\u00eda (ya incluido en la remuneraci\u00f3n semanal, quincenal o mensual); 50 soles m\u00e1s por el trabajo realizado y 50 soles m\u00e1s como sobretasa. En total, deber\u00e1 recibir 150 soles por este feriado laborado.<\/span><\/p>\n<p><strong><span style=\"color: #000000;\">Otros feriados<\/span><\/strong><\/p>\n<p><span style=\"color: #000000;\">Adem\u00e1s del 30 de agosto, otros feriados que tendr\u00e1 el Per\u00fa en lo que resta del 2024 son:<\/span><\/p>\n<p><span style=\"color: #000000;\">\u2013 Combate de Angamos (8 de octubre)<\/span><\/p>\n<p><span style=\"color: #000000;\">\u2013 Todos los Santos (1\u00b0 de noviembre)<\/span><\/p>\n<p><span style=\"color: #000000;\">\u2013 Concepci\u00f3n (8 de diciembre)<\/span><\/p>\n<p><span style=\"color: #000000;\">\u2013 Batalla de Ayacucho (9 de diciembre)<\/span><\/p>\n<p><span style=\"color: #000000;\">\u2013 Navidad del Se\u00f1or (25 de diciembre).<\/span><\/p>\n<p><a href=\"https:\/\/elinformanteperu.com\/wp-content\/uploads\/2024\/08\/feriados6.jpg\"><img decoding=\"async\" class=\"size-large wp-image-124384 aligncenter\" src=\"https:\/\/elinformanteperu.com\/wp-content\/uploads\/2024\/08\/feriados6-1024x683.jpg\" alt=\"\" width=\"615\" height=\"410\" srcset=\"https:\/\/elinformanteperu.com\/wp-content\/uploads\/2024\/08\/feriados6-1024x683.jpg 1024w, https:\/\/elinformanteperu.com\/wp-content\/uploads\/2024\/08\/feriados6-300x200.jpg 300w, https:\/\/elinformanteperu.com\/wp-content\/uploads\/2024\/08\/feriados6-768x512.jpg 768w, https:\/\/elinformanteperu.com\/wp-content\/uploads\/2024\/08\/feriados6-1536x1024.jpg 1536w, https:\/\/elinformanteperu.com\/wp-content\/uploads\/2024\/08\/feriados6.jpg 1800w\" sizes=\"(max-width: 615px) 100vw, 615px\" \/><\/a><\/p>\n","protected":false},"excerpt":{"rendered":"<p>Conoce en esta nota qu\u00e9 otros feriados tendr\u00e1 el Per\u00fa en lo que resta del 2024 Lima, 28 de Agosto 2024, (ANDINA).- El feriado nacional en homenaje a Santa Rosa de Lima, la primera santa de Am\u00e9rica, brindar\u00e1 la posibilidad de un breve descanso laboral y acad\u00e9mico, lo que permitir\u00e1 a muchas personas un momento [&hellip;]<\/p>\n","protected":false},"author":1,"featured_media":124383,"comment_status":"closed","ping_status":"closed","sticky":false,"template":"","format":"standard","meta":{"rop_custom_images_group":[],"rop_custom_messages_group":[],"rop_publish_now":"initial","rop_publish_now_accounts":[],"rop_publish_now_history":[],"rop_publish_now_status":"pending","footnotes":""},"categories":[10,5746,21],"tags":[],"class_list":["post-124382","post","type-post","status-publish","format-standard","has-post-thumbnail","hentry","category-actualidad-municipal","category-foto-noticias","category-orientacion"],"_links":{"self":[{"href":"https:\/\/elinformanteperu.com\/index.php\/wp-json\/wp\/v2\/posts\/124382","targetHints":{"allow":["GET"]}}],"collection":[{"href":"https:\/\/elinformanteperu.com\/index.php\/wp-json\/wp\/v2\/posts"}],"about":[{"href":"https:\/\/elinformanteperu.com\/index.php\/wp-json\/wp\/v2\/types\/post"}],"author":[{"embeddable":true,"href":"https:\/\/elinformanteperu.com\/index.php\/wp-json\/wp\/v2\/users\/1"}],"replies":[{"embeddable":true,"href":"https:\/\/elinformanteperu.com\/index.php\/wp-json\/wp\/v2\/comments?post=124382"}],"version-history":[{"count":1,"href":"https:\/\/elinformanteperu.com\/index.php\/wp-json\/wp\/v2\/posts\/124382\/revisions"}],"predecessor-version":[{"id":124385,"href":"https:\/\/elinformanteperu.com\/index.php\/wp-json\/wp\/v2\/posts\/124382\/revisions\/124385"}],"wp:featuredmedia":[{"embeddable":true,"href":"https:\/\/elinformanteperu.com\/index.php\/wp-json\/wp\/v2\/media\/124383"}],"wp:attachment":[{"href":"https:\/\/elinformanteperu.com\/index.php\/wp-json\/wp\/v2\/media?parent=124382"}],"wp:term":[{"taxonomy":"category","embeddable":true,"href":"https:\/\/elinformanteperu.com\/index.php\/wp-json\/wp\/v2\/categories?post=124382"},{"taxonomy":"post_tag","embeddable":true,"href":"https:\/\/elinformanteperu.com\/index.php\/wp-json\/wp\/v2\/tags?post=124382"}],"curies":[{"name":"wp","href":"https:\/\/api.w.org\/{rel}","templated":true}]}}