{"id":124379,"date":"2024-08-28T23:24:31","date_gmt":"2024-08-29T04:24:31","guid":{"rendered":"https:\/\/elinformanteperu.com\/?p=124379"},"modified":"2024-08-28T23:24:31","modified_gmt":"2024-08-29T04:24:31","slug":"santa-rosa-de-lima-festeja-el-feriado-de-este-viernes-en-el-parque-de-las-leyendas","status":"publish","type":"post","link":"https:\/\/elinformanteperu.com\/index.php\/2024\/08\/28\/santa-rosa-de-lima-festeja-el-feriado-de-este-viernes-en-el-parque-de-las-leyendas\/","title":{"rendered":"Santa Rosa de Lima: festeja el feriado de este viernes en el Parque de las Leyendas"},"content":{"rendered":"<p><strong><span style=\"color: #000000;\">Horario de atenci\u00f3n para ambas sedes es de lunes a domingo y feriados de las 09:00 a 17:00<\/span><\/strong><\/p>\n<p><span style=\"color: #000000;\"><strong>Lima, 28 de Agosto 2024, (ANDINA).-<\/strong> Este viernes 30 de agosto el Parque de las Leyendas tiene preparadas diversas actividades para disfrutar de este feriado en el marco de la celebraci\u00f3n por el D\u00eda de Santa Rosa de Lima, inform\u00f3 la entidad.<\/span><\/p>\n<p><span style=\"color: #000000;\">El zool\u00f3gico permitir\u00e1 el ingreso de las primeras 200 personas que se llamen Rosa, en el marco de esa celebraci\u00f3n.<\/span><\/p>\n<p><span style=\"color: #000000;\">Desde las 09:00 horas las puertas se abrir\u00e1n para que los primeros cien asistentes ingresen gratuitamente a la sede de San Miguel y los otros cien, a la sede de Huachipa, donde podr\u00e1n disfrutar de sus instalaciones.<\/span><\/p>\n<p><span style=\"color: #000000;\">En el distrito de San Miguel, a las 10:00, se efectuar\u00e1 una escenificaci\u00f3n por la Patrona de las Am\u00e9ricas y las Filipinas; y el p\u00fablico realizar\u00e1 sus cartas y las echar\u00e1n en el pozo de los deseos en Villa Carmelo.<\/span><\/p>\n<p><span style=\"color: #000000;\">Asimismo, durante su visita, los asistentes pueden recorrer las zonas: costa, sierra, selva e internacional, y conocer las especies de la colecci\u00f3n zool\u00f3gica; as\u00ed como el jard\u00edn bot\u00e1nico, museos y monumentos del complejo arqueol\u00f3gico Maranga.<\/span><\/p>\n<p><span style=\"color: #000000;\">La santa peruana tambi\u00e9n es la Patrona de la Polic\u00eda Nacional del Per\u00fa y de las enfermeras.<\/span><\/p>\n<p><span style=\"color: #000000;\">El horario de atenci\u00f3n para ambas sedes es de lunes a domingo y feriados de las 09:00 a 17:00. Adem\u00e1s, el Parque de las Leyendas comunica su compromiso de proporcionar cultura, esparcimiento y recreaci\u00f3n cultural a favor de la comunidad, promocionando las diferentes riquezas naturales de nuestro pa\u00eds y el mundo.<\/span><\/p>\n","protected":false},"excerpt":{"rendered":"<p>Horario de atenci\u00f3n para ambas sedes es de lunes a domingo y feriados de las 09:00 a 17:00 Lima, 28 de Agosto 2024, (ANDINA).- Este viernes 30 de agosto el Parque de las Leyendas tiene preparadas diversas actividades para disfrutar de este feriado en el marco de la celebraci\u00f3n por el D\u00eda de Santa Rosa [&hellip;]<\/p>\n","protected":false},"author":1,"featured_media":124380,"comment_status":"closed","ping_status":"closed","sticky":false,"template":"","format":"standard","meta":{"rop_custom_images_group":[],"rop_custom_messages_group":[],"rop_publish_now":"initial","rop_publish_now_accounts":[],"rop_publish_now_history":[],"rop_publish_now_status":"pending","footnotes":""},"categories":[5745],"tags":[],"class_list":["post-124379","post","type-post","status-publish","format-standard","has-post-thumbnail","hentry","category-lo-ultimo"],"_links":{"self":[{"href":"https:\/\/elinformanteperu.com\/index.php\/wp-json\/wp\/v2\/posts\/124379","targetHints":{"allow":["GET"]}}],"collection":[{"href":"https:\/\/elinformanteperu.com\/index.php\/wp-json\/wp\/v2\/posts"}],"about":[{"href":"https:\/\/elinformanteperu.com\/index.php\/wp-json\/wp\/v2\/types\/post"}],"author":[{"embeddable":true,"href":"https:\/\/elinformanteperu.com\/index.php\/wp-json\/wp\/v2\/users\/1"}],"replies":[{"embeddable":true,"href":"https:\/\/elinformanteperu.com\/index.php\/wp-json\/wp\/v2\/comments?post=124379"}],"version-history":[{"count":1,"href":"https:\/\/elinformanteperu.com\/index.php\/wp-json\/wp\/v2\/posts\/124379\/revisions"}],"predecessor-version":[{"id":124381,"href":"https:\/\/elinformanteperu.com\/index.php\/wp-json\/wp\/v2\/posts\/124379\/revisions\/124381"}],"wp:featuredmedia":[{"embeddable":true,"href":"https:\/\/elinformanteperu.com\/index.php\/wp-json\/wp\/v2\/media\/124380"}],"wp:attachment":[{"href":"https:\/\/elinformanteperu.com\/index.php\/wp-json\/wp\/v2\/media?parent=124379"}],"wp:term":[{"taxonomy":"category","embeddable":true,"href":"https:\/\/elinformanteperu.com\/index.php\/wp-json\/wp\/v2\/categories?post=124379"},{"taxonomy":"post_tag","embeddable":true,"href":"https:\/\/elinformanteperu.com\/index.php\/wp-json\/wp\/v2\/tags?post=124379"}],"curies":[{"name":"wp","href":"https:\/\/api.w.org\/{rel}","templated":true}]}}