{"id":124368,"date":"2024-08-28T23:13:42","date_gmt":"2024-08-29T04:13:42","guid":{"rendered":"https:\/\/elinformanteperu.com\/?p=124368"},"modified":"2024-08-28T23:13:42","modified_gmt":"2024-08-29T04:13:42","slug":"el-agustino-nueva-base-de-los-halcones-reducira-inseguridad-en-puente-nuevo","status":"publish","type":"post","link":"https:\/\/elinformanteperu.com\/index.php\/2024\/08\/28\/el-agustino-nueva-base-de-los-halcones-reducira-inseguridad-en-puente-nuevo\/","title":{"rendered":"El Agustino: nueva base de \u201cLos Halcones\u201d reducir\u00e1 inseguridad en Puente Nuevo"},"content":{"rendered":"<p><strong><span style=\"color: #000000;\">Alcalde saluda implementaci\u00f3n de unidad policial en el l\u00edmite con San Juan de Lurigancho<\/span><\/strong><\/p>\n<p><span style=\"color: #000000;\"><strong>Lima, 28 de Agosto 2024, (ANDINA).-<\/strong> El alcalde de El Agustino, Richard Soria, salud\u00f3 la inauguraci\u00f3n de una nueva base de Los Halcones de la Polic\u00eda Nacional en su distrito, la cual, dijo, impactar\u00e1 positivamente en el control y reducci\u00f3n de la delincuencia en las zonas m\u00e1s inseguras de su comuna, entre las que destac\u00f3 el concurrido Puente Nuevo.<\/span><\/p>\n<p><span style=\"color: #000000;\">\u201cTendremos 180 efectivos policiales con 80 motorizados y eso definitivamente va a ayudar a hacer un trabajo integrado con la municipalidad para darle seguridad a todos los vecinos de La Rivera y de Puente Nuevo, de forma especial\u201d, detall\u00f3 el burgomaestre.<\/span><\/p>\n<p><span style=\"color: #000000;\">La nueva base del Escuadr\u00f3n Motorizado de Intervenciones de Riesgo (Emir) de la Unidad de Emergencia Motorizada \u201cLos Halcones\u201d se ubica en el l\u00edmite entre los distritos de San Juan de Lurigancho y El Agustino.<\/span><\/p>\n<p><span style=\"color: #000000;\">\u201cSe trata de un lugar estrat\u00e9gico que, junto al general Monroy y al ministro Santiva\u00f1ez, vimos como una oportunidad para instalar una base de Los Halcones. Me dijeron que, si en 60 d\u00edas ten\u00edamos listos el segundo y tercer piso, traer\u00edan a Los Halcones para la seguridad los vecinos. Nosotros lo terminamos en 45 d\u00edas y el d\u00eda de hoy se ha concretado la inauguraci\u00f3n\u201d, detall\u00f3 el alcalde en entrevista con TV Per\u00fa.<\/span><\/p>\n<p><span style=\"color: #000000;\">El segundo piso de la base policial cuenta con una central de videoc\u00e1maras que trabaja con 34 puntos ya identificados, los cuales son monitoreados de forma permanente.<\/span><\/p>\n<p><span style=\"color: #000000;\">\u201cSi hay alguna incidencia o un robo, se comunicar\u00e1 a la central de c\u00e1maras y de all\u00ed a Los Halcones para salir y actuar de inmediato\u201d.<\/span><\/p>\n<p><span style=\"color: #000000;\">El burgomaestre destac\u00f3 el informe del INEI seg\u00fan el cual El Agustino fue el \u00fanico distrito de Lima Este que baj\u00f3 la cantidad de denuncias realizadas por los vecinos, lo cual, se\u00f1al\u00f3, es el resultado de las diversas acciones tomadas por su despacho.<\/span><\/p>\n<p><span style=\"color: #000000;\">\u201cPor ejemplo, estamos iluminando las v\u00edas principales, donde hay mayor incidencia delictiva. Estamos trabajando en la recuperaci\u00f3n de espacios p\u00fablicos, los campos de partidos para los ni\u00f1os y j\u00f3venes, el patrullaje integrado, el trabajo que hacemos en nueve sectores de El Agustino con 25 motos que hemos recibido en Lima\u201d.<\/span><\/p>\n<p><span style=\"color: #000000;\">Agreg\u00f3 que a estas acciones se suma la reciente compra de 14 camionetas, que van a llegar para reforzar el patrullaje en el distrito y la seguridad de los vecinos.<\/span><\/p>\n<p><span style=\"color: #000000;\">La presidenta Dina Boluarte, quien asisti\u00f3 a la ceremonia de inauguraci\u00f3n de la sede policial, afirm\u00f3 que esta nueva base ser\u00e1 clave para continuar impulsando los operativos \u201cAmanecer Seguro\u201d y \u201cRetorno Seguro\u201d, que la Polic\u00eda Nacional despliega de manera permanente al menos dos veces por semana en todas las regiones del pa\u00eds, de forma inopinada.<\/span><\/p>\n<p><span style=\"color: #000000;\">Asimismo, destac\u00f3 que el nuevo puesto policial de respuesta inmediata permitir\u00e1 generar una mayor proximidad entre las fuerzas del orden y la poblaci\u00f3n, contribuyendo al objetivo del Gobierno de mejorar la seguridad en las zonas urbanas vulnerables.<\/span><\/p>\n<p><span style=\"color: #000000;\">\u201cEsta base es una obra seria: son 420 metros cuadrados destinados a servir como base de operaciones para 180 efectivos policiales y 80 motos, listas para recorrer las zonas m\u00e1s conflictivas de Lima Metropolitana, beneficiando as\u00ed a m\u00e1s de un mill\u00f3n de habitantes,\u201d subray\u00f3.<\/span><\/p>\n<p><a href=\"https:\/\/elinformanteperu.com\/wp-content\/uploads\/2024\/08\/el-agustino-base-los-halcones1.jpg\"><img fetchpriority=\"high\" decoding=\"async\" class=\"size-large wp-image-124370 aligncenter\" src=\"https:\/\/elinformanteperu.com\/wp-content\/uploads\/2024\/08\/el-agustino-base-los-halcones1-1024x682.jpg\" alt=\"\" width=\"615\" height=\"410\" srcset=\"https:\/\/elinformanteperu.com\/wp-content\/uploads\/2024\/08\/el-agustino-base-los-halcones1-1024x682.jpg 1024w, https:\/\/elinformanteperu.com\/wp-content\/uploads\/2024\/08\/el-agustino-base-los-halcones1-300x200.jpg 300w, https:\/\/elinformanteperu.com\/wp-content\/uploads\/2024\/08\/el-agustino-base-los-halcones1-768x511.jpg 768w, https:\/\/elinformanteperu.com\/wp-content\/uploads\/2024\/08\/el-agustino-base-los-halcones1-1536x1022.jpg 1536w, https:\/\/elinformanteperu.com\/wp-content\/uploads\/2024\/08\/el-agustino-base-los-halcones1.jpg 1800w\" sizes=\"(max-width: 615px) 100vw, 615px\" \/><\/a><\/p>\n","protected":false},"excerpt":{"rendered":"<p>Alcalde saluda implementaci\u00f3n de unidad policial en el l\u00edmite con San Juan de Lurigancho Lima, 28 de Agosto 2024, (ANDINA).- El alcalde de El Agustino, Richard Soria, salud\u00f3 la inauguraci\u00f3n de una nueva base de Los Halcones de la Polic\u00eda Nacional en su distrito, la cual, dijo, impactar\u00e1 positivamente en el control y reducci\u00f3n de [&hellip;]<\/p>\n","protected":false},"author":1,"featured_media":124369,"comment_status":"closed","ping_status":"closed","sticky":false,"template":"","format":"standard","meta":{"rop_custom_images_group":[],"rop_custom_messages_group":[],"rop_publish_now":"initial","rop_publish_now_accounts":[],"rop_publish_now_history":[],"rop_publish_now_status":"pending","footnotes":""},"categories":[10],"tags":[],"class_list":["post-124368","post","type-post","status-publish","format-standard","has-post-thumbnail","hentry","category-actualidad-municipal"],"_links":{"self":[{"href":"https:\/\/elinformanteperu.com\/index.php\/wp-json\/wp\/v2\/posts\/124368","targetHints":{"allow":["GET"]}}],"collection":[{"href":"https:\/\/elinformanteperu.com\/index.php\/wp-json\/wp\/v2\/posts"}],"about":[{"href":"https:\/\/elinformanteperu.com\/index.php\/wp-json\/wp\/v2\/types\/post"}],"author":[{"embeddable":true,"href":"https:\/\/elinformanteperu.com\/index.php\/wp-json\/wp\/v2\/users\/1"}],"replies":[{"embeddable":true,"href":"https:\/\/elinformanteperu.com\/index.php\/wp-json\/wp\/v2\/comments?post=124368"}],"version-history":[{"count":1,"href":"https:\/\/elinformanteperu.com\/index.php\/wp-json\/wp\/v2\/posts\/124368\/revisions"}],"predecessor-version":[{"id":124371,"href":"https:\/\/elinformanteperu.com\/index.php\/wp-json\/wp\/v2\/posts\/124368\/revisions\/124371"}],"wp:featuredmedia":[{"embeddable":true,"href":"https:\/\/elinformanteperu.com\/index.php\/wp-json\/wp\/v2\/media\/124369"}],"wp:attachment":[{"href":"https:\/\/elinformanteperu.com\/index.php\/wp-json\/wp\/v2\/media?parent=124368"}],"wp:term":[{"taxonomy":"category","embeddable":true,"href":"https:\/\/elinformanteperu.com\/index.php\/wp-json\/wp\/v2\/categories?post=124368"},{"taxonomy":"post_tag","embeddable":true,"href":"https:\/\/elinformanteperu.com\/index.php\/wp-json\/wp\/v2\/tags?post=124368"}],"curies":[{"name":"wp","href":"https:\/\/api.w.org\/{rel}","templated":true}]}}