{"id":124364,"date":"2024-08-28T23:08:28","date_gmt":"2024-08-29T04:08:28","guid":{"rendered":"https:\/\/elinformanteperu.com\/?p=124364"},"modified":"2024-08-28T23:08:28","modified_gmt":"2024-08-29T04:08:28","slug":"peru-desfilo-por-todo-lo-alto-en-la-inauguracion-de-los-juegos-paralimpicos-paris-2024","status":"publish","type":"post","link":"https:\/\/elinformanteperu.com\/index.php\/2024\/08\/28\/peru-desfilo-por-todo-lo-alto-en-la-inauguracion-de-los-juegos-paralimpicos-paris-2024\/","title":{"rendered":"Per\u00fa desfil\u00f3 por todo lo alto en la inauguraci\u00f3n de los Juegos Paral\u00edmpicos Par\u00eds 2024"},"content":{"rendered":"<p><strong><span style=\"color: #000000;\">Los trece paradeportistas fueron liderados por los abanderados Pilar J\u00e1uregui y Jorge Arcela<\/span><\/strong><\/p>\n<p><span style=\"color: #000000;\"><strong>Lima, 28 de Agosto 2024, (ANDINA).-<\/strong> Con la ilusi\u00f3n puesta en alcanzar las medallas, el equipo peruano, compuesto por 13 paradeportistas, particip\u00f3 este mi\u00e9rcoles del desfile de las delegaciones en la inauguraci\u00f3n de los Juegos Paral\u00edmpicos de Par\u00eds 2024, que se desarroll\u00f3 en la Plaza de la Concordia de la capital francesa.<\/span><\/p>\n<p><span style=\"color: #000000;\">Haciendo gala de su alegr\u00eda y optimismo, los paradeportistas peruanos hicieron su ingreso por los Campos El\u00edseos y la Plaza de la Concordia, donde se desarroll\u00f3 la majestuosa ceremonia inaugural.<\/span><\/p>\n<p><span style=\"color: #000000;\">Los trece exponentes nacionales estuvieron vestidos con pantal\u00f3n negro y casacas de color blanco con rojo en las mangas y cuello. Cada uno de ellos portaba un sobrero chal\u00e1n y una peque\u00f1a bandera peruana que agitaron durante su marcha.<\/span><\/p>\n<p><span style=\"color: #000000;\">La delegaci\u00f3n estuvo liderada por Pilar J\u00e1uregui y Jorge Arcela, quienes fueron los abanderados.<\/span><\/p>\n<p><span style=\"color: #000000;\">A sus 36 a\u00f1os, Pilar J\u00e1uregui est\u00e1 en su mejor etapa para ganar una medalla. Tiene 3 preseas de oro en Juegos Parapanamericanos y lidera el ranking WH2. Ser\u00e1n sus segundos Juegos Paral\u00edmpicos.<\/span><\/p>\n<p><span style=\"color: #000000;\">Por su parte, Arcela en su primera experiencia en Juegos Paral\u00edmpicos competir\u00e1 en rifle y acumula tres medallas entre Los juegos Parapanamericanos Lima 2019 y Santiago 2023.<\/span><\/p>\n<p><span style=\"color: #000000;\">El Team Per\u00fa llega a esta cita con una delegaci\u00f3n compuesta por 17 personas (13 paradeportistas y 4 asistentes-gu\u00edas).<\/span><\/p>\n<p><span style=\"color: #000000;\">Los paradeportistas que defender\u00e1n los colores patrios en la capital francesa son: Ang\u00e9lica Espinoza (parataekwondo), Daniela Campos (para tiro con arco), Pilar J\u00e1uregui (parab\u00e1dminton), Giuliana Poveda (parab\u00e1dminton), Rubi Fern\u00e1ndez (parab\u00e1dminton), Dunia Felices (paranataci\u00f3n), Neri Mamani (paraatletismo), Niurka Callupe (boccia), Rodrigo Santill\u00e1n (paranataci\u00f3n), Jorge Arcela (tiro paradeportivo), Rosbil Guill\u00e9n (paraatletismo) e Israel Hilario (paraciclismo) y Diego Quispe (parapowerlifting).<\/span><\/p>\n<p><strong><span style=\"color: #000000;\">Per\u00fa en las Paral\u00edmpicos<\/span><\/strong><\/p>\n<p><span style=\"color: #000000;\">Esta cifra supera a la delegaci\u00f3n de los anteriores Juegos deTokio 2020 en el que asistieron 11 paradeportistas y duplica la cantidad que asisti\u00f3 a R\u00edo 2016 a donde fueron 6 exponentes.<\/span><\/p>\n<p><span style=\"color: #000000;\">En la historia de los Juegos Paral\u00edmpicos, el Per\u00fa lleva sumado 9 preseas, siendo la \u00faltima ganada en Tokio 202o gracias a la actuaci\u00f3n de la parataekwondista (-49kg) Ang\u00e9lica Espinoza, quien se hizo de la presea dorada.<\/span><\/p>\n<p><a href=\"https:\/\/elinformanteperu.com\/wp-content\/uploads\/2024\/08\/Peru-Paralimpicos-Paris-2024-1.jpg\"><img fetchpriority=\"high\" decoding=\"async\" class=\"size-large wp-image-124366 aligncenter\" src=\"https:\/\/elinformanteperu.com\/wp-content\/uploads\/2024\/08\/Peru-Paralimpicos-Paris-2024-1-1024x671.jpg\" alt=\"\" width=\"615\" height=\"403\" srcset=\"https:\/\/elinformanteperu.com\/wp-content\/uploads\/2024\/08\/Peru-Paralimpicos-Paris-2024-1-1024x671.jpg 1024w, https:\/\/elinformanteperu.com\/wp-content\/uploads\/2024\/08\/Peru-Paralimpicos-Paris-2024-1-300x197.jpg 300w, https:\/\/elinformanteperu.com\/wp-content\/uploads\/2024\/08\/Peru-Paralimpicos-Paris-2024-1-768x503.jpg 768w, https:\/\/elinformanteperu.com\/wp-content\/uploads\/2024\/08\/Peru-Paralimpicos-Paris-2024-1-1536x1006.jpg 1536w, https:\/\/elinformanteperu.com\/wp-content\/uploads\/2024\/08\/Peru-Paralimpicos-Paris-2024-1.jpg 1800w\" sizes=\"(max-width: 615px) 100vw, 615px\" \/><\/a><\/p>\n","protected":false},"excerpt":{"rendered":"<p>Los trece paradeportistas fueron liderados por los abanderados Pilar J\u00e1uregui y Jorge Arcela Lima, 28 de Agosto 2024, (ANDINA).- Con la ilusi\u00f3n puesta en alcanzar las medallas, el equipo peruano, compuesto por 13 paradeportistas, particip\u00f3 este mi\u00e9rcoles del desfile de las delegaciones en la inauguraci\u00f3n de los Juegos Paral\u00edmpicos de Par\u00eds 2024, que se desarroll\u00f3 [&hellip;]<\/p>\n","protected":false},"author":1,"featured_media":124365,"comment_status":"closed","ping_status":"closed","sticky":false,"template":"","format":"standard","meta":{"rop_custom_images_group":[],"rop_custom_messages_group":[],"rop_publish_now":"initial","rop_publish_now_accounts":[],"rop_publish_now_history":[],"rop_publish_now_status":"pending","footnotes":""},"categories":[8],"tags":[7640,1405],"class_list":["post-124364","post","type-post","status-publish","format-standard","has-post-thumbnail","hentry","category-disciplinas-deportivas","tag-juegos-paralimpicos-paris-2024","tag-atletismo"],"_links":{"self":[{"href":"https:\/\/elinformanteperu.com\/index.php\/wp-json\/wp\/v2\/posts\/124364","targetHints":{"allow":["GET"]}}],"collection":[{"href":"https:\/\/elinformanteperu.com\/index.php\/wp-json\/wp\/v2\/posts"}],"about":[{"href":"https:\/\/elinformanteperu.com\/index.php\/wp-json\/wp\/v2\/types\/post"}],"author":[{"embeddable":true,"href":"https:\/\/elinformanteperu.com\/index.php\/wp-json\/wp\/v2\/users\/1"}],"replies":[{"embeddable":true,"href":"https:\/\/elinformanteperu.com\/index.php\/wp-json\/wp\/v2\/comments?post=124364"}],"version-history":[{"count":1,"href":"https:\/\/elinformanteperu.com\/index.php\/wp-json\/wp\/v2\/posts\/124364\/revisions"}],"predecessor-version":[{"id":124367,"href":"https:\/\/elinformanteperu.com\/index.php\/wp-json\/wp\/v2\/posts\/124364\/revisions\/124367"}],"wp:featuredmedia":[{"embeddable":true,"href":"https:\/\/elinformanteperu.com\/index.php\/wp-json\/wp\/v2\/media\/124365"}],"wp:attachment":[{"href":"https:\/\/elinformanteperu.com\/index.php\/wp-json\/wp\/v2\/media?parent=124364"}],"wp:term":[{"taxonomy":"category","embeddable":true,"href":"https:\/\/elinformanteperu.com\/index.php\/wp-json\/wp\/v2\/categories?post=124364"},{"taxonomy":"post_tag","embeddable":true,"href":"https:\/\/elinformanteperu.com\/index.php\/wp-json\/wp\/v2\/tags?post=124364"}],"curies":[{"name":"wp","href":"https:\/\/api.w.org\/{rel}","templated":true}]}}