{"id":124358,"date":"2024-08-28T22:56:23","date_gmt":"2024-08-29T03:56:23","guid":{"rendered":"https:\/\/elinformanteperu.com\/?p=124358"},"modified":"2024-08-28T22:56:23","modified_gmt":"2024-08-29T03:56:23","slug":"uruguay-de-luto-espera-los-restos-del-futbolista-juan-izquierdo-fallecido-en-brasil","status":"publish","type":"post","link":"https:\/\/elinformanteperu.com\/index.php\/2024\/08\/28\/uruguay-de-luto-espera-los-restos-del-futbolista-juan-izquierdo-fallecido-en-brasil\/","title":{"rendered":"Uruguay de luto espera los restos del futbolista Juan Izquierdo fallecido en Brasil"},"content":{"rendered":"<p><strong><span style=\"color: #000000;\">La Asociaci\u00f3n de Uruguay de F\u00fatbol suspendi\u00f3 toda actividad competitiva al f\u00fatbol<\/span><\/strong><\/p>\n<p><span style=\"color: #000000;\"><strong>Montevideo, 28 de Agosto 2024, (ANDINA).-<\/strong> Uruguay, de luto por la muerte del joven futbolista del club Nacional Juan Izquierdo, quien sufri\u00f3 una crisis cardiaca en pleno partido de la Libertadores la semana pasada, espera este mi\u00e9rcoles la repatriaci\u00f3n de los restos del deportista desde Brasil.<\/span><\/p>\n<p><span style=\"color: #000000;\">El colpaso del Izquierdo, de 27 a\u00f1os, conmocion\u00f3 al mundo del f\u00fatbol y mantuvo en vilo a la opini\u00f3n p\u00fablica en la regi\u00f3n, que sigui\u00f3 con dolor su evoluci\u00f3n y ahora llora su fallecimiento.<\/span><\/p>\n<p><span style=\"color: #000000;\">La Fuerza A\u00e9rea Uruguaya inform\u00f3 que est\u00e1 en marcha un operativo para el traslado de Sao Paulo a Montevideo de los restos del deportista, en un C-212 \u00abAviocar\u00bb, y de sus familiares, en un Embraer C-120 \u00abBrasilia\u00bb. Se espera que ambos aviones lleguen a la capital uruguaya a \u00faltima hora del d\u00eda, seg\u00fan un comunicado.<\/span><\/p>\n<p><span style=\"color: #000000;\">El Club Nacional, donde Izquierdo militaba desde enero de este a\u00f1o, anunci\u00f3 que el velatorio ser\u00e1 el jueves de 11H00 a 13H00 locales (14h00 GMT a 16h00 GMT) en la sede social de la instituci\u00f3n en Montevideo, donde la bandera tricolor ondeaba a media asta.<\/span><\/p>\n<p><span style=\"color: #000000;\">\u00abPara siempre con nosotros, Juan\u00bb, se\u00f1al\u00f3 el club en sus redes sociales, junto con un video con im\u00e1genes del zaguero de sonrisa ancha y sus entusiastas palabras al sumarse al Bolso por segunda vez en su carrera.<\/span><\/p>\n<p><span style=\"color: #000000;\">\u00abTengo una alegr\u00eda enorme, trabaj\u00e9 para que este momento llegara\u00bb, se escucha decir a Izquierdo, que se refiere al Nacional como \u00abuna familia\u00bb. \u00abMe mor\u00eda de ganas solamente por estar\u00bb.<\/span><\/p>\n<p><span style=\"color: #000000;\">En Uruguay, un pa\u00eds donde el f\u00fatbol es venerado como una religi\u00f3n, la Asociaci\u00f3n Uruguaya de F\u00fatbol declar\u00f3 luto hasta el domingo, sin ninguna actividad competitiva organizada por la federaci\u00f3n. El campeonato local ya estaba suspendido desde el lunes, luego de la cancelaci\u00f3n de los partidos el fin de semana.<\/span><\/p>\n<p><span style=\"color: #000000;\">Astros como Luis Su\u00e1rez, tambi\u00e9n exjugador del Nacional, y exfiguras de la selecci\u00f3n nacional, como Diego Forl\u00e1n, entre otros muchos futbolistas, se despidieron de \u00abNegr\u00f3n\u00bb como se conoc\u00eda cari\u00f1osamente a Izquierdo.<\/span><\/p>\n<p><span style=\"color: #000000;\">\u00abUn d\u00eda triste para el f\u00fatbol\u00bb, dijo en su cuenta en X el club Sao Paulo al enviar sus condolencias \u00aba todo el pueblo uruguayo\u00bb.<\/span><\/p>\n<p><span style=\"color: #000000;\">El presidente de la FIFA, Gianni Infantino, tambi\u00e9n se hizo eco del dolor por \u00abel tr\u00e1gico fallecimiento\u00bb de Izquierdo y salud\u00f3 a sus deudos \u00aby a todos\u00bb en la Confederaci\u00f3n Sudamericana de F\u00fatbol (Conmebol).<\/span><\/p>\n<p><span style=\"color: #000000;\"><strong>\u00abEsta vez toc\u00f3 perder\u00bb<\/strong><\/span><\/p>\n<p><span style=\"color: #000000;\">Muy querido por compa\u00f1eros, cuerpo t\u00e9cnico y dirigentes a lo largo de su carrera, Izquierdo se inici\u00f3 en 2017 en el Club Atl\u00e9tico Cerro de Montevideo, jug\u00f3 luego en Pe\u00f1arol, en el Atl\u00e9tico San Luis de M\u00e9xico, y, de regreso en Uruguay, en Wanderers, en Nacional y en el Liverpool, antes de volver a fichar por el Bolso el 24 de enero.<\/span><\/p>\n<p><span style=\"color: #000000;\">Su desmayo el jueves durante el duelo contra el brasile\u00f1o Sao Paulo por el pase a los cuartos de final de la Copa Libertadores &#8211;que el anfitri\u00f3n termin\u00f3 ganando 2-0&#8211; enmudeci\u00f3 al estadio Morumb\u00ed de la capital paulista, que vio con estupor c\u00f3mo el defensa era sacado del campo de juego en ambulancia en medio de la desesperaci\u00f3n del resto de los jugadores.<\/span><\/p>\n<p><span style=\"color: #000000;\">Cinco d\u00edas despu\u00e9s se produjo el fatal desenlace \u00aba las 21:38 horas, por muerte cerebral tras un paro cardiorrespiratorio asociado a arritmia card\u00edaca\u00bb, seg\u00fan el parte del hospital Albert Einstein.<\/span><\/p>\n<p><span style=\"color: #000000;\">Izquierdo hab\u00eda sido ingresado en muy grave estado y permaneci\u00f3 siempre en terapia intensiva, sedado y con respiraci\u00f3n asistida, dijeron los m\u00e9dicos tratantes.<\/span><\/p>\n<p><span style=\"color: #000000;\">Su salud empeor\u00f3 seg\u00fan avanzaban los d\u00edas, con reportes que se\u00f1alaron \u00abuna progresi\u00f3n del compromiso cerebral y un aumento de la presi\u00f3n intracraneal\u00bb y finalmente \u00abun cuadro neurol\u00f3gico cr\u00edtico\u00bb.<\/span><\/p>\n<p><span style=\"color: #000000;\">Los familiares cercanos del jugador, entre ellos sus padres, su hermana, su mujer y su peque\u00f1a hija, viajaron d\u00edas atr\u00e1s a Sao Paulo para seguir de cerca su evoluci\u00f3n, al igual que el presidente del Nacional, Alejandro Balbi.<\/span><\/p>\n<p><span style=\"color: #000000;\">Este mi\u00e9rcoles Selena, pareja de Izquierdo y madre de sus dos hijos, la mayor de dos a\u00f1os y el menor nacido tan solo cinco d\u00edas antes de que su padre sufriera la afecci\u00f3n cardiaca, conmovi\u00f3 a todos con un desgarrador mensaje publicado en las redes sociales del futbolista.<\/span><\/p>\n<p><span style=\"color: #000000;\">\u00abHoy una parte de m\u00ed muere con vos\u00bb, escribi\u00f3 sobre \u00abJuanma\u00bb, su \u00abdos incondicional\u00bb, a quien record\u00f3 como \u00abuna gran persona, noble, amoroso, sin maldad\u00bb, \u00abun \u00e1ngel en esta tierra y en el cielo\u00bb.<\/span><\/p>\n<p><span style=\"color: #000000;\">\u00abHoy me toca seguir por nuestros hijos y sacar fuerzas de donde no hay (&#8230;) Desde hoy solo sue\u00f1o con el d\u00eda de nuestro reencuentro y volver a ver esa sonrisa que llena el alma\u00bb, a\u00f1adi\u00f3. \u00abTe voy a amar toda mi vida mi guerrero. Esta vez toc\u00f3 perder\u00bb.<\/span><\/p>\n<p><a href=\"https:\/\/elinformanteperu.com\/wp-content\/uploads\/2024\/08\/juan-izquierdo-fallecido.jpg\"><img fetchpriority=\"high\" decoding=\"async\" class=\"size-large wp-image-124348 aligncenter\" src=\"https:\/\/elinformanteperu.com\/wp-content\/uploads\/2024\/08\/juan-izquierdo-fallecido-1024x683.jpg\" alt=\"\" width=\"615\" height=\"410\" srcset=\"https:\/\/elinformanteperu.com\/wp-content\/uploads\/2024\/08\/juan-izquierdo-fallecido-1024x683.jpg 1024w, https:\/\/elinformanteperu.com\/wp-content\/uploads\/2024\/08\/juan-izquierdo-fallecido-300x200.jpg 300w, https:\/\/elinformanteperu.com\/wp-content\/uploads\/2024\/08\/juan-izquierdo-fallecido-768x512.jpg 768w, https:\/\/elinformanteperu.com\/wp-content\/uploads\/2024\/08\/juan-izquierdo-fallecido-1536x1024.jpg 1536w, https:\/\/elinformanteperu.com\/wp-content\/uploads\/2024\/08\/juan-izquierdo-fallecido.jpg 1800w\" sizes=\"(max-width: 615px) 100vw, 615px\" \/><\/a><\/p>\n","protected":false},"excerpt":{"rendered":"<p>La Asociaci\u00f3n de Uruguay de F\u00fatbol suspendi\u00f3 toda actividad competitiva al f\u00fatbol Montevideo, 28 de Agosto 2024, (ANDINA).- Uruguay, de luto por la muerte del joven futbolista del club Nacional Juan Izquierdo, quien sufri\u00f3 una crisis cardiaca en pleno partido de la Libertadores la semana pasada, espera este mi\u00e9rcoles la repatriaci\u00f3n de los restos del [&hellip;]<\/p>\n","protected":false},"author":1,"featured_media":124359,"comment_status":"closed","ping_status":"closed","sticky":false,"template":"","format":"standard","meta":{"rop_custom_images_group":[],"rop_custom_messages_group":[],"rop_publish_now":"initial","rop_publish_now_accounts":[],"rop_publish_now_history":[],"rop_publish_now_status":"pending","footnotes":""},"categories":[8],"tags":[7637],"class_list":["post-124358","post","type-post","status-publish","format-standard","has-post-thumbnail","hentry","category-disciplinas-deportivas","tag-juan-izquierdo"],"_links":{"self":[{"href":"https:\/\/elinformanteperu.com\/index.php\/wp-json\/wp\/v2\/posts\/124358","targetHints":{"allow":["GET"]}}],"collection":[{"href":"https:\/\/elinformanteperu.com\/index.php\/wp-json\/wp\/v2\/posts"}],"about":[{"href":"https:\/\/elinformanteperu.com\/index.php\/wp-json\/wp\/v2\/types\/post"}],"author":[{"embeddable":true,"href":"https:\/\/elinformanteperu.com\/index.php\/wp-json\/wp\/v2\/users\/1"}],"replies":[{"embeddable":true,"href":"https:\/\/elinformanteperu.com\/index.php\/wp-json\/wp\/v2\/comments?post=124358"}],"version-history":[{"count":1,"href":"https:\/\/elinformanteperu.com\/index.php\/wp-json\/wp\/v2\/posts\/124358\/revisions"}],"predecessor-version":[{"id":124360,"href":"https:\/\/elinformanteperu.com\/index.php\/wp-json\/wp\/v2\/posts\/124358\/revisions\/124360"}],"wp:featuredmedia":[{"embeddable":true,"href":"https:\/\/elinformanteperu.com\/index.php\/wp-json\/wp\/v2\/media\/124359"}],"wp:attachment":[{"href":"https:\/\/elinformanteperu.com\/index.php\/wp-json\/wp\/v2\/media?parent=124358"}],"wp:term":[{"taxonomy":"category","embeddable":true,"href":"https:\/\/elinformanteperu.com\/index.php\/wp-json\/wp\/v2\/categories?post=124358"},{"taxonomy":"post_tag","embeddable":true,"href":"https:\/\/elinformanteperu.com\/index.php\/wp-json\/wp\/v2\/tags?post=124358"}],"curies":[{"name":"wp","href":"https:\/\/api.w.org\/{rel}","templated":true}]}}