{"id":124110,"date":"2024-08-23T22:11:15","date_gmt":"2024-08-24T03:11:15","guid":{"rendered":"https:\/\/elinformanteperu.com\/?p=124110"},"modified":"2024-08-23T22:11:15","modified_gmt":"2024-08-24T03:11:15","slug":"essalud-modifica-criterios-para-asignar-asegurados-a-centros-de-salud-segun-domicilio","status":"publish","type":"post","link":"https:\/\/elinformanteperu.com\/index.php\/2024\/08\/23\/essalud-modifica-criterios-para-asignar-asegurados-a-centros-de-salud-segun-domicilio\/","title":{"rendered":"EsSalud modifica criterios para asignar asegurados a centros de salud seg\u00fan domicilio"},"content":{"rendered":"<p><strong><span style=\"color: #000000;\">En caso de cambio de adscripci\u00f3n temporal por motivos laborales mantendr\u00e1 direcci\u00f3n que aparece en documentos.<\/span><\/strong><\/p>\n<p><span style=\"color: #000000;\"><strong>Lima, 23 de Agosto 2024, (ANDINA).-<\/strong> El Seguro Social de Salud (EsSalud) modific\u00f3 los criterios para la asignaci\u00f3n de los asegurados a los establecimientos de salud, mediante la Resoluci\u00f3n 1490-GG-Essalud-2024.<\/span><\/p>\n<p><span style=\"color: #000000;\">A partir de ahora, la asignaci\u00f3n se realizar\u00e1 seg\u00fan los siguientes criterios:<\/span><\/p>\n<p><strong><span style=\"color: #000000;\">Asegurados nacionales<\/span><\/strong><\/p>\n<p><span style=\"color: #000000;\">Deber\u00e1n ser asignados seg\u00fan la direcci\u00f3n domiciliaria consignada en el Documento Nacional de Identidad (DNI).<\/span><\/p>\n<p><strong><span style=\"color: #000000;\">Asegurados extranjeros<\/span><\/strong><\/p>\n<p><span style=\"color: #000000;\">Ser\u00e1n asignados en base a la direcci\u00f3n consignada en su documento oficial de identidad, o la direcci\u00f3n declarada a trav\u00e9s de la Planilla Electr\u00f3nica, el Formulario 1010, o cualquier otro medio vigente.<\/span><\/p>\n<p><span style=\"color: #000000;\">Adem\u00e1s, en casos de cambio de adscripci\u00f3n temporal por motivos laborales, ya sea por traslado requerido por el empleador o a solicitud del trabajador, se mantendr\u00e1 la direcci\u00f3n domiciliaria consignada por el asegurado en el formulario respectivo, conforme al art\u00edculo 13 del Reglamento de Inscripci\u00f3n y Modificaci\u00f3n de Datos de Derechohabientes de EsSalud, aprobado mediante Decreto Supremo N\u00b0012-2019-TR.<\/span><\/p>\n<p><span style=\"color: #000000;\">La resoluci\u00f3n tambi\u00e9n dispone que la Gerencia Central de Seguros y Prestaciones Econ\u00f3micas, en coordinaci\u00f3n con la Gerencia Central de Tecnolog\u00edas de la Informaci\u00f3n y Comunicaciones, tomar\u00e1 las medidas necesarias para asegurar el correcto funcionamiento de los sistemas inform\u00e1ticos pertinentes.<\/span><\/p>\n<p><span style=\"color: #000000;\">El objetivo es mejorar la gesti\u00f3n y asignaci\u00f3n de los servicios de salud para los asegurados, garantizando una mayor precisi\u00f3n en la asignaci\u00f3n seg\u00fan las direcciones oficiales.<\/span><\/p>\n<p><a href=\"https:\/\/elinformanteperu.com\/wp-content\/uploads\/2022\/04\/essalud-grau.jpg\"><img fetchpriority=\"high\" decoding=\"async\" class=\"size-large wp-image-113824 aligncenter\" src=\"https:\/\/elinformanteperu.com\/wp-content\/uploads\/2022\/04\/essalud-grau-1024x682.jpg\" alt=\"\" width=\"615\" height=\"410\" srcset=\"https:\/\/elinformanteperu.com\/wp-content\/uploads\/2022\/04\/essalud-grau-1024x682.jpg 1024w, https:\/\/elinformanteperu.com\/wp-content\/uploads\/2022\/04\/essalud-grau-300x200.jpg 300w, https:\/\/elinformanteperu.com\/wp-content\/uploads\/2022\/04\/essalud-grau-768x512.jpg 768w, https:\/\/elinformanteperu.com\/wp-content\/uploads\/2022\/04\/essalud-grau-1536x1023.jpg 1536w, https:\/\/elinformanteperu.com\/wp-content\/uploads\/2022\/04\/essalud-grau.jpg 1800w\" sizes=\"(max-width: 615px) 100vw, 615px\" \/><\/a><\/p>\n","protected":false},"excerpt":{"rendered":"<p>En caso de cambio de adscripci\u00f3n temporal por motivos laborales mantendr\u00e1 direcci\u00f3n que aparece en documentos. Lima, 23 de Agosto 2024, (ANDINA).- El Seguro Social de Salud (EsSalud) modific\u00f3 los criterios para la asignaci\u00f3n de los asegurados a los establecimientos de salud, mediante la Resoluci\u00f3n 1490-GG-Essalud-2024. A partir de ahora, la asignaci\u00f3n se realizar\u00e1 seg\u00fan [&hellip;]<\/p>\n","protected":false},"author":1,"featured_media":124111,"comment_status":"closed","ping_status":"closed","sticky":false,"template":"","format":"standard","meta":{"rop_custom_images_group":[],"rop_custom_messages_group":[],"rop_publish_now":"initial","rop_publish_now_accounts":[],"rop_publish_now_history":[],"rop_publish_now_status":"pending","footnotes":""},"categories":[10],"tags":[152,451],"class_list":["post-124110","post","type-post","status-publish","format-standard","has-post-thumbnail","hentry","category-actualidad-municipal","tag-chequeos-essalud","tag-essalud"],"_links":{"self":[{"href":"https:\/\/elinformanteperu.com\/index.php\/wp-json\/wp\/v2\/posts\/124110","targetHints":{"allow":["GET"]}}],"collection":[{"href":"https:\/\/elinformanteperu.com\/index.php\/wp-json\/wp\/v2\/posts"}],"about":[{"href":"https:\/\/elinformanteperu.com\/index.php\/wp-json\/wp\/v2\/types\/post"}],"author":[{"embeddable":true,"href":"https:\/\/elinformanteperu.com\/index.php\/wp-json\/wp\/v2\/users\/1"}],"replies":[{"embeddable":true,"href":"https:\/\/elinformanteperu.com\/index.php\/wp-json\/wp\/v2\/comments?post=124110"}],"version-history":[{"count":1,"href":"https:\/\/elinformanteperu.com\/index.php\/wp-json\/wp\/v2\/posts\/124110\/revisions"}],"predecessor-version":[{"id":124112,"href":"https:\/\/elinformanteperu.com\/index.php\/wp-json\/wp\/v2\/posts\/124110\/revisions\/124112"}],"wp:featuredmedia":[{"embeddable":true,"href":"https:\/\/elinformanteperu.com\/index.php\/wp-json\/wp\/v2\/media\/124111"}],"wp:attachment":[{"href":"https:\/\/elinformanteperu.com\/index.php\/wp-json\/wp\/v2\/media?parent=124110"}],"wp:term":[{"taxonomy":"category","embeddable":true,"href":"https:\/\/elinformanteperu.com\/index.php\/wp-json\/wp\/v2\/categories?post=124110"},{"taxonomy":"post_tag","embeddable":true,"href":"https:\/\/elinformanteperu.com\/index.php\/wp-json\/wp\/v2\/tags?post=124110"}],"curies":[{"name":"wp","href":"https:\/\/api.w.org\/{rel}","templated":true}]}}