{"id":124106,"date":"2024-08-23T21:51:24","date_gmt":"2024-08-24T02:51:24","guid":{"rendered":"https:\/\/elinformanteperu.com\/?p=124106"},"modified":"2024-08-23T21:51:24","modified_gmt":"2024-08-24T02:51:24","slug":"atu-capacito-a-391-ciclistas-y-peatones-en-movilidad-sostenible-y-seguridad-vial","status":"publish","type":"post","link":"https:\/\/elinformanteperu.com\/index.php\/2024\/08\/23\/atu-capacito-a-391-ciclistas-y-peatones-en-movilidad-sostenible-y-seguridad-vial\/","title":{"rendered":"ATU capacit\u00f3 a 391 ciclistas y peatones en movilidad sostenible y seguridad vial"},"content":{"rendered":"<p><strong><span style=\"color: #000000;\">La instituci\u00f3n ofreci\u00f3 cinco charlas gratuitas en las que los asistentes aprendieron sobre mec\u00e1nica, mantenimiento, tipos de bicicletas y accesorios para el ciclismo.<\/span><\/strong><\/p>\n<p><span style=\"color: #000000;\"><strong>Lima, 23 de Agosto 2024, (ANDINA).-<\/strong> El programa \u2018Conecta ATU\u2019 de la Autoridad de Transporte Urbano para Lima y Callao (ATU) capacit\u00f3 de manera virtual, en 2024, a 391 ciclistas y peatones en temas clave relacionados con la movilidad sostenible y la seguridad vial.<\/span><\/p>\n<p><span style=\"color: #000000;\">Estas cinco charlas gratuitas, que se realizaron el 31 de enero, el 17 de abril, el 14 de mayo y el 8 y 25 de julio, tuvieron como objetivo fortalecer los conocimientos sobre la normativa aplicable a ciclistas y peatones en la red vial urbana de Lima y Callao, as\u00ed como mejorar las condiciones de seguridad y la calidad del transporte.<\/span><\/p>\n<p><span style=\"color: #000000;\">Adem\u00e1s, se busc\u00f3 concientizar y fomentar mejoras en la conducta vial de ciclistas y peatones, promoviendo una movilidad m\u00e1s sostenible y un tr\u00e1nsito m\u00e1s seguro. Los temas abordados incluyeron educaci\u00f3n y seguridad vial, derechos y obligaciones de ciclistas y peatones, principios b\u00e1sicos para el manejo de bicicletas, primeros auxilios y prevenci\u00f3n de accidentes, entre otros.<\/span><\/p>\n<p><span style=\"color: #000000;\">Los talleres tambi\u00e9n incluyeron mec\u00e1nica y mantenimiento de bicicletas, as\u00ed como informaci\u00f3n sobre los diferentes tipos de bicicletas y los accesorios necesarios para el ciclismo urbano.<\/span><\/p>\n<p><span style=\"color: #000000;\">Cabe destacar que, a trav\u00e9s del programa \u2018Conecta ATU\u2019, la entidad tambi\u00e9n capacita a conductores, cobradores y usuarios de transporte p\u00fablico en general, con el objetivo de mejorar la atenci\u00f3n, las condiciones de seguridad y reducir el riesgo de accidentes durante la prestaci\u00f3n del servicio.<\/span><\/p>\n<p><a href=\"https:\/\/elinformanteperu.com\/wp-content\/uploads\/2024\/08\/atu-ciclistas-capacitacion.jpg\"><img fetchpriority=\"high\" decoding=\"async\" class=\"size-full wp-image-124108 aligncenter\" src=\"https:\/\/elinformanteperu.com\/wp-content\/uploads\/2024\/08\/atu-ciclistas-capacitacion.jpg\" alt=\"\" width=\"660\" height=\"390\" srcset=\"https:\/\/elinformanteperu.com\/wp-content\/uploads\/2024\/08\/atu-ciclistas-capacitacion.jpg 660w, https:\/\/elinformanteperu.com\/wp-content\/uploads\/2024\/08\/atu-ciclistas-capacitacion-300x177.jpg 300w\" sizes=\"(max-width: 660px) 100vw, 660px\" \/><\/a><\/p>\n","protected":false},"excerpt":{"rendered":"<p>La instituci\u00f3n ofreci\u00f3 cinco charlas gratuitas en las que los asistentes aprendieron sobre mec\u00e1nica, mantenimiento, tipos de bicicletas y accesorios para el ciclismo. Lima, 23 de Agosto 2024, (ANDINA).- El programa \u2018Conecta ATU\u2019 de la Autoridad de Transporte Urbano para Lima y Callao (ATU) capacit\u00f3 de manera virtual, en 2024, a 391 ciclistas y peatones [&hellip;]<\/p>\n","protected":false},"author":1,"featured_media":124107,"comment_status":"closed","ping_status":"closed","sticky":false,"template":"","format":"standard","meta":{"rop_custom_images_group":[],"rop_custom_messages_group":[],"rop_publish_now":"initial","rop_publish_now_accounts":[],"rop_publish_now_history":[],"rop_publish_now_status":"pending","footnotes":""},"categories":[10],"tags":[5422,4559,7625],"class_list":["post-124106","post","type-post","status-publish","format-standard","has-post-thumbnail","hentry","category-actualidad-municipal","tag-atu","tag-autoridad-de-transporte-urbano","tag-ciclistas"],"_links":{"self":[{"href":"https:\/\/elinformanteperu.com\/index.php\/wp-json\/wp\/v2\/posts\/124106","targetHints":{"allow":["GET"]}}],"collection":[{"href":"https:\/\/elinformanteperu.com\/index.php\/wp-json\/wp\/v2\/posts"}],"about":[{"href":"https:\/\/elinformanteperu.com\/index.php\/wp-json\/wp\/v2\/types\/post"}],"author":[{"embeddable":true,"href":"https:\/\/elinformanteperu.com\/index.php\/wp-json\/wp\/v2\/users\/1"}],"replies":[{"embeddable":true,"href":"https:\/\/elinformanteperu.com\/index.php\/wp-json\/wp\/v2\/comments?post=124106"}],"version-history":[{"count":1,"href":"https:\/\/elinformanteperu.com\/index.php\/wp-json\/wp\/v2\/posts\/124106\/revisions"}],"predecessor-version":[{"id":124109,"href":"https:\/\/elinformanteperu.com\/index.php\/wp-json\/wp\/v2\/posts\/124106\/revisions\/124109"}],"wp:featuredmedia":[{"embeddable":true,"href":"https:\/\/elinformanteperu.com\/index.php\/wp-json\/wp\/v2\/media\/124107"}],"wp:attachment":[{"href":"https:\/\/elinformanteperu.com\/index.php\/wp-json\/wp\/v2\/media?parent=124106"}],"wp:term":[{"taxonomy":"category","embeddable":true,"href":"https:\/\/elinformanteperu.com\/index.php\/wp-json\/wp\/v2\/categories?post=124106"},{"taxonomy":"post_tag","embeddable":true,"href":"https:\/\/elinformanteperu.com\/index.php\/wp-json\/wp\/v2\/tags?post=124106"}],"curies":[{"name":"wp","href":"https:\/\/api.w.org\/{rel}","templated":true}]}}