{"id":123972,"date":"2024-08-21T01:54:06","date_gmt":"2024-08-21T06:54:06","guid":{"rendered":"https:\/\/elinformanteperu.com\/?p=123972"},"modified":"2024-08-21T01:54:06","modified_gmt":"2024-08-21T06:54:06","slug":"fiscal-de-la-nacion-ratifica-lucha-contra-la-ciberdelincuencia-en-el-pais","status":"publish","type":"post","link":"https:\/\/elinformanteperu.com\/index.php\/2024\/08\/21\/fiscal-de-la-nacion-ratifica-lucha-contra-la-ciberdelincuencia-en-el-pais\/","title":{"rendered":"Fiscal de la Naci\u00f3n ratifica lucha contra la ciberdelincuencia en el pa\u00eds"},"content":{"rendered":"<p><span style=\"color: #000000;\"><strong>Lima, 20 de Agosto 2024, (ANDINA).-<\/strong> El Fiscal de la Naci\u00f3n (i), Juan Carlos Villena Campana reafirm\u00f3 el compromiso que tiene el Ministerio P\u00fablico en la lucha contra el ciberdelito en el Per\u00fa.<\/span><\/p>\n<p><span style=\"color: #000000;\">Asimismo, destac\u00f3 la importancia de abordar los desaf\u00edos comunes que enfrentan los fiscales de Latinoam\u00e9rica para la persecuci\u00f3n del delito de ciberdelincuencia, brindando una visi\u00f3n regional de este fen\u00f3meno y permitiendo compartir experiencias y retos comunes.<\/span><\/p>\n<p><span style=\"color: #000000;\">\u201cLa r\u00e1pida evoluci\u00f3n de la tecnolog\u00eda y la creciente adopci\u00f3n de criptomonedas ha creado nuevos escenarios para la criminalidad, la seguridad en el ciberespacio enfrenta nuevos desaf\u00edos que amenazan a la sociedad\u201d, expres\u00f3 Villena Campana durante la inauguraci\u00f3n del \u2018Taller sobre delitos cibern\u00e9ticos para fiscales en criptomonedas, organizado por el Departamento de Justicia de los Estados Unidos, en coauspicio con el Ministerio P\u00fablico del Per\u00fa.<\/span><\/p>\n<p><span style=\"color: #000000;\">Agreg\u00f3 que, como fiscales, \u201ctenemos la responsabilidad de capacitarnos para investigar y perseguir este delito, logr\u00e1ndose la sanci\u00f3n de la ciberdelincuencia. (\u2026) Juntos podemos hacer una diferencia en la lucha contra la ciberdelincuencia, en la cual se encuentra comprometido el Ministerio P\u00fablico de forma decidida\u201d, expres\u00f3 Villena Campana.<\/span><\/p>\n<p><span style=\"color: #000000;\">En otro momento, el titular del Ministerio P\u00fablico refiri\u00f3 que la r\u00e1pida evoluci\u00f3n de la tecnolog\u00eda y la creciente adopci\u00f3n de criptomonedas ha creado nuevos escenarios para la criminalidad. \u201cLa seguridad en el ciberespacio enfrenta nuevos desaf\u00edos que amenazan a la sociedad\u201d, se\u00f1al\u00f3.<\/span><\/p>\n<p><span style=\"color: #000000;\">Por su parte, el secretario de Asuntos Jur\u00eddicos, del Departamento de Cooperaci\u00f3n Jur\u00eddica de la Organizaci\u00f3n de los Estados Americanos (OEA), Rodrigo Silva, agradeci\u00f3 al Ministerio P\u00fablico del Per\u00fa, coauspiciador de la jornada acad\u00e9mica, y al Departamento de Justicia de Estados Unidos por el apoyo en la realizaci\u00f3n de este taller y pidi\u00f3 a los participantes que sean agentes multiplicadores del conocimiento que se imparte en la actividad.<\/span><\/p>\n<p><span style=\"color: #000000;\">\u201cDada la creciente prevalencia del delito cibern\u00e9tico y, por su complejidad, cada vez es m\u00e1s importante que los fiscales entiendan su naturaleza; as\u00ed como mantenerse al d\u00eda con los avances tecnol\u00f3gicos para investigar de manera efectiva\u201d, manifest\u00f3.<\/span><\/p>\n<p><span style=\"color: #000000;\">Esta actividad acad\u00e9mica se realiza en cumplimiento de los mandatos adoptados durante las Reuniones del Ministros de Justicia de las Am\u00e9ricas (Remja) y est\u00e1 dirigido a fiscales peruanos de ciberdelincuencia y trata de personas y a sus pares de Argentina, Brasil, Chile, Colombia, Costa Rica, Ecuador, M\u00e9xico, Panam\u00e1, Paraguay y Rep\u00fablica Dominicana; con el objetivo de fortalecer las capacidades en m\u00e9todos de investigaci\u00f3n en casos relacionados con criptomonedas, seguimiento de las transacciones e incautaciones de criptomonedas y las tendencias actuales en delitos cibern\u00e9ticos.<\/span><\/p>\n","protected":false},"excerpt":{"rendered":"<p>Lima, 20 de Agosto 2024, (ANDINA).- El Fiscal de la Naci\u00f3n (i), Juan Carlos Villena Campana reafirm\u00f3 el compromiso que tiene el Ministerio P\u00fablico en la lucha contra el ciberdelito en el Per\u00fa. Asimismo, destac\u00f3 la importancia de abordar los desaf\u00edos comunes que enfrentan los fiscales de Latinoam\u00e9rica para la persecuci\u00f3n del delito de ciberdelincuencia, [&hellip;]<\/p>\n","protected":false},"author":1,"featured_media":123973,"comment_status":"closed","ping_status":"closed","sticky":false,"template":"","format":"standard","meta":{"rop_custom_images_group":[],"rop_custom_messages_group":[],"rop_publish_now":"initial","rop_publish_now_accounts":[],"rop_publish_now_history":[],"rop_publish_now_status":"pending","footnotes":""},"categories":[5],"tags":[430,7412,370],"class_list":["post-123972","post","type-post","status-publish","format-standard","has-post-thumbnail","hentry","category-actualidad-informativa","tag-fiscalia","tag-juan-carlos-villena","tag-ministerio-publico"],"_links":{"self":[{"href":"https:\/\/elinformanteperu.com\/index.php\/wp-json\/wp\/v2\/posts\/123972","targetHints":{"allow":["GET"]}}],"collection":[{"href":"https:\/\/elinformanteperu.com\/index.php\/wp-json\/wp\/v2\/posts"}],"about":[{"href":"https:\/\/elinformanteperu.com\/index.php\/wp-json\/wp\/v2\/types\/post"}],"author":[{"embeddable":true,"href":"https:\/\/elinformanteperu.com\/index.php\/wp-json\/wp\/v2\/users\/1"}],"replies":[{"embeddable":true,"href":"https:\/\/elinformanteperu.com\/index.php\/wp-json\/wp\/v2\/comments?post=123972"}],"version-history":[{"count":1,"href":"https:\/\/elinformanteperu.com\/index.php\/wp-json\/wp\/v2\/posts\/123972\/revisions"}],"predecessor-version":[{"id":123974,"href":"https:\/\/elinformanteperu.com\/index.php\/wp-json\/wp\/v2\/posts\/123972\/revisions\/123974"}],"wp:featuredmedia":[{"embeddable":true,"href":"https:\/\/elinformanteperu.com\/index.php\/wp-json\/wp\/v2\/media\/123973"}],"wp:attachment":[{"href":"https:\/\/elinformanteperu.com\/index.php\/wp-json\/wp\/v2\/media?parent=123972"}],"wp:term":[{"taxonomy":"category","embeddable":true,"href":"https:\/\/elinformanteperu.com\/index.php\/wp-json\/wp\/v2\/categories?post=123972"},{"taxonomy":"post_tag","embeddable":true,"href":"https:\/\/elinformanteperu.com\/index.php\/wp-json\/wp\/v2\/tags?post=123972"}],"curies":[{"name":"wp","href":"https:\/\/api.w.org\/{rel}","templated":true}]}}