{"id":123838,"date":"2024-08-19T23:09:44","date_gmt":"2024-08-20T04:09:44","guid":{"rendered":"https:\/\/elinformanteperu.com\/?p=123838"},"modified":"2024-08-19T23:09:44","modified_gmt":"2024-08-20T04:09:44","slug":"pj-excluye-a-keiko-fujimori-y-otros-investigados-del-delito-de-obstruccion-a-la-justicia","status":"publish","type":"post","link":"https:\/\/elinformanteperu.com\/index.php\/2024\/08\/19\/pj-excluye-a-keiko-fujimori-y-otros-investigados-del-delito-de-obstruccion-a-la-justicia\/","title":{"rendered":"PJ excluye a Keiko Fujimori y otros investigados del delito de obstrucci\u00f3n a la justicia"},"content":{"rendered":"<p><strong><span style=\"color: #000000;\">En juicio oral por caso C\u00f3cteles<\/span><\/strong><\/p>\n<p><span style=\"color: #000000;\"><strong>Lima, 19 de Agosto 2024, (ANDINA).-<\/strong> El Poder Judicial dispuso la exclusi\u00f3n de Keiko Fujimori y otros involucrados del delito de obstrucci\u00f3n a la justicia, en el juicio oral del caso C\u00f3cteles.<\/span><\/p>\n<p><span style=\"color: #000000;\">La decisi\u00f3n fue tomada por el Tercer Juzgado Penal Colegiado Nacional, encabezado por la jueza Juana Caballero.<\/span><\/p>\n<p><span style=\"color: #000000;\">El sustento para ello es el pedido que el letrado Arsenio Or\u00e9 \u2013uno de los denunciados por el Ministerio P\u00fablico por supuesta obstrucci\u00f3n a la justicia\u2013 plante\u00f3 ante el Tribunal Constitucional (TC) por considerar que en la denuncia sobre este tema vulner\u00f3 el debido proceso y la garant\u00eda a la imparcialidad.<\/span><\/p>\n<p><span style=\"color: #000000;\">Esta fue declarada procedente, por lo cual el TC orden\u00f3 al Poder Judicial dejar sin efecto lo actuado respecto al delito de obstrucci\u00f3n a la justicia.<\/span><\/p>\n<p><span style=\"color: #000000;\">La jueza Caballero se\u00f1al\u00f3 que la instancia a su cargo es respetuosa de lo que dicho organismo colegiado ha dispuesto y que entiende que se vulneraron derechos fundamentales puesto que la investigaci\u00f3n al respecto debi\u00f3 realizarla otro fiscal a fin de no afectar el derecho a la imparcialidad.<\/span><\/p>\n<p><span style=\"color: #000000;\">\u201cEl pedido formulado por Or\u00e9 Guardia, y luego hecho suyo por los otros abogados defensores de los comprendidos en este proceso, debe ampararse\u201d, manifest\u00f3 la magistrada.<\/span><\/p>\n<p><span style=\"color: #000000;\">En ese sentido dijo que se deja sin efecto lo actuado respecto al delito de obstrucci\u00f3n a la justicia, comprendiendo<\/span><\/p>\n<p><span style=\"color: #000000;\">Ello alcanza, adem\u00e1s de a Or\u00e9, a Keiko Fujimori, Vicente Silva Checa, Pier Figari, Ana Herz, Jaime Yoshiyama, Jos\u00e9 Chl\u00edmper, y otros denunciados, as\u00ed como al partido Fuerza Popular.<\/span><\/p>\n<p><span style=\"color: #000000;\">De igual modo, tambi\u00e9n se declar\u00f3 infundada la pretensi\u00f3n de Or\u00e9 de que se le excluya del caso C\u00f3cteles y de que se archive este.<\/span><\/p>\n<p><strong><span style=\"color: #000000;\">Recursos de reposici\u00f3n<\/span><\/strong><\/p>\n<p><span style=\"color: #000000;\">Al respecto, el fiscal Jos\u00e9 Domingo P\u00e9rez respondi\u00f3 se\u00f1alando que presentar\u00e1 un recurso de reposici\u00f3n durante la audiencia que se desarrolla hoy.<\/span><\/p>\n<p><span style=\"color: #000000;\">Por su parte, los abogados de los investigados indicaron que presentar\u00e1n recurso de reposici\u00f3n pidiendo al juzgado pronunciarse sobre la nulidad de lo actuado sobre el delito de organizaci\u00f3n criminal imputado por la fiscal\u00eda a sus defendidos.<\/span><\/p>\n<p><span style=\"color: #000000;\">Luego de ello, se escucharon las sustentaciones de los recursos de reposici\u00f3n mencionados.<\/span><\/p>\n<p><span style=\"color: #000000;\">Tras un breve receso destinado a analizar lo expuesto por el fiscal P\u00e9rez y los abogados defensores, la jueza Caballero se\u00f1al\u00f3 que los recursos fueron declarados infundados.<\/span><\/p>\n<p><span style=\"color: #000000;\">Con respecto a la pretensi\u00f3n de los defensores legales de los investigados de que se declarara nulo el proceso en lo que corresponde al presunto delito de organizaci\u00f3n criminal, la magistrada se\u00f1al\u00f3 que esto no puede disponerse a la luz de lo establecido por el TC sobre la investigaci\u00f3n por obstrucci\u00f3n a la justicia.<\/span><\/p>\n<p><span style=\"color: #000000;\">Tras ello, se convoc\u00f3 a la continuaci\u00f3n de este proceso para el 26 de agosto.<\/span><\/p>\n","protected":false},"excerpt":{"rendered":"<p>En juicio oral por caso C\u00f3cteles Lima, 19 de Agosto 2024, (ANDINA).- El Poder Judicial dispuso la exclusi\u00f3n de Keiko Fujimori y otros involucrados del delito de obstrucci\u00f3n a la justicia, en el juicio oral del caso C\u00f3cteles. La decisi\u00f3n fue tomada por el Tercer Juzgado Penal Colegiado Nacional, encabezado por la jueza Juana Caballero. [&hellip;]<\/p>\n","protected":false},"author":1,"featured_media":123839,"comment_status":"closed","ping_status":"closed","sticky":false,"template":"","format":"standard","meta":{"rop_custom_images_group":[],"rop_custom_messages_group":[],"rop_publish_now":"initial","rop_publish_now_accounts":[],"rop_publish_now_history":[],"rop_publish_now_status":"pending","footnotes":""},"categories":[1],"tags":[7554,557],"class_list":["post-123838","post","type-post","status-publish","format-standard","has-post-thumbnail","hentry","category-uncategorized","tag-caso-cocteles","tag-keiko-fujimori"],"_links":{"self":[{"href":"https:\/\/elinformanteperu.com\/index.php\/wp-json\/wp\/v2\/posts\/123838","targetHints":{"allow":["GET"]}}],"collection":[{"href":"https:\/\/elinformanteperu.com\/index.php\/wp-json\/wp\/v2\/posts"}],"about":[{"href":"https:\/\/elinformanteperu.com\/index.php\/wp-json\/wp\/v2\/types\/post"}],"author":[{"embeddable":true,"href":"https:\/\/elinformanteperu.com\/index.php\/wp-json\/wp\/v2\/users\/1"}],"replies":[{"embeddable":true,"href":"https:\/\/elinformanteperu.com\/index.php\/wp-json\/wp\/v2\/comments?post=123838"}],"version-history":[{"count":1,"href":"https:\/\/elinformanteperu.com\/index.php\/wp-json\/wp\/v2\/posts\/123838\/revisions"}],"predecessor-version":[{"id":123840,"href":"https:\/\/elinformanteperu.com\/index.php\/wp-json\/wp\/v2\/posts\/123838\/revisions\/123840"}],"wp:featuredmedia":[{"embeddable":true,"href":"https:\/\/elinformanteperu.com\/index.php\/wp-json\/wp\/v2\/media\/123839"}],"wp:attachment":[{"href":"https:\/\/elinformanteperu.com\/index.php\/wp-json\/wp\/v2\/media?parent=123838"}],"wp:term":[{"taxonomy":"category","embeddable":true,"href":"https:\/\/elinformanteperu.com\/index.php\/wp-json\/wp\/v2\/categories?post=123838"},{"taxonomy":"post_tag","embeddable":true,"href":"https:\/\/elinformanteperu.com\/index.php\/wp-json\/wp\/v2\/tags?post=123838"}],"curies":[{"name":"wp","href":"https:\/\/api.w.org\/{rel}","templated":true}]}}