{"id":123825,"date":"2024-08-19T22:39:25","date_gmt":"2024-08-20T03:39:25","guid":{"rendered":"https:\/\/elinformanteperu.com\/?p=123825"},"modified":"2024-08-19T22:39:25","modified_gmt":"2024-08-20T03:39:25","slug":"la-victoria-centro-comercial-parque-canepa-reabre-sus-puertas-el-4-de-setiembre","status":"publish","type":"post","link":"https:\/\/elinformanteperu.com\/index.php\/2024\/08\/19\/la-victoria-centro-comercial-parque-canepa-reabre-sus-puertas-el-4-de-setiembre\/","title":{"rendered":"La Victoria: centro comercial Parque C\u00e1nepa reabre sus puertas el 4 de setiembre"},"content":{"rendered":"<p><strong><span style=\"color: #000000;\">Municipalidad de La Victoria asume administraci\u00f3n directa de la galer\u00eda<\/span><\/strong><\/p>\n<p><span style=\"color: #000000;\"><strong>Lima, 19 de Agosto 2024, (ANDINA).-<\/strong> La municipalidad de La Victoria fue reconocida por el Poder Judicial como la \u00fanica administradora del Centro Comercial Parque C\u00e1nepa, por lo que se tiene previsto reabrir sus puertas el pr\u00f3ximo 4 de setiembre.<\/span><\/p>\n<p><span style=\"color: #000000;\">En ese sentido, se viene avanzando el levantamiento de 178 observaciones de seguridad encontradas por Defensa Civil en esta galer\u00eda que, luego de 30 a\u00f1os, vuelve a la administraci\u00f3n municipal.<\/span><\/p>\n<p><span style=\"color: #000000;\">\u201cLa Victoria pudo tener seguridad de primera, calles limpias y pistas sin huecos. Vamos a invertir en favor del vecino y construiremos infraestructura deportiva. C\u00e1nepa es de La Victoria!\u201d, sostuvo el alcalde Rub\u00e9n Cano.<\/span><\/p>\n<p><span style=\"color: #000000;\">La autoridad municipal precis\u00f3 que esta decisi\u00f3n obedece a la necesidad de obtener recursos para mejorar la seguridad, ornato, obras y limpieza, pues la comuna solo recib\u00eda 7 mil d\u00f3lares mensuales de los 300 mil que ingresaban todos los meses por arrendamiento a la concesionaria.<\/span><\/p>\n<p><span style=\"color: #000000;\">Esta medida fue respaldada por el Concejo Municipal el pasado 25 de julio, cuando, por unanimidad, aprob\u00f3 la celebraci\u00f3n directa de contratos de alquiler de los 385 stands entre la municipalidad y los arrendatarios. Podr\u00e1n acogerse a este trato directo todos los locatarios que, al 21 de julio, ten\u00edan posesi\u00f3n de los puestos, seg\u00fan lo establecido en la ordenanza 442-2024MDLV.<\/span><\/p>\n<p><span style=\"color: #000000;\">El contrato de concesi\u00f3n fue firmado el 21 de julio de 1994 entre el entonces alcalde victoriano Carlos Cama\u00f1o y la empresa Listos, representada por su presidente Eduardo Villar\u00e1n. El plazo fue por 30 a\u00f1os y venci\u00f3 el 21 de julio de 2024. Ambas partes pod\u00edan prorrogarlo de mutuo acuerdo y si esto no se alcanzaba, el contrato quedaba resuelto, lo cual finalmente ocurri\u00f3.<\/span><\/p>\n<p><span style=\"color: #000000;\">Cabe recordar que el Parque C\u00e1nepa fue concesionado en forma irregular y desventajosa para el municipio. As\u00ed lo determin\u00f3 la Contralor\u00eda el 2001, recomendando acciones penales y administrativas contra los funcionarios que aprobaron la concesi\u00f3n.<\/span><\/p>\n<p><a href=\"https:\/\/elinformanteperu.com\/wp-content\/uploads\/2024\/08\/parque-canepa1.jpg\"><img fetchpriority=\"high\" decoding=\"async\" class=\"size-full wp-image-123827 aligncenter\" src=\"https:\/\/elinformanteperu.com\/wp-content\/uploads\/2024\/08\/parque-canepa1.jpg\" alt=\"\" width=\"500\" height=\"333\" srcset=\"https:\/\/elinformanteperu.com\/wp-content\/uploads\/2024\/08\/parque-canepa1.jpg 500w, https:\/\/elinformanteperu.com\/wp-content\/uploads\/2024\/08\/parque-canepa1-300x200.jpg 300w\" sizes=\"(max-width: 500px) 100vw, 500px\" \/><\/a><\/p>\n","protected":false},"excerpt":{"rendered":"<p>Municipalidad de La Victoria asume administraci\u00f3n directa de la galer\u00eda Lima, 19 de Agosto 2024, (ANDINA).- La municipalidad de La Victoria fue reconocida por el Poder Judicial como la \u00fanica administradora del Centro Comercial Parque C\u00e1nepa, por lo que se tiene previsto reabrir sus puertas el pr\u00f3ximo 4 de setiembre. En ese sentido, se viene [&hellip;]<\/p>\n","protected":false},"author":1,"featured_media":123826,"comment_status":"closed","ping_status":"closed","sticky":false,"template":"","format":"standard","meta":{"rop_custom_images_group":[],"rop_custom_messages_group":[],"rop_publish_now":"initial","rop_publish_now_accounts":[],"rop_publish_now_history":[],"rop_publish_now_status":"pending","footnotes":""},"categories":[10],"tags":[3764,402,7602],"class_list":["post-123825","post","type-post","status-publish","format-standard","has-post-thumbnail","hentry","category-actualidad-municipal","tag-la-victoria","tag-municipalidad-de-la-victoria","tag-parque-canepa"],"_links":{"self":[{"href":"https:\/\/elinformanteperu.com\/index.php\/wp-json\/wp\/v2\/posts\/123825","targetHints":{"allow":["GET"]}}],"collection":[{"href":"https:\/\/elinformanteperu.com\/index.php\/wp-json\/wp\/v2\/posts"}],"about":[{"href":"https:\/\/elinformanteperu.com\/index.php\/wp-json\/wp\/v2\/types\/post"}],"author":[{"embeddable":true,"href":"https:\/\/elinformanteperu.com\/index.php\/wp-json\/wp\/v2\/users\/1"}],"replies":[{"embeddable":true,"href":"https:\/\/elinformanteperu.com\/index.php\/wp-json\/wp\/v2\/comments?post=123825"}],"version-history":[{"count":1,"href":"https:\/\/elinformanteperu.com\/index.php\/wp-json\/wp\/v2\/posts\/123825\/revisions"}],"predecessor-version":[{"id":123828,"href":"https:\/\/elinformanteperu.com\/index.php\/wp-json\/wp\/v2\/posts\/123825\/revisions\/123828"}],"wp:featuredmedia":[{"embeddable":true,"href":"https:\/\/elinformanteperu.com\/index.php\/wp-json\/wp\/v2\/media\/123826"}],"wp:attachment":[{"href":"https:\/\/elinformanteperu.com\/index.php\/wp-json\/wp\/v2\/media?parent=123825"}],"wp:term":[{"taxonomy":"category","embeddable":true,"href":"https:\/\/elinformanteperu.com\/index.php\/wp-json\/wp\/v2\/categories?post=123825"},{"taxonomy":"post_tag","embeddable":true,"href":"https:\/\/elinformanteperu.com\/index.php\/wp-json\/wp\/v2\/tags?post=123825"}],"curies":[{"name":"wp","href":"https:\/\/api.w.org\/{rel}","templated":true}]}}