{"id":123822,"date":"2024-08-19T22:34:44","date_gmt":"2024-08-20T03:34:44","guid":{"rendered":"https:\/\/elinformanteperu.com\/?p=123822"},"modified":"2024-08-19T22:34:44","modified_gmt":"2024-08-20T03:34:44","slug":"mimp-pone-programa-aurora-a-disposicion-de-esposa-de-christian-cueva","status":"publish","type":"post","link":"https:\/\/elinformanteperu.com\/index.php\/2024\/08\/19\/mimp-pone-programa-aurora-a-disposicion-de-esposa-de-christian-cueva\/","title":{"rendered":"MIMP pone programa Aurora a disposici\u00f3n de esposa de Christian Cueva"},"content":{"rendered":"<p><strong><span style=\"color: #000000;\">Condena violencia contra mujeres y poblaciones vulnerables<\/span><\/strong><\/p>\n<p><span style=\"color: #000000;\"><strong>Lima, 19 de Agosto 2024, (ANDINA).-<\/strong> El Ministerio de la Mujer y Poblaciones Vulnerables (MIMP) puso el programa Aurora a disposici\u00f3n de Pamela L\u00f3pez, quien denunci\u00f3 por violencia f\u00edsica a su esposo, el futbolista Christian Cueva.<\/span><\/p>\n<p><span style=\"color: #000000;\">En un mensaje difundido mediante sus redes sociales, el MIMP reafirm\u00f3 su posici\u00f3n de condena frente a cualquier forma de violencia contra mujeres y poblaciones vulnerables.<\/span><\/p>\n<p><span style=\"color: #000000;\">\u00abAnte los hechos de violencia f\u00edsica por parte de un jugador de f\u00fatbol contra su esposa, ponemos a disposici\u00f3n los servicios del Programa Nacional Aurora para ofrecer el apoyo necesario\u00bb, refiere el ministerio.<\/span><\/p>\n<p><span style=\"color: #000000;\">Por su parte, el Ministerio del Interior (Mininter), a trav\u00e9s de su cuenta de X, se\u00f1al\u00f3 que la violencia contra la mujer es un delito y que, si alguien es v\u00edctima o testigo de un hecho de violencia contra la mujer o alg\u00fan integrante del grupo familiar, no se debe quedar callado.<\/span><\/p>\n<p><span style=\"color: #000000;\">\u201c\u00a1Den\u00fancialo a trav\u00e9s de la L\u00ednea 1818 o acude a la comisar\u00eda m\u00e1s cercana!\u201d, finaliza el mensaje del Mininter.<\/span><\/p>\n<p><span style=\"color: #000000;\">En conferencia de prensa realizada hoy, Pamela L\u00f3pez denunci\u00f3 a Christian Cueva por violencia f\u00edsica y psicol\u00f3gica. Junto a su defensa legal, la a\u00fan esposa del futbolista mostr\u00f3 los videos que prueban la agresi\u00f3n del flamante jugador del club Cienciano.<\/span><\/p>\n<p><span style=\"color: #000000;\">Rosario Sasieta, abogada de Pamela L\u00f3pez, precis\u00f3 que los dos videos difundidos -que prueban la agresi\u00f3n f\u00edsica por parte de Christian Cueva- forman parte de uno de varios episodios de violencia que vivi\u00f3 la mujer durante casi 13 a\u00f1os de relaci\u00f3n.<\/span><\/p>\n<p><span style=\"color: #000000;\">Las grabaciones, en donde se observa al seleccionado nacional jalar de los cabellos y forcejear con la madre de sus hijos en un ascensor, datan del 1 de febrero de este 2024, y fueron registradas por las c\u00e1maras de seguridad de un hotel de Trujillo.<\/span><\/p>\n","protected":false},"excerpt":{"rendered":"<p>Condena violencia contra mujeres y poblaciones vulnerables Lima, 19 de Agosto 2024, (ANDINA).- El Ministerio de la Mujer y Poblaciones Vulnerables (MIMP) puso el programa Aurora a disposici\u00f3n de Pamela L\u00f3pez, quien denunci\u00f3 por violencia f\u00edsica a su esposo, el futbolista Christian Cueva. En un mensaje difundido mediante sus redes sociales, el MIMP reafirm\u00f3 su [&hellip;]<\/p>\n","protected":false},"author":1,"featured_media":123823,"comment_status":"closed","ping_status":"closed","sticky":false,"template":"","format":"standard","meta":{"rop_custom_images_group":[],"rop_custom_messages_group":[],"rop_publish_now":"initial","rop_publish_now_accounts":[],"rop_publish_now_history":[],"rop_publish_now_status":"pending","footnotes":""},"categories":[10],"tags":[89,757,312,7600,760],"class_list":["post-123822","post","type-post","status-publish","format-standard","has-post-thumbnail","hentry","category-actualidad-municipal","tag-christian-cueva","tag-mimp","tag-ministerio-de-la-mujer","tag-pamela-lopez","tag-violencia-de-genero"],"_links":{"self":[{"href":"https:\/\/elinformanteperu.com\/index.php\/wp-json\/wp\/v2\/posts\/123822","targetHints":{"allow":["GET"]}}],"collection":[{"href":"https:\/\/elinformanteperu.com\/index.php\/wp-json\/wp\/v2\/posts"}],"about":[{"href":"https:\/\/elinformanteperu.com\/index.php\/wp-json\/wp\/v2\/types\/post"}],"author":[{"embeddable":true,"href":"https:\/\/elinformanteperu.com\/index.php\/wp-json\/wp\/v2\/users\/1"}],"replies":[{"embeddable":true,"href":"https:\/\/elinformanteperu.com\/index.php\/wp-json\/wp\/v2\/comments?post=123822"}],"version-history":[{"count":1,"href":"https:\/\/elinformanteperu.com\/index.php\/wp-json\/wp\/v2\/posts\/123822\/revisions"}],"predecessor-version":[{"id":123824,"href":"https:\/\/elinformanteperu.com\/index.php\/wp-json\/wp\/v2\/posts\/123822\/revisions\/123824"}],"wp:featuredmedia":[{"embeddable":true,"href":"https:\/\/elinformanteperu.com\/index.php\/wp-json\/wp\/v2\/media\/123823"}],"wp:attachment":[{"href":"https:\/\/elinformanteperu.com\/index.php\/wp-json\/wp\/v2\/media?parent=123822"}],"wp:term":[{"taxonomy":"category","embeddable":true,"href":"https:\/\/elinformanteperu.com\/index.php\/wp-json\/wp\/v2\/categories?post=123822"},{"taxonomy":"post_tag","embeddable":true,"href":"https:\/\/elinformanteperu.com\/index.php\/wp-json\/wp\/v2\/tags?post=123822"}],"curies":[{"name":"wp","href":"https:\/\/api.w.org\/{rel}","templated":true}]}}