{"id":123641,"date":"2024-08-16T01:32:09","date_gmt":"2024-08-16T06:32:09","guid":{"rendered":"https:\/\/elinformanteperu.com\/?p=123641"},"modified":"2024-08-16T01:39:42","modified_gmt":"2024-08-16T06:39:42","slug":"renato-tapia-cuando-debutara-oficialmente-con-el-cd-leganes-2","status":"publish","type":"post","link":"https:\/\/elinformanteperu.com\/index.php\/2024\/08\/16\/renato-tapia-cuando-debutara-oficialmente-con-el-cd-leganes-2\/","title":{"rendered":"Renato Tapia fue confirmado como fichaje del Legan\u00e9s de Espa\u00f1a"},"content":{"rendered":"<p><strong><span style=\"color: #000000;\">El equipo de Madrid jugar\u00e1 a partir de la temporada 2024-2025 en la Primera Divisi\u00f3n del f\u00fatbol ib\u00e9rico<\/span><\/strong><\/p>\n<p><span style=\"color: #000000;\"><strong>Madrid, 15 de Agosto 2024, (ANDINA).-<\/strong> Tras salir del Celta de Vigo, el mediocampista Renato Tapia seguir\u00e1 su carrera profesional en Espa\u00f1a al confirmarse este jueves que fich\u00f3 por el Club Deportivo Legan\u00e9s, equipo que jugar\u00e1 a partir de la temporada 2024-2025 en la Primera Divisi\u00f3n.<\/span><\/p>\n<p><span style=\"color: #000000;\">Cuando todo apuntaba de que el nuevo equipo de Renato Tapia ser\u00eda el Espanyol de Barcelona, las cosas cambiaron dr\u00e1sticamente este jueves porque el Club Legan\u00e9s hizo p\u00fablico el fichaje del mediocampista peruano.<\/span><\/p>\n<p><span style=\"color: #000000;\">El conjunto de la Comunidad de Madrid utiliz\u00f3 sus redes sociales para anunciar que potenciar\u00e1n su mediocampo con la llegada del futbolista nacional, que la temporada pasada jug\u00f3 en el Celta de Vigo.<\/span><\/p>\n<p><span style=\"color: #000000;\">\u00abEl Legan\u00e9s fortalece su centro del campo con la llegada de Renato Tapia\u00bb, anunci\u00f3 el Legan\u00e9s en su cuenta X (antes Twitter).<\/span><\/p>\n<p><span style=\"color: #000000;\">Tapia firm\u00f3 para las pr\u00f3ximas dos temporadas y se incorporar\u00e1 este jueves a los entrenamientos a las \u00f3rdenes de Borja Jim\u00e9nez. Lucir\u00e1 el dorsal &#8216;5&#8217; y la fecha de su presentaci\u00f3n se dar\u00e1 a conocer pr\u00f3ximamente.<\/span><\/p>\n<p><span style=\"color: #000000;\">Como se sabe, el Club Deportivo Legan\u00e9s, S. A. D. es un equipo de f\u00fatbol espa\u00f1ol con sede en Legan\u00e9s, Comunidad de Madrid. A partir de la temporada 2024-25 jugar\u00e1 en la Primera Divisi\u00f3n de Espa\u00f1a.<\/span><\/p>\n<p><span style=\"color: #000000;\">La selecci\u00f3n peruana se beneficiar\u00eda con la llegada de Renato Tapia al club espa\u00f1ol y es que recuperar\u00eda a un jugador en la m\u00e1s alta competencia para afrontar la fecha 7 y 8 de las Eliminatorias al Mundial, que se reinicia en setiembre y en los cuales la Bicolor deber\u00e1 enfrentar a Colombia (viernes 6) y Ecuador (martes 10).<\/span><\/p>\n<p><span style=\"color: #000000;\">Seg\u00fan la p\u00e1gina especializada en fichajes Transfermarkt, el pase de Renato Tapia se encuentra valorizada en 5 millones de euros.<\/span><\/p>\n<p><a href=\"https:\/\/elinformanteperu.com\/wp-content\/uploads\/2021\/11\/renato-tapia5.jpg\"><img fetchpriority=\"high\" decoding=\"async\" class=\"size-large wp-image-108385 aligncenter\" src=\"https:\/\/elinformanteperu.com\/wp-content\/uploads\/2021\/11\/renato-tapia5-1024x683.jpg\" alt=\"\" width=\"615\" height=\"410\" srcset=\"https:\/\/elinformanteperu.com\/wp-content\/uploads\/2021\/11\/renato-tapia5-1024x683.jpg 1024w, https:\/\/elinformanteperu.com\/wp-content\/uploads\/2021\/11\/renato-tapia5-300x200.jpg 300w, https:\/\/elinformanteperu.com\/wp-content\/uploads\/2021\/11\/renato-tapia5-768x512.jpg 768w, https:\/\/elinformanteperu.com\/wp-content\/uploads\/2021\/11\/renato-tapia5-1536x1024.jpg 1536w, https:\/\/elinformanteperu.com\/wp-content\/uploads\/2021\/11\/renato-tapia5.jpg 1800w\" sizes=\"(max-width: 615px) 100vw, 615px\" \/><\/a><\/p>\n","protected":false},"excerpt":{"rendered":"<p>El equipo de Madrid jugar\u00e1 a partir de la temporada 2024-2025 en la Primera Divisi\u00f3n del f\u00fatbol ib\u00e9rico Madrid, 15 de Agosto 2024, (ANDINA).- Tras salir del Celta de Vigo, el mediocampista Renato Tapia seguir\u00e1 su carrera profesional en Espa\u00f1a al confirmarse este jueves que fich\u00f3 por el Club Deportivo Legan\u00e9s, equipo que jugar\u00e1 a [&hellip;]<\/p>\n","protected":false},"author":1,"featured_media":123647,"comment_status":"closed","ping_status":"closed","sticky":false,"template":"","format":"standard","meta":{"rop_custom_images_group":[],"rop_custom_messages_group":[],"rop_publish_now":"initial","rop_publish_now_accounts":[],"rop_publish_now_history":[],"rop_publish_now_status":"pending","footnotes":""},"categories":[8],"tags":[7592,1260],"class_list":["post-123641","post","type-post","status-publish","format-standard","has-post-thumbnail","hentry","category-disciplinas-deportivas","tag-leganes","tag-renato-tapia"],"_links":{"self":[{"href":"https:\/\/elinformanteperu.com\/index.php\/wp-json\/wp\/v2\/posts\/123641","targetHints":{"allow":["GET"]}}],"collection":[{"href":"https:\/\/elinformanteperu.com\/index.php\/wp-json\/wp\/v2\/posts"}],"about":[{"href":"https:\/\/elinformanteperu.com\/index.php\/wp-json\/wp\/v2\/types\/post"}],"author":[{"embeddable":true,"href":"https:\/\/elinformanteperu.com\/index.php\/wp-json\/wp\/v2\/users\/1"}],"replies":[{"embeddable":true,"href":"https:\/\/elinformanteperu.com\/index.php\/wp-json\/wp\/v2\/comments?post=123641"}],"version-history":[{"count":3,"href":"https:\/\/elinformanteperu.com\/index.php\/wp-json\/wp\/v2\/posts\/123641\/revisions"}],"predecessor-version":[{"id":123648,"href":"https:\/\/elinformanteperu.com\/index.php\/wp-json\/wp\/v2\/posts\/123641\/revisions\/123648"}],"wp:featuredmedia":[{"embeddable":true,"href":"https:\/\/elinformanteperu.com\/index.php\/wp-json\/wp\/v2\/media\/123647"}],"wp:attachment":[{"href":"https:\/\/elinformanteperu.com\/index.php\/wp-json\/wp\/v2\/media?parent=123641"}],"wp:term":[{"taxonomy":"category","embeddable":true,"href":"https:\/\/elinformanteperu.com\/index.php\/wp-json\/wp\/v2\/categories?post=123641"},{"taxonomy":"post_tag","embeddable":true,"href":"https:\/\/elinformanteperu.com\/index.php\/wp-json\/wp\/v2\/tags?post=123641"}],"curies":[{"name":"wp","href":"https:\/\/api.w.org\/{rel}","templated":true}]}}