{"id":123605,"date":"2024-08-15T01:00:26","date_gmt":"2024-08-15T06:00:26","guid":{"rendered":"https:\/\/elinformanteperu.com\/?p=123605"},"modified":"2024-08-15T01:02:52","modified_gmt":"2024-08-15T06:02:52","slug":"congreso-proponen-derogar-ley-que-establece-pension-para-expresidentes-2","status":"publish","type":"post","link":"https:\/\/elinformanteperu.com\/index.php\/2024\/08\/15\/congreso-proponen-derogar-ley-que-establece-pension-para-expresidentes-2\/","title":{"rendered":"Pleno del TC tendr\u00e1 sesi\u00f3n p\u00fablica descentralizada en Cusco el 22 de agosto"},"content":{"rendered":"<p><span style=\"color: #000000;\"><strong>Lima, 14 de Agosto 2024, (ANDINA).-<\/strong> El pleno del Tribunal Constitucional (TC), presidido por el magistrado Francisco Morales Saravia, sesionar\u00e1 en audiencia p\u00fablica descentralizada en la ciudad del Cusco el pr\u00f3ximo jueves 22 de agosto, para ver diez causas programadas.<\/span><\/p>\n<p><span style=\"color: #000000;\">La audiencia se realizar\u00e1 a las 10:30 horas en la sede de la Universidad Andina del Cusco, ubicada en la urbanizaci\u00f3n Ingenier\u00eda Larapa Grande A-7, pabell\u00f3n de aulas generales.<\/span><\/p>\n<p><span style=\"color: #000000;\">El colegiado tiene previsto escuchar los informes orales de los abogados en dos procesos de inconstitucionalidad, seis de amparo y dos procesos de habeas corpus procedentes de Lima y varias ciudades de la macrorregi\u00f3n sur.<\/span><\/p>\n<p><span style=\"color: #000000;\">Las partes y sus abogados podr\u00e1n presentar los escritos de solicitud de uso de la palabra por mesa de partes o ventanilla jurisdiccional del portal web del TC. Para cualquier coordinaci\u00f3n podr\u00e1n llamar al tel\u00e9fono (01) 4275814, anexo 555.<\/span><\/p>\n<p><span style=\"color: #000000;\">El colegiado est\u00e1 integrado por los magistrados Francisco Morales Saravia (presidente), Luz Pacheco Zerga, Gustavo Guti\u00e9rrez Ticse, Helder Dom\u00ednguez Haro, Manuel Monteagudo Valdez, C\u00e9sar Ochoa Cardich y Pedro Hern\u00e1ndez Ch\u00e1vez.<\/span><\/p>\n<p><a href=\"https:\/\/elinformanteperu.com\/wp-content\/uploads\/2024\/03\/TC44.jpg\"><img fetchpriority=\"high\" decoding=\"async\" class=\"size-large wp-image-119693 aligncenter\" src=\"https:\/\/elinformanteperu.com\/wp-content\/uploads\/2024\/03\/TC44-1024x683.jpg\" alt=\"\" width=\"615\" height=\"410\" srcset=\"https:\/\/elinformanteperu.com\/wp-content\/uploads\/2024\/03\/TC44-1024x683.jpg 1024w, https:\/\/elinformanteperu.com\/wp-content\/uploads\/2024\/03\/TC44-300x200.jpg 300w, https:\/\/elinformanteperu.com\/wp-content\/uploads\/2024\/03\/TC44-768x512.jpg 768w, https:\/\/elinformanteperu.com\/wp-content\/uploads\/2024\/03\/TC44-1536x1024.jpg 1536w, https:\/\/elinformanteperu.com\/wp-content\/uploads\/2024\/03\/TC44.jpg 1800w\" sizes=\"(max-width: 615px) 100vw, 615px\" \/><\/a><\/p>\n","protected":false},"excerpt":{"rendered":"<p>Lima, 14 de Agosto 2024, (ANDINA).- El pleno del Tribunal Constitucional (TC), presidido por el magistrado Francisco Morales Saravia, sesionar\u00e1 en audiencia p\u00fablica descentralizada en la ciudad del Cusco el pr\u00f3ximo jueves 22 de agosto, para ver diez causas programadas. La audiencia se realizar\u00e1 a las 10:30 horas en la sede de la Universidad Andina [&hellip;]<\/p>\n","protected":false},"author":1,"featured_media":123606,"comment_status":"closed","ping_status":"closed","sticky":false,"template":"","format":"standard","meta":{"rop_custom_images_group":[],"rop_custom_messages_group":[],"rop_publish_now":"initial","rop_publish_now_accounts":[],"rop_publish_now_history":[],"rop_publish_now_status":"pending","footnotes":""},"categories":[5],"tags":[1402,1401],"class_list":["post-123605","post","type-post","status-publish","format-standard","has-post-thumbnail","hentry","category-actualidad-informativa","tag-tc","tag-tribunal-constitucional"],"_links":{"self":[{"href":"https:\/\/elinformanteperu.com\/index.php\/wp-json\/wp\/v2\/posts\/123605","targetHints":{"allow":["GET"]}}],"collection":[{"href":"https:\/\/elinformanteperu.com\/index.php\/wp-json\/wp\/v2\/posts"}],"about":[{"href":"https:\/\/elinformanteperu.com\/index.php\/wp-json\/wp\/v2\/types\/post"}],"author":[{"embeddable":true,"href":"https:\/\/elinformanteperu.com\/index.php\/wp-json\/wp\/v2\/users\/1"}],"replies":[{"embeddable":true,"href":"https:\/\/elinformanteperu.com\/index.php\/wp-json\/wp\/v2\/comments?post=123605"}],"version-history":[{"count":2,"href":"https:\/\/elinformanteperu.com\/index.php\/wp-json\/wp\/v2\/posts\/123605\/revisions"}],"predecessor-version":[{"id":123608,"href":"https:\/\/elinformanteperu.com\/index.php\/wp-json\/wp\/v2\/posts\/123605\/revisions\/123608"}],"wp:featuredmedia":[{"embeddable":true,"href":"https:\/\/elinformanteperu.com\/index.php\/wp-json\/wp\/v2\/media\/123606"}],"wp:attachment":[{"href":"https:\/\/elinformanteperu.com\/index.php\/wp-json\/wp\/v2\/media?parent=123605"}],"wp:term":[{"taxonomy":"category","embeddable":true,"href":"https:\/\/elinformanteperu.com\/index.php\/wp-json\/wp\/v2\/categories?post=123605"},{"taxonomy":"post_tag","embeddable":true,"href":"https:\/\/elinformanteperu.com\/index.php\/wp-json\/wp\/v2\/tags?post=123605"}],"curies":[{"name":"wp","href":"https:\/\/api.w.org\/{rel}","templated":true}]}}