{"id":123603,"date":"2024-08-15T00:57:18","date_gmt":"2024-08-15T05:57:18","guid":{"rendered":"https:\/\/elinformanteperu.com\/?p=123603"},"modified":"2024-08-15T00:57:18","modified_gmt":"2024-08-15T05:57:18","slug":"congreso-proponen-derogar-ley-que-establece-pension-para-expresidentes","status":"publish","type":"post","link":"https:\/\/elinformanteperu.com\/index.php\/2024\/08\/15\/congreso-proponen-derogar-ley-que-establece-pension-para-expresidentes\/","title":{"rendered":"Congreso: proponen derogar ley que establece pensi\u00f3n para expresidentes"},"content":{"rendered":"<p><span style=\"color: #000000;\"><strong>Lima, 14 de Agosto 2024, (ANDINA).-<\/strong> El congresista Roberto S\u00e1nchez (Cambio Democr\u00e1tico-Juntos por el Per\u00fa) present\u00f3 una iniciativa que tiene la finalidad de derogar la norma que establece la pensi\u00f3n para los expresidentes constitucionales de la Rep\u00fablica.<\/span><\/p>\n<p><span style=\"color: #000000;\">Esta propuesta fue presentada ante la mesa de partes a trav\u00e9s del proyecto de ley 8607-2024-CR, el mismo que ser\u00e1 derivado a la comisi\u00f3n correspondiente.<\/span><\/p>\n<p><span style=\"color: #000000;\">En tal sentido, el objeto de la ley tiene por finalidad derogar la Ley 26519, que establece una pensi\u00f3n para expresidentes constitucionales de la Rep\u00fablica.<\/span><\/p>\n<p><span style=\"color: #000000;\">Dicha norma se\u00f1ala la obligaci\u00f3n del Estado de pagar un monto de dinero a las personas que cumplan con el \u00fanico requisito de haber ocupado el cargo de presidente de la Rep\u00fablica.<\/span><\/p>\n<p><span style=\"color: #000000;\">\u00abEn este aspecto, dicha pensi\u00f3n no constituye un derecho, sino un privilegio, puesto que no toma en cuenta otros requisitos que s\u00ed son considerados en el caso de pensiones no contributivas que son entregados por el Estado\u00bb, indica el documento en su exposici\u00f3n de motivos.<\/span><\/p>\n<p><span style=\"color: #000000;\">La Ley 26519, que fue publicada el 8 de agosto del 1995, indica que adem\u00e1s en el caso de fallecimiento ser\u00e1n beneficiarios de la pensi\u00f3n el c\u00f3nyuge y los hijos menores si los hubiere.<\/span><\/p>\n<p><span style=\"color: #000000;\">\u00abAdem\u00e1s, la ley mencionada refiere que si resultaran beneficiarios ambos simult\u00e1neamente, la pensi\u00f3n se otorgar\u00e1 a prorrata\u00bb, agrega.<\/span><\/p>\n<p><span style=\"color: #000000;\">Adem\u00e1s, en el art\u00edculo 2 de la referida norma se se\u00f1ala que este derecho queda en suspenso para el caso de expresidentes respecto de los cuales el Congreso haya formulado acusaci\u00f3n constitucional, \u00absalvo que la sentencia judicial los declare inocentes\u00bb.<\/span><\/p>\n<p><span style=\"color: #000000;\">\u00abQueda claro que un expresidente acusado constitucionalmente no puede recibir dicha pensi\u00f3n, salvo que haya sido declarado inocente mediante una sentencia\u00bb, se\u00f1ala.<\/span><\/p>\n<p><a href=\"https:\/\/elinformanteperu.com\/wp-content\/uploads\/2024\/03\/congreso-pleno.jpg\"><img fetchpriority=\"high\" decoding=\"async\" class=\"size-large wp-image-119352 aligncenter\" src=\"https:\/\/elinformanteperu.com\/wp-content\/uploads\/2024\/03\/congreso-pleno-1024x683.jpg\" alt=\"\" width=\"615\" height=\"410\" srcset=\"https:\/\/elinformanteperu.com\/wp-content\/uploads\/2024\/03\/congreso-pleno-1024x683.jpg 1024w, https:\/\/elinformanteperu.com\/wp-content\/uploads\/2024\/03\/congreso-pleno-300x200.jpg 300w, https:\/\/elinformanteperu.com\/wp-content\/uploads\/2024\/03\/congreso-pleno-768x512.jpg 768w, https:\/\/elinformanteperu.com\/wp-content\/uploads\/2024\/03\/congreso-pleno-1536x1024.jpg 1536w, https:\/\/elinformanteperu.com\/wp-content\/uploads\/2024\/03\/congreso-pleno.jpg 1800w\" sizes=\"(max-width: 615px) 100vw, 615px\" \/><\/a><\/p>\n","protected":false},"excerpt":{"rendered":"<p>Lima, 14 de Agosto 2024, (ANDINA).- El congresista Roberto S\u00e1nchez (Cambio Democr\u00e1tico-Juntos por el Per\u00fa) present\u00f3 una iniciativa que tiene la finalidad de derogar la norma que establece la pensi\u00f3n para los expresidentes constitucionales de la Rep\u00fablica. Esta propuesta fue presentada ante la mesa de partes a trav\u00e9s del proyecto de ley 8607-2024-CR, el mismo [&hellip;]<\/p>\n","protected":false},"author":1,"featured_media":108877,"comment_status":"closed","ping_status":"closed","sticky":false,"template":"","format":"standard","meta":{"rop_custom_images_group":[],"rop_custom_messages_group":[],"rop_publish_now":"initial","rop_publish_now_accounts":[],"rop_publish_now_history":[],"rop_publish_now_status":"pending","footnotes":""},"categories":[5],"tags":[192],"class_list":["post-123603","post","type-post","status-publish","format-standard","has-post-thumbnail","hentry","category-actualidad-informativa","tag-congreso"],"_links":{"self":[{"href":"https:\/\/elinformanteperu.com\/index.php\/wp-json\/wp\/v2\/posts\/123603","targetHints":{"allow":["GET"]}}],"collection":[{"href":"https:\/\/elinformanteperu.com\/index.php\/wp-json\/wp\/v2\/posts"}],"about":[{"href":"https:\/\/elinformanteperu.com\/index.php\/wp-json\/wp\/v2\/types\/post"}],"author":[{"embeddable":true,"href":"https:\/\/elinformanteperu.com\/index.php\/wp-json\/wp\/v2\/users\/1"}],"replies":[{"embeddable":true,"href":"https:\/\/elinformanteperu.com\/index.php\/wp-json\/wp\/v2\/comments?post=123603"}],"version-history":[{"count":1,"href":"https:\/\/elinformanteperu.com\/index.php\/wp-json\/wp\/v2\/posts\/123603\/revisions"}],"predecessor-version":[{"id":123604,"href":"https:\/\/elinformanteperu.com\/index.php\/wp-json\/wp\/v2\/posts\/123603\/revisions\/123604"}],"wp:featuredmedia":[{"embeddable":true,"href":"https:\/\/elinformanteperu.com\/index.php\/wp-json\/wp\/v2\/media\/108877"}],"wp:attachment":[{"href":"https:\/\/elinformanteperu.com\/index.php\/wp-json\/wp\/v2\/media?parent=123603"}],"wp:term":[{"taxonomy":"category","embeddable":true,"href":"https:\/\/elinformanteperu.com\/index.php\/wp-json\/wp\/v2\/categories?post=123603"},{"taxonomy":"post_tag","embeddable":true,"href":"https:\/\/elinformanteperu.com\/index.php\/wp-json\/wp\/v2\/tags?post=123603"}],"curies":[{"name":"wp","href":"https:\/\/api.w.org\/{rel}","templated":true}]}}