{"id":123601,"date":"2024-08-15T00:54:32","date_gmt":"2024-08-15T05:54:32","guid":{"rendered":"https:\/\/elinformanteperu.com\/?p=123601"},"modified":"2024-08-15T00:54:32","modified_gmt":"2024-08-15T05:54:32","slug":"pj-programa-para-el-27-de-agosto-audiencia-de-tutela-de-derechos-solicitada-por-hinostroza","status":"publish","type":"post","link":"https:\/\/elinformanteperu.com\/index.php\/2024\/08\/15\/pj-programa-para-el-27-de-agosto-audiencia-de-tutela-de-derechos-solicitada-por-hinostroza\/","title":{"rendered":"PJ programa para el 27 de agosto audiencia de tutela de derechos solicitada por Hinostroza"},"content":{"rendered":"<p><span style=\"color: #000000;\"><strong>Lima, 14 de Agosto 2024, (ANDINA).-<\/strong> El Juzgado Supremo de Investigaci\u00f3n Preparatoria program\u00f3 para el pr\u00f3ximo 27 de agosto, a las 11:30 horas la audiencia de tutela de derechos solicitada por la defensa de C\u00e9sar Hinostroza Pariachi, quien enfrenta acusaciones por los presuntos delitos de tr\u00e1fico de influencias y otros en agravio del Estado.<\/span><\/p>\n<p><span style=\"color: #000000;\">En junio pasado, el Poder Judicial solicit\u00f3 al Reino de B\u00e9lgica que ordenara la detenci\u00f3n preventiva del exjuez C\u00e9sar Hinostroza.<\/span><\/p>\n<p><span style=\"color: #000000;\">Seguidamente, el Segundo Juzgado Supremo de Investigaci\u00f3n Preparatoria aprob\u00f3 dicha solicitud, dando luz verde al inicio de un nuevo proceso de extradici\u00f3n contra Hinostroza.<\/span><\/p>\n<p><span style=\"color: #000000;\">Hinostroza es acusado de liderar la organizaci\u00f3n criminal &#8216;Los Cuellos Blancos del Puerto&#8217;, y se le vincula con presuntas irregularidades relacionadas con el intercambio de favores y gestiones supuestamente indebidas, aprovechando su posici\u00f3n como juez supremo en aquel momento.<\/span><\/p>\n<p><span style=\"color: #000000;\">Por estos motivos, Hinostroza enfrenta procesos judiciales por los delitos de cohecho, tr\u00e1fico de influencias y pertenencia a una organizaci\u00f3n criminal.<\/span><\/p>\n<p><a href=\"https:\/\/elinformanteperu.com\/wp-content\/uploads\/2020\/07\/cesar-hinostroza5.jpg\"><img fetchpriority=\"high\" decoding=\"async\" class=\"size-large wp-image-76871 aligncenter\" src=\"https:\/\/elinformanteperu.com\/wp-content\/uploads\/2020\/07\/cesar-hinostroza5-1024x683.jpg\" alt=\"\" width=\"615\" height=\"410\" srcset=\"https:\/\/elinformanteperu.com\/wp-content\/uploads\/2020\/07\/cesar-hinostroza5-1024x683.jpg 1024w, https:\/\/elinformanteperu.com\/wp-content\/uploads\/2020\/07\/cesar-hinostroza5-300x200.jpg 300w, https:\/\/elinformanteperu.com\/wp-content\/uploads\/2020\/07\/cesar-hinostroza5-768x512.jpg 768w, https:\/\/elinformanteperu.com\/wp-content\/uploads\/2020\/07\/cesar-hinostroza5-1536x1024.jpg 1536w, https:\/\/elinformanteperu.com\/wp-content\/uploads\/2020\/07\/cesar-hinostroza5.jpg 1800w\" sizes=\"(max-width: 615px) 100vw, 615px\" \/><\/a><\/p>\n","protected":false},"excerpt":{"rendered":"<p>Lima, 14 de Agosto 2024, (ANDINA).- El Juzgado Supremo de Investigaci\u00f3n Preparatoria program\u00f3 para el pr\u00f3ximo 27 de agosto, a las 11:30 horas la audiencia de tutela de derechos solicitada por la defensa de C\u00e9sar Hinostroza Pariachi, quien enfrenta acusaciones por los presuntos delitos de tr\u00e1fico de influencias y otros en agravio del Estado. En [&hellip;]<\/p>\n","protected":false},"author":1,"featured_media":57088,"comment_status":"closed","ping_status":"closed","sticky":false,"template":"","format":"standard","meta":{"rop_custom_images_group":[],"rop_custom_messages_group":[],"rop_publish_now":"initial","rop_publish_now_accounts":[],"rop_publish_now_history":[],"rop_publish_now_status":"pending","footnotes":""},"categories":[5],"tags":[3376,163],"class_list":["post-123601","post","type-post","status-publish","format-standard","has-post-thumbnail","hentry","category-actualidad-informativa","tag-cesar-hinostroza","tag-poder-judicial"],"_links":{"self":[{"href":"https:\/\/elinformanteperu.com\/index.php\/wp-json\/wp\/v2\/posts\/123601","targetHints":{"allow":["GET"]}}],"collection":[{"href":"https:\/\/elinformanteperu.com\/index.php\/wp-json\/wp\/v2\/posts"}],"about":[{"href":"https:\/\/elinformanteperu.com\/index.php\/wp-json\/wp\/v2\/types\/post"}],"author":[{"embeddable":true,"href":"https:\/\/elinformanteperu.com\/index.php\/wp-json\/wp\/v2\/users\/1"}],"replies":[{"embeddable":true,"href":"https:\/\/elinformanteperu.com\/index.php\/wp-json\/wp\/v2\/comments?post=123601"}],"version-history":[{"count":1,"href":"https:\/\/elinformanteperu.com\/index.php\/wp-json\/wp\/v2\/posts\/123601\/revisions"}],"predecessor-version":[{"id":123602,"href":"https:\/\/elinformanteperu.com\/index.php\/wp-json\/wp\/v2\/posts\/123601\/revisions\/123602"}],"wp:featuredmedia":[{"embeddable":true,"href":"https:\/\/elinformanteperu.com\/index.php\/wp-json\/wp\/v2\/media\/57088"}],"wp:attachment":[{"href":"https:\/\/elinformanteperu.com\/index.php\/wp-json\/wp\/v2\/media?parent=123601"}],"wp:term":[{"taxonomy":"category","embeddable":true,"href":"https:\/\/elinformanteperu.com\/index.php\/wp-json\/wp\/v2\/categories?post=123601"},{"taxonomy":"post_tag","embeddable":true,"href":"https:\/\/elinformanteperu.com\/index.php\/wp-json\/wp\/v2\/tags?post=123601"}],"curies":[{"name":"wp","href":"https:\/\/api.w.org\/{rel}","templated":true}]}}