{"id":123598,"date":"2024-08-15T00:51:47","date_gmt":"2024-08-15T05:51:47","guid":{"rendered":"https:\/\/elinformanteperu.com\/?p=123598"},"modified":"2024-08-15T00:51:47","modified_gmt":"2024-08-15T05:51:47","slug":"gustavo-adrianzen-descarta-represalias-en-contra-del-coronel-harvey-colchado","status":"publish","type":"post","link":"https:\/\/elinformanteperu.com\/index.php\/2024\/08\/15\/gustavo-adrianzen-descarta-represalias-en-contra-del-coronel-harvey-colchado\/","title":{"rendered":"Gustavo Adrianz\u00e9n descarta represalias en contra del coronel Harvey Colchado"},"content":{"rendered":"<p><span style=\"color: #000000;\"><strong>Lima, 14 de Agosto 2024, (ANDINA).-<\/strong> El presidente del Consejo de Ministros, Gustavo Adrianz\u00e9n, descart\u00f3 alg\u00fan tipo de represalia en contra del coronel de la Polic\u00eda Nacional del Per\u00fa (PNP), Harvey Colchado, a quien se le abri\u00f3 un procedimiento policial de baja en el servicio.<\/span><\/p>\n<p><span style=\"color: #000000;\">\u00abQuiero descartar de manera categ\u00f3rica su expresi\u00f3n en el sentido que los procedimientos administrativos y disciplinarios que se hayan podido haber iniciado institucionalmente contra la persona que se ha referido puedan constituir actos de represalia por parte de la presidenta de la rep\u00fablica\u00bb, manifest\u00f3.<\/span><\/p>\n<p><span style=\"color: #000000;\">En conferencia de prensa, tras una nueva sesi\u00f3n del Consejo de Ministros, precis\u00f3 que la mandataria \u00abno interviene, en modo alguno, en los procedimientos administrativos en ninguna de las entidades del sector p\u00fablico\u00bb.<\/span><\/p>\n<p><span style=\"color: #000000;\">\u00abEn segundo lugar, la Polic\u00eda Nacional del Per\u00fa, a la que pertenece el coronel que usted ha mencionado, tendr\u00e1 en alg\u00fan momento que dar explicaciones de las razones por las que se inici\u00f3 este procedimiento y las conclusiones del mismo\u00bb, sostuvo.<\/span><\/p>\n<p><span style=\"color: #000000;\">\u00abEn tanto, a mi me corresponde rechazar de forma categ\u00f3rica que la presidenta tenga que ver en alg\u00fan acto concerniente a esta situaci\u00f3n y menos que pueda constituir un acto de represalia de parte suya\u00bb, agreg\u00f3.<\/span><\/p>\n<p><span style=\"color: #000000;\">Como se recuerda, Harvey Colchado se desempe\u00f1aba como jefe de la Divisi\u00f3n de Investigaciones de Delitos de Alta Complejidad (Diviac) y fue quien dirigi\u00f3 el allanamiento a la vivienda de la mandataria.<\/span><\/p>\n<p><span style=\"color: #000000;\">Lesa humanidad<\/span><\/p>\n<p><span style=\"color: #000000;\">De otro lado, el ministro de Justicia, Eduardo Arana, consultado sobre la ley que precisa los alcances de la lesa humanidad, dijo que se trat\u00f3 de una norma promulgada por el Congreso de la Rep\u00fablica.<\/span><\/p>\n<p><span style=\"color: #000000;\">Explic\u00f3 que el Ejecutivo respeta la posiciones en contra de la ley expresadas por diversas instituciones e indic\u00f3 que existen mecanismos constitucionales para cuestionar su constitucionalidad.<\/span><\/p>\n<p><span style=\"color: #000000;\">\u00abDesde el gobierno estaremos al margen porque ser\u00e1 objeto de una demanda de inconstitucionalidad, corresponder\u00e1 al Congreso responder desde su procuradur\u00eda\u00bb, afirm\u00f3.<\/span><\/p>\n<p><span style=\"color: #000000;\">Sostuvo que se trata de un hecho consumado, en que la ley est\u00e1 vigente y que corresponde a jueces y fiscales definir su aplicaci\u00f3n.<\/span><\/p>\n","protected":false},"excerpt":{"rendered":"<p>Lima, 14 de Agosto 2024, (ANDINA).- El presidente del Consejo de Ministros, Gustavo Adrianz\u00e9n, descart\u00f3 alg\u00fan tipo de represalia en contra del coronel de la Polic\u00eda Nacional del Per\u00fa (PNP), Harvey Colchado, a quien se le abri\u00f3 un procedimiento policial de baja en el servicio. \u00abQuiero descartar de manera categ\u00f3rica su expresi\u00f3n en el sentido [&hellip;]<\/p>\n","protected":false},"author":1,"featured_media":123599,"comment_status":"closed","ping_status":"closed","sticky":false,"template":"","format":"standard","meta":{"rop_custom_images_group":[],"rop_custom_messages_group":[],"rop_publish_now":"initial","rop_publish_now_accounts":[],"rop_publish_now_history":[],"rop_publish_now_status":"pending","footnotes":""},"categories":[5],"tags":[7382,7406,189,438,281,2317],"class_list":["post-123598","post","type-post","status-publish","format-standard","has-post-thumbnail","hentry","category-actualidad-informativa","tag-gustavo-adrianzen","tag-harvey-colchado","tag-pcm","tag-pnp","tag-policia-nacional","tag-presidencia-del-consejo-de-ministros"],"_links":{"self":[{"href":"https:\/\/elinformanteperu.com\/index.php\/wp-json\/wp\/v2\/posts\/123598","targetHints":{"allow":["GET"]}}],"collection":[{"href":"https:\/\/elinformanteperu.com\/index.php\/wp-json\/wp\/v2\/posts"}],"about":[{"href":"https:\/\/elinformanteperu.com\/index.php\/wp-json\/wp\/v2\/types\/post"}],"author":[{"embeddable":true,"href":"https:\/\/elinformanteperu.com\/index.php\/wp-json\/wp\/v2\/users\/1"}],"replies":[{"embeddable":true,"href":"https:\/\/elinformanteperu.com\/index.php\/wp-json\/wp\/v2\/comments?post=123598"}],"version-history":[{"count":1,"href":"https:\/\/elinformanteperu.com\/index.php\/wp-json\/wp\/v2\/posts\/123598\/revisions"}],"predecessor-version":[{"id":123600,"href":"https:\/\/elinformanteperu.com\/index.php\/wp-json\/wp\/v2\/posts\/123598\/revisions\/123600"}],"wp:featuredmedia":[{"embeddable":true,"href":"https:\/\/elinformanteperu.com\/index.php\/wp-json\/wp\/v2\/media\/123599"}],"wp:attachment":[{"href":"https:\/\/elinformanteperu.com\/index.php\/wp-json\/wp\/v2\/media?parent=123598"}],"wp:term":[{"taxonomy":"category","embeddable":true,"href":"https:\/\/elinformanteperu.com\/index.php\/wp-json\/wp\/v2\/categories?post=123598"},{"taxonomy":"post_tag","embeddable":true,"href":"https:\/\/elinformanteperu.com\/index.php\/wp-json\/wp\/v2\/tags?post=123598"}],"curies":[{"name":"wp","href":"https:\/\/api.w.org\/{rel}","templated":true}]}}