{"id":123524,"date":"2024-08-13T23:47:35","date_gmt":"2024-08-14T04:47:35","guid":{"rendered":"https:\/\/elinformanteperu.com\/?p=123524"},"modified":"2024-08-13T23:47:35","modified_gmt":"2024-08-14T04:47:35","slug":"presidente-del-congreso-destaca-beneficios-del-tlc-con-ee-uu-tras-15-anos-de-vigencia","status":"publish","type":"post","link":"https:\/\/elinformanteperu.com\/index.php\/2024\/08\/13\/presidente-del-congreso-destaca-beneficios-del-tlc-con-ee-uu-tras-15-anos-de-vigencia\/","title":{"rendered":"Presidente del Congreso destaca beneficios del TLC con EE.UU tras 15 a\u00f1os de vigencia"},"content":{"rendered":"<p><span style=\"color: #000000;\"><strong>Lima, 13 de Agosto 2024, (ANDINA).-<\/strong> El presidente del Congreso, Eduardo Salhuana, destac\u00f3 los grandes beneficios del Tratado de Libre Comercio con los Estados Unidos en el desarrollo del pa\u00eds, tras 15 a\u00f1os de vigencia e indic\u00f3 que es momento de profundizarlo.<\/span><\/p>\n<p><span style=\"color: #000000;\">Salhuana record\u00f3 que cuando fue congresista, durante el periodo parlamentario el 2001-2006, tuvo una participaci\u00f3n en las comisiones correspondientes donde trabaj\u00f3 con los ministros de entonces para lograr dicho tratado de comercio.<\/span><\/p>\n<p><span style=\"color: #000000;\">\u00abEs bueno recordar (este tratado), pero tambi\u00e9n proyectarse al futuro, pues la agricultura tiene la posibilidad de crecer mucho m\u00e1s. El TLC (con Estados Unidos) es -sin duda- algo que gener\u00f3 un enorme desarrollo para el pa\u00eds y hay que profundizarlo\u00bb, manifest\u00f3 Salhuana Cavides.<\/span><\/p>\n<p><span style=\"color: #000000;\">Asimismo, dijo que en el a\u00f1o 2000 se export\u00f3 por el valor de 600 millones de d\u00f3lares en productos agrarios y que, el a\u00f1o pasado (2023), se han exportado 10,500 millones de d\u00f3lares.<\/span><\/p>\n<p><span style=\"color: #000000;\">\u00abEn 23 a\u00f1os hemos crecido de manera exponencial; esto significa ingreso de divisas, trabajo, empleo, bienestar, salario para miles de hombres y mujeres del campo, as\u00ed como desarrollo\u00bb, dijo.<\/span><\/p>\n<p><span style=\"color: #000000;\">Acot\u00f3 que el Per\u00fa debe insistir en seguir exportando y continuar los proyectos de desarrollo que van incidir en el crecimiento de la frontera agr\u00edcola del pa\u00eds.<\/span><\/p>\n<p><span style=\"color: #000000;\">Luego, destac\u00f3 que la Asociaci\u00f3n de Gremios de Productores Agrarios del Per\u00fa (Agap) es el principal gremio exportador en el pa\u00eds y que, en el reencuentro por la agricultura peruana, el Congreso no puede estar ajeno, ya que es parte del desarrollo del pa\u00eds.<\/span><\/p>\n<p><span style=\"color: #000000;\">\u00abNuestra pol\u00edtica y nuestras iniciativas legislativas tienen mucho que ver con el campo, agro y agricultura familiar\u00bb, se\u00f1al\u00f3.<\/span><\/p>\n<p><span style=\"color: #000000;\">Salhuana y otras personalidades fueron condecoradas en el marco de los 15 a\u00f1os de la firma del TLC con los EE.UU.<\/span><\/p>\n<p><span style=\"color: #000000;\">En el evento tambi\u00e9n fueron reconocidos los exministros de Comercio Exterior y Turismo, Ra\u00fal Diez Canseco, Eduardo Ferreyros y Mercedes Ar\u00e1oz, as\u00ed como el expresidente de la Confederaci\u00f3n Nacional de Instituciones Empresariales Privadas (Confiep), Roque Benavides, y el expresidente de Agap, Felipe Llona.<\/span><\/p>\n<p><span style=\"color: #000000;\">Del mismo modo, la embajadora de Estados Unidos en el Per\u00fa, Stephanie Syptak-Ramnath.<\/span><\/p>\n<p><span style=\"color: #000000;\">Cabe destacar que el 12 de abril del 2006 fue suscrito el Acuerdo de Promoci\u00f3n Comercial entre el Per\u00fa y los Estados Unidos. La entrada en vigencia de dicho acuerdo se dio el 1 de febrero del 2009.<\/span><\/p>\n<p><span style=\"color: #000000;\">El evento se realiz\u00f3 en el Country Club como parte del Segundo Coctel de Reencuentro de la Agricultura Peruana, organizado por la Asociaci\u00f3n de Gremios de Productores Agrarios del Per\u00fa (Agap).<\/span><\/p>\n","protected":false},"excerpt":{"rendered":"<p>Lima, 13 de Agosto 2024, (ANDINA).- El presidente del Congreso, Eduardo Salhuana, destac\u00f3 los grandes beneficios del Tratado de Libre Comercio con los Estados Unidos en el desarrollo del pa\u00eds, tras 15 a\u00f1os de vigencia e indic\u00f3 que es momento de profundizarlo. Salhuana record\u00f3 que cuando fue congresista, durante el periodo parlamentario el 2001-2006, tuvo [&hellip;]<\/p>\n","protected":false},"author":1,"featured_media":123525,"comment_status":"closed","ping_status":"closed","sticky":false,"template":"","format":"standard","meta":{"rop_custom_images_group":[],"rop_custom_messages_group":[],"rop_publish_now":"initial","rop_publish_now_accounts":[],"rop_publish_now_history":[],"rop_publish_now_status":"pending","footnotes":""},"categories":[5],"tags":[192,6768,1870,7585],"class_list":["post-123524","post","type-post","status-publish","format-standard","has-post-thumbnail","hentry","category-actualidad-informativa","tag-congreso","tag-eduardo-salhuana","tag-estados-unidos","tag-tlc"],"_links":{"self":[{"href":"https:\/\/elinformanteperu.com\/index.php\/wp-json\/wp\/v2\/posts\/123524","targetHints":{"allow":["GET"]}}],"collection":[{"href":"https:\/\/elinformanteperu.com\/index.php\/wp-json\/wp\/v2\/posts"}],"about":[{"href":"https:\/\/elinformanteperu.com\/index.php\/wp-json\/wp\/v2\/types\/post"}],"author":[{"embeddable":true,"href":"https:\/\/elinformanteperu.com\/index.php\/wp-json\/wp\/v2\/users\/1"}],"replies":[{"embeddable":true,"href":"https:\/\/elinformanteperu.com\/index.php\/wp-json\/wp\/v2\/comments?post=123524"}],"version-history":[{"count":1,"href":"https:\/\/elinformanteperu.com\/index.php\/wp-json\/wp\/v2\/posts\/123524\/revisions"}],"predecessor-version":[{"id":123526,"href":"https:\/\/elinformanteperu.com\/index.php\/wp-json\/wp\/v2\/posts\/123524\/revisions\/123526"}],"wp:featuredmedia":[{"embeddable":true,"href":"https:\/\/elinformanteperu.com\/index.php\/wp-json\/wp\/v2\/media\/123525"}],"wp:attachment":[{"href":"https:\/\/elinformanteperu.com\/index.php\/wp-json\/wp\/v2\/media?parent=123524"}],"wp:term":[{"taxonomy":"category","embeddable":true,"href":"https:\/\/elinformanteperu.com\/index.php\/wp-json\/wp\/v2\/categories?post=123524"},{"taxonomy":"post_tag","embeddable":true,"href":"https:\/\/elinformanteperu.com\/index.php\/wp-json\/wp\/v2\/tags?post=123524"}],"curies":[{"name":"wp","href":"https:\/\/api.w.org\/{rel}","templated":true}]}}