{"id":123443,"date":"2024-08-13T21:05:30","date_gmt":"2024-08-14T02:05:30","guid":{"rendered":"https:\/\/elinformanteperu.com\/?p=123443"},"modified":"2024-08-13T21:05:30","modified_gmt":"2024-08-14T02:05:30","slug":"cesar-rodriguez-desliza-retirarse-de-la-marcha-atletica-por-falta-de-apoyo","status":"publish","type":"post","link":"https:\/\/elinformanteperu.com\/index.php\/2024\/08\/13\/cesar-rodriguez-desliza-retirarse-de-la-marcha-atletica-por-falta-de-apoyo\/","title":{"rendered":"C\u00e9sar Rodr\u00edguez desliza retirarse de la marcha atl\u00e9tica por falta de apoyo"},"content":{"rendered":"<p><strong><span style=\"color: #000000;\">El deportista, junto a Kimberly Garc\u00eda, ocup\u00f3 el cuarto puesto en la prueba de revelo mixto de marcha<\/span><\/strong><\/p>\n<p><span style=\"color: #000000;\"><strong>Lima, 13 de Agosto 2024, (ANDINA).-<\/strong> C\u00e9sar Luis Rodr\u00edguez, quien ocup\u00f3 el cuarto puesto junto a Kimberly Garc\u00eda en el relevo mixto de la marcha en Par\u00eds 2024, dio a conocer este lunes que analiza la posibilidad de ya no seguir representando al pa\u00eds porque no tiene la seguridad si recibir\u00e1 el apoyo del Instituto Peruano del Deporte (IPD) y de la Federaci\u00f3n de Atletismo.<\/span><\/p>\n<p><span style=\"color: #000000;\">Luis Rodr\u00edguez hizo un somero recuento de su participaci\u00f3n en los Juegos Ol\u00edmpicos Par\u00eds 2024 en el que compiti\u00f3 en las pruebas de 20 kil\u00f3metros masculino de marcha y el marat\u00f3n de relevo. En esta \u00faltima hizo dupla con Kimberly Garc\u00eda.<\/span><\/p>\n<p><span style=\"color: #000000;\">En su competencia individual, Rodr\u00edguez no pudo acabar la traves\u00eda y debi\u00f3 abandonar debido a unas molestias f\u00edsicas que le evitaron continuar.<\/span><\/p>\n<p><span style=\"color: #000000;\">\u00abEn la primera competencia, no me sent\u00ed bien f\u00edsicamente, no me sent\u00eda c\u00f3modo justamente porque a la mitad me empezaron los malestares estomacales. No me sent\u00ed como siempre, as\u00ed que tuve que abandonar tambi\u00e9n pensando en la prueba de relevos mixtos. Me dol\u00eda mucho el est\u00f3mago, tuve nauseas y hasta v\u00f3mitos\u00bb, admiti\u00f3 el atleta en Infobae.<\/span><\/p>\n<p><span style=\"color: #000000;\">En la prueba mixta, la dupla nacional se ubic\u00f3 en el cuarto puesto y estuvo a un paso del podio. Esta situaci\u00f3n hace que Rodr\u00edguez lamente no haber podido ganar la medalla, objetivo que se hab\u00eda trazado previo al inicio de los Juegos Ol\u00edmpicos.<\/span><\/p>\n<p><strong><span style=\"color: #000000;\">Piensa en el retiro<\/span><\/strong><\/p>\n<p><span style=\"color: #000000;\">Rodr\u00edguez no tiene claro su futuro deportivo, ya que no sabe si continuar\u00e1 representando al Per\u00fa y que eso va a depender si le aseguran que tendr\u00e1 en apoyo del IPD y Federaci\u00f3n Peruana de Atletismo.<\/span><\/p>\n<p><span style=\"color: #000000;\">\u00abClaro que me queda un sabor de revancha para los Juegos Ol\u00edmpicos de Los \u00c1ngeles 2028, pero ahora tenemos que pensar bien si seguimos o no, porque para un ciclo ol\u00edmpico uno tiene que darse cuenta si va a tener el respaldo o el apoyo del IPD, de la Federaci\u00f3n\u00bb.<\/span><\/p>\n<p><span style=\"color: #000000;\">Agreg\u00f3: \u00abSi seguimos as\u00ed, en realidad va a ser muy dif\u00edcil porque si bien por parte del IPD recibimos algo de apoyo, por parte de la Federaci\u00f3n no, siempre me dec\u00edan que no hab\u00eda presupuesto y auspicios no tengo, entonces ser\u00eda bueno que empiecen a sumarse empresas privadas\u00bb.<\/span><\/p>\n<p><span style=\"color: #000000;\">Finalmente, confes\u00f3 que parte de su preparaci\u00f3n con miras a los Juegos tuvo que hacer un fuerte pr\u00e9stamo de dinero y ello lo tiene estresado por lo que no puede concentrarse bien en su disciplina.<\/span><\/p>\n<p><span style=\"color: #000000;\">\u00abPara solventar los gastos que tuve para la preparaci\u00f3n de los Juegos Ol\u00edmpicos invert\u00ed bastante, porque lo que nos daba el IPD no alcanzaba, todo se iba en pasajes y estad\u00eda. Tuve que hacer pr\u00e9stamos para poder seguir con la preparaci\u00f3n. Fue muy frustrante, estaba lleno de estr\u00e9s\u00bb, culmin\u00f3.<\/span><\/p>\n","protected":false},"excerpt":{"rendered":"<p>El deportista, junto a Kimberly Garc\u00eda, ocup\u00f3 el cuarto puesto en la prueba de revelo mixto de marcha Lima, 13 de Agosto 2024, (ANDINA).- C\u00e9sar Luis Rodr\u00edguez, quien ocup\u00f3 el cuarto puesto junto a Kimberly Garc\u00eda en el relevo mixto de la marcha en Par\u00eds 2024, dio a conocer este lunes que analiza la posibilidad [&hellip;]<\/p>\n","protected":false},"author":1,"featured_media":123444,"comment_status":"closed","ping_status":"closed","sticky":false,"template":"","format":"standard","meta":{"rop_custom_images_group":[],"rop_custom_messages_group":[],"rop_publish_now":"initial","rop_publish_now_accounts":[],"rop_publish_now_history":[],"rop_publish_now_status":"pending","footnotes":""},"categories":[8],"tags":[6702,417,7538,6735],"class_list":["post-123443","post","type-post","status-publish","format-standard","has-post-thumbnail","hentry","category-disciplinas-deportivas","tag-cesar-rodriguez","tag-ipd","tag-juegos-olimpicos-paris-2024","tag-paris-2024"],"_links":{"self":[{"href":"https:\/\/elinformanteperu.com\/index.php\/wp-json\/wp\/v2\/posts\/123443","targetHints":{"allow":["GET"]}}],"collection":[{"href":"https:\/\/elinformanteperu.com\/index.php\/wp-json\/wp\/v2\/posts"}],"about":[{"href":"https:\/\/elinformanteperu.com\/index.php\/wp-json\/wp\/v2\/types\/post"}],"author":[{"embeddable":true,"href":"https:\/\/elinformanteperu.com\/index.php\/wp-json\/wp\/v2\/users\/1"}],"replies":[{"embeddable":true,"href":"https:\/\/elinformanteperu.com\/index.php\/wp-json\/wp\/v2\/comments?post=123443"}],"version-history":[{"count":1,"href":"https:\/\/elinformanteperu.com\/index.php\/wp-json\/wp\/v2\/posts\/123443\/revisions"}],"predecessor-version":[{"id":123445,"href":"https:\/\/elinformanteperu.com\/index.php\/wp-json\/wp\/v2\/posts\/123443\/revisions\/123445"}],"wp:featuredmedia":[{"embeddable":true,"href":"https:\/\/elinformanteperu.com\/index.php\/wp-json\/wp\/v2\/media\/123444"}],"wp:attachment":[{"href":"https:\/\/elinformanteperu.com\/index.php\/wp-json\/wp\/v2\/media?parent=123443"}],"wp:term":[{"taxonomy":"category","embeddable":true,"href":"https:\/\/elinformanteperu.com\/index.php\/wp-json\/wp\/v2\/categories?post=123443"},{"taxonomy":"post_tag","embeddable":true,"href":"https:\/\/elinformanteperu.com\/index.php\/wp-json\/wp\/v2\/tags?post=123443"}],"curies":[{"name":"wp","href":"https:\/\/api.w.org\/{rel}","templated":true}]}}