{"id":123439,"date":"2024-08-13T20:56:59","date_gmt":"2024-08-14T01:56:59","guid":{"rendered":"https:\/\/elinformanteperu.com\/?p=123439"},"modified":"2024-08-13T20:56:59","modified_gmt":"2024-08-14T01:56:59","slug":"stefano-peschiera-tuvo-un-recibimiento-multitudinario-en-su-llegada-a-lima","status":"publish","type":"post","link":"https:\/\/elinformanteperu.com\/index.php\/2024\/08\/13\/stefano-peschiera-tuvo-un-recibimiento-multitudinario-en-su-llegada-a-lima\/","title":{"rendered":"Stefano Peschiera tuvo un recibimiento multitudinario en su llegada a Lima"},"content":{"rendered":"<p><strong><span style=\"color: #000000;\">El medallista ol\u00edmpico estuvo acompa\u00f1ado por Alonso Correa y Mar\u00eda Bel\u00e9n Bazo.<\/span><\/strong><\/p>\n<p><span style=\"color: #000000;\"><strong>Lima, 13 de Agosto 2024, (ANDINA).-<\/strong> Un recibimiento multitudinario tuvieron Stefano Peschiera, Mar\u00eda Bel\u00e9n Bazo y Alonso Correa, quienes llegaron a Lima tras su actuaciones sobresalientes en los Juegos de Par\u00eds 2024, donde el velerista nacional obtuvo la medalla de bronce quebrando as\u00ed la sequ\u00eda de 32 a\u00f1os que ten\u00eda Per\u00fa de no ganar t\u00edtulos en Juegos Ol\u00edmpicos.<\/span><\/p>\n<p><span style=\"color: #000000;\">Como para estar acorde al deporte que realiza Stefano Peschiera, un mar de gente se dio cita al Aeropuerto Internacional Jorge Ch\u00e1vez para esperar a los deportistas nacionales luego de su ardua lucha en los Juegos de Par\u00eds 2024, donde batallaron con los mejores del mundo.<\/span><\/p>\n<p><span style=\"color: #000000;\">Al promediar las 15:51 horas, el avi\u00f3n que traslad\u00f3 a Peschiera, Bazo y Correa desde la capital francesa, aterriz\u00f3 en suelo peruano, situaci\u00f3n que llev\u00f3 a desatar una fiesta en los exteriores del primer terminal a\u00e9reo del pa\u00eds.<\/span><\/p>\n<p><span style=\"color: #000000;\">Una banda de m\u00fasica ameniz\u00f3 el momento y a ritmo del estribillo \u00abcomo no te voy a querer\u00bb la multitud comenz\u00f3 a vitorear los nombres de los &#8216;h\u00e9roes&#8217; deportivos, resaltando m\u00e1s el de Peschiera, quien hizo vibrar a todo el pa\u00eds con su gesta de poner la bandera nacional en el podio de la vela ol\u00edmpica.<\/span><\/p>\n<p><span style=\"color: #000000;\">Los aficionados tambi\u00e9n hicieron flamear banderas peruanas y colgaron banderolas con frases alusivas al deportista de 29 a\u00f1os.<\/span><\/p>\n<p><span style=\"color: #000000;\">Ni\u00f1os del Colegio Educativo Deportivo Experimental (Cede) hicieron un alto a sus estudios y entrenamientos, que tienen en horas de la tarde, para darse cita para saludar a sus \u00eddolos. La mayor\u00eda elabor\u00f3 carteles con mensajes de agradecimiento a Peschiera por regalarles la alegr\u00eda de traer una presea ol\u00edmpica.<\/span><\/p>\n<p><span style=\"color: #000000;\">Al promediar la 17:00 horas, los tres deportistas salieron de la puerta 1 de vuelos internacionales. Stefano puso por delante la medalla de bronce ense\u00f1\u00e1ndole a todos los asistentes, quienes gritaron y vibraron con fuerza.<\/span><\/p>\n<p><span style=\"color: #000000;\">\u00abGracias por por este apoyo de la gente. Espero que esta presea la disfrutemos y que en futuro vengan m\u00e1s. Es hist\u00f3rico y esto lo demuestra, porque la idea es unirnos para sacar al Per\u00fa adelante. Es un sue\u00f1o desde peque\u00f1o. Hemos demostrados de lo que los peruanos somos capaces. Quiero ser instrumento para que venga m\u00e1s apoyo\u00bb, fueron sus primeras palabras de Peschiera.<\/span><\/p>\n<p><span style=\"color: #000000;\">El deportista se sorprendi\u00f3 por la cantidad de gente que fue a recibirlo y se mostr\u00f3 tan emocionado por ello.<\/span><\/p>\n<p><span style=\"color: #000000;\">\u00abLa verdad no estamos acostumbrado en mi deporte a este recibimiento, pero una medalla ol\u00edmpica lo amerita y el Per\u00fa se lo merece. Se lo dedico al cien por ciento a mi abuelo y a mi familia, que es el equipo m\u00e1s grande que tengo. Espero que esta medalla abra m\u00e1s puertas para el futuro. Ahora si estoy agarrando conciencia de lo que hemos ganado\u00bb, asever\u00f3 el exponente.<\/span><\/p>\n<p><span style=\"color: #000000;\">Como se sabe, Stefano permanecer\u00e1 solo 24 horas en Lima debido a que deber\u00e1 viajar en breve a Estados Unidos para afrontar una competencia ya pactada con anticipaci\u00f3n.<\/span><\/p>\n<p><a href=\"https:\/\/elinformanteperu.com\/wp-content\/uploads\/2024\/08\/Stefano-Peschiera3.jpg\"><img fetchpriority=\"high\" decoding=\"async\" class=\"size-large wp-image-123441 aligncenter\" src=\"https:\/\/elinformanteperu.com\/wp-content\/uploads\/2024\/08\/Stefano-Peschiera3-1024x683.jpg\" alt=\"\" width=\"615\" height=\"410\" srcset=\"https:\/\/elinformanteperu.com\/wp-content\/uploads\/2024\/08\/Stefano-Peschiera3-1024x683.jpg 1024w, https:\/\/elinformanteperu.com\/wp-content\/uploads\/2024\/08\/Stefano-Peschiera3-300x200.jpg 300w, https:\/\/elinformanteperu.com\/wp-content\/uploads\/2024\/08\/Stefano-Peschiera3-768x512.jpg 768w, https:\/\/elinformanteperu.com\/wp-content\/uploads\/2024\/08\/Stefano-Peschiera3-1536x1024.jpg 1536w, https:\/\/elinformanteperu.com\/wp-content\/uploads\/2024\/08\/Stefano-Peschiera3.jpg 1800w\" sizes=\"(max-width: 615px) 100vw, 615px\" \/><\/a><strong><span style=\"color: #000000;\">Ingreso a la galer\u00eda brillante<\/span><\/strong><\/p>\n<p><span style=\"color: #000000;\">Peschiera escribi\u00f3 su nombre en los anaqueles m\u00e1s exitosos del deporte peruano en el que est\u00e1n grandes personajes como el tirador Edwin V\u00e1squez, quien en los Juegos Ol\u00edmpicos de Londres 1948 gan\u00f3 la \u00fanica medalla de oro, en la modalidad pistola 50 metros, que ostenta el pa\u00eds en citas ol\u00edmpicas.<\/span><\/p>\n<p><span style=\"color: #000000;\">En esa brillante galer\u00eda tambi\u00e9n est\u00e1 Francisco Boza, quien en los Juegos de Los \u00c1ngeles 1984 se adue\u00f1\u00f3 de la presea de plata en skeet foso ol\u00edmpico.<\/span><\/p>\n<p><span style=\"color: #000000;\">No pod\u00eda faltar la selecci\u00f3n de voleibol liderada por Cecilia Tait y Gaby P\u00e9rez delSolar, quienes se colgaron la medalla de plata en Se\u00fal 1988.<\/span><\/p>\n<p><span style=\"color: #000000;\">Finalmente, otra vez el tiro volvi\u00f3 a darle la tercera presea ol\u00edmpica al pa\u00eds gracias a Juan Giha, quien en los Juegos de Barcelona 1992 se ubic\u00f3 en el segundo lugar en la modalidad de \u2018skeet\u2019 y se qued\u00f3 a un solo punto de llevarse el oro.<\/span><\/p>\n<p><span style=\"color: #000000;\">Desde entonces, muchos deportista intentaron igualar esas haza\u00f1a y adue\u00f1arse de la quinta medalla ol\u00edmpica, sin lograr el objetivo, hasta que lleg\u00f3 Stefano Peschiera, quien cargando dos actuaciones anteriores Juegos Ol\u00edmpicos, quebr\u00f3 es maleficio en los Par\u00eds 2024 para la felicidad de todo una naci\u00f3n que lo eleva a la figura de &#8216;h\u00e9roe ol\u00edmpico&#8217;.<\/span><\/p>\n","protected":false},"excerpt":{"rendered":"<p>El medallista ol\u00edmpico estuvo acompa\u00f1ado por Alonso Correa y Mar\u00eda Bel\u00e9n Bazo. Lima, 13 de Agosto 2024, (ANDINA).- Un recibimiento multitudinario tuvieron Stefano Peschiera, Mar\u00eda Bel\u00e9n Bazo y Alonso Correa, quienes llegaron a Lima tras su actuaciones sobresalientes en los Juegos de Par\u00eds 2024, donde el velerista nacional obtuvo la medalla de bronce quebrando as\u00ed [&hellip;]<\/p>\n","protected":false},"author":1,"featured_media":123440,"comment_status":"closed","ping_status":"closed","sticky":false,"template":"","format":"standard","meta":{"rop_custom_images_group":[],"rop_custom_messages_group":[],"rop_publish_now":"initial","rop_publish_now_accounts":[],"rop_publish_now_history":[],"rop_publish_now_status":"pending","footnotes":""},"categories":[8],"tags":[7576,7538,7574,6735,1289],"class_list":["post-123439","post","type-post","status-publish","format-standard","has-post-thumbnail","hentry","category-disciplinas-deportivas","tag-alonso-correa","tag-juegos-olimpicos-paris-2024","tag-maria-belen-bazo","tag-paris-2024","tag-stefano-peschiera"],"_links":{"self":[{"href":"https:\/\/elinformanteperu.com\/index.php\/wp-json\/wp\/v2\/posts\/123439","targetHints":{"allow":["GET"]}}],"collection":[{"href":"https:\/\/elinformanteperu.com\/index.php\/wp-json\/wp\/v2\/posts"}],"about":[{"href":"https:\/\/elinformanteperu.com\/index.php\/wp-json\/wp\/v2\/types\/post"}],"author":[{"embeddable":true,"href":"https:\/\/elinformanteperu.com\/index.php\/wp-json\/wp\/v2\/users\/1"}],"replies":[{"embeddable":true,"href":"https:\/\/elinformanteperu.com\/index.php\/wp-json\/wp\/v2\/comments?post=123439"}],"version-history":[{"count":1,"href":"https:\/\/elinformanteperu.com\/index.php\/wp-json\/wp\/v2\/posts\/123439\/revisions"}],"predecessor-version":[{"id":123442,"href":"https:\/\/elinformanteperu.com\/index.php\/wp-json\/wp\/v2\/posts\/123439\/revisions\/123442"}],"wp:featuredmedia":[{"embeddable":true,"href":"https:\/\/elinformanteperu.com\/index.php\/wp-json\/wp\/v2\/media\/123440"}],"wp:attachment":[{"href":"https:\/\/elinformanteperu.com\/index.php\/wp-json\/wp\/v2\/media?parent=123439"}],"wp:term":[{"taxonomy":"category","embeddable":true,"href":"https:\/\/elinformanteperu.com\/index.php\/wp-json\/wp\/v2\/categories?post=123439"},{"taxonomy":"post_tag","embeddable":true,"href":"https:\/\/elinformanteperu.com\/index.php\/wp-json\/wp\/v2\/tags?post=123439"}],"curies":[{"name":"wp","href":"https:\/\/api.w.org\/{rel}","templated":true}]}}