{"id":123435,"date":"2024-08-13T20:48:56","date_gmt":"2024-08-14T01:48:56","guid":{"rendered":"https:\/\/elinformanteperu.com\/?p=123435"},"modified":"2024-08-13T20:48:56","modified_gmt":"2024-08-14T01:48:56","slug":"lucho-llosa-y-su-primera-pelicula-personal-tatuajes-en-la-memoria","status":"publish","type":"post","link":"https:\/\/elinformanteperu.com\/index.php\/2024\/08\/13\/lucho-llosa-y-su-primera-pelicula-personal-tatuajes-en-la-memoria\/","title":{"rendered":"Lucho Llosa y su primera pel\u00edcula personal: Tatuajes en la memoria"},"content":{"rendered":"<p><span style=\"color: #000000;\"><strong>Lima, 13 de Agosto 2024, (ANDINA).-<\/strong> El cineasta arequipe\u00f1o Lucho Llosa estrenar\u00e1 Tatuajes en la memoria, filme que considera su primera pel\u00edcula personal. Tambi\u00e9n anuncia que lanzar\u00e1 sus memorias.<\/span><\/p>\n<p><span style=\"color: #000000;\">Unos d\u00edas antes de la quincena de marzo del 2020, el multifac\u00e9tico Lucho Llosa se qued\u00f3 varado en Rep\u00fablica Dominicana. Los vuelos se hab\u00edan cancelado por la pandemia del covid-19.<\/span><\/p>\n<p><span style=\"color: #000000;\">Como forma de pasar el tiempo, empez\u00f3 a escribir un pedido de sus hijos desde hac\u00eda mucho tiempo: sus memorias. Ese fue el embri\u00f3n de Secretos de un latino en Hollywood.<\/span><\/p>\n<p><span style=\"color: #000000;\">Curiosamente, esta publicaci\u00f3n ha salido con pocas semanas de anticipaci\u00f3n de lo que \u00e9l considera su primera pel\u00edcula personal: Tatuajes en la memoria.<\/span><\/p>\n<p><strong><span style=\"color: #000000;\">Los caminos de la vida<\/span><\/strong><\/p>\n<p><span style=\"color: #000000;\">El director de cine y televisi\u00f3n revel\u00f3 al diario oficial El Peruano que \u00e9l considera que todo lo que ha estado haciendo en su carrera lo prepar\u00f3 para la pel\u00edcula que est\u00e1 por estrenar.<\/span><\/p>\n<p><span style=\"color: #000000;\">Desde que en la d\u00e9cada de 1970 terminara por azar de asistente de William Friedkin \u2013director de Contacto en Francia y El Exorcista\u2013 hasta la creaci\u00f3n de la serie de televisi\u00f3n Gamboa en la d\u00e9cada de 1980, todo lo hac\u00eda pensando en saltar a la pantalla grande.<\/span><\/p>\n<p><span style=\"color: #000000;\">Lo hizo dirigiendo para Hollywood filmes exitosos como El especialista \u2013con nada menos Slyvester Stallone\u2013 o Anaconda. Luego, sigui\u00f3 haciendo filmes en Rep\u00fablica Dominicana.<\/span><\/p>\n<p><span style=\"color: #000000;\">Hace unos a\u00f1os ley\u00f3 Memorias de un soldado desconocido de Lurgio Gavil\u00e1n. En ese libro se narra c\u00f3mo el autor fue arrastrado de ni\u00f1o a las filas de Sendero Luminoso y luego reclutado por el Ej\u00e9rcito.<\/span><\/p>\n<p><span style=\"color: #000000;\">Le obsesion\u00f3 en la historia y compr\u00f3 los derechos para llevarla al cine. Pero esa traves\u00eda fue un poco azarosa. Su primo Mario Vargas Llosa hizo el gui\u00f3n, luego de hacer con \u00e9l bastante trabajo de campo.<\/span><\/p>\n<p><span style=\"color: #000000;\">\u201cEs una versi\u00f3n libre del libro de Lurgio Gavil\u00e1n. Pero todo lo que hemos a\u00f1adido lo hemos consultado con \u00e9l para que nos diga si cab\u00eda dentro de lo posible de su experiencia\u201d, refiri\u00f3 Llosa.<\/span><\/p>\n<p><span style=\"color: #000000;\">Mencion\u00f3 que tuvo que buscar financiamiento privado. Adem\u00e1s, apost\u00f3 por rostros nuevos, la mayor\u00eda enrolados en la zona donde se rod\u00f3: las alturas de Huanta.<\/span><\/p>\n<p><span style=\"color: #000000;\">Los \u00fanicos artistas conocidos que est\u00e1n en el reparto son Milene V\u00e1squez, Christian Esquivel y Reynaldo Arenas.<\/span><\/p>\n<p><span style=\"color: #000000;\">Lucho Llosa afirma que si no hubiera tenido la suerte de trabajar bajo bastante presi\u00f3n con William Friedkin; no hubiera estado listo para dirigir Gamboa, con tantos actores y guionistas.<\/span><\/p>\n<p><a href=\"https:\/\/elinformanteperu.com\/wp-content\/uploads\/2024\/08\/lucho-llosa1.jpg\"><img fetchpriority=\"high\" decoding=\"async\" class=\"size-full wp-image-123437 aligncenter\" src=\"https:\/\/elinformanteperu.com\/wp-content\/uploads\/2024\/08\/lucho-llosa1.jpg\" alt=\"\" width=\"500\" height=\"337\" srcset=\"https:\/\/elinformanteperu.com\/wp-content\/uploads\/2024\/08\/lucho-llosa1.jpg 500w, https:\/\/elinformanteperu.com\/wp-content\/uploads\/2024\/08\/lucho-llosa1-300x202.jpg 300w\" sizes=\"(max-width: 500px) 100vw, 500px\" \/><\/a><\/p>\n","protected":false},"excerpt":{"rendered":"<p>Lima, 13 de Agosto 2024, (ANDINA).- El cineasta arequipe\u00f1o Lucho Llosa estrenar\u00e1 Tatuajes en la memoria, filme que considera su primera pel\u00edcula personal. Tambi\u00e9n anuncia que lanzar\u00e1 sus memorias. Unos d\u00edas antes de la quincena de marzo del 2020, el multifac\u00e9tico Lucho Llosa se qued\u00f3 varado en Rep\u00fablica Dominicana. Los vuelos se hab\u00edan cancelado por [&hellip;]<\/p>\n","protected":false},"author":1,"featured_media":123436,"comment_status":"closed","ping_status":"closed","sticky":false,"template":"","format":"standard","meta":{"rop_custom_images_group":[],"rop_custom_messages_group":[],"rop_publish_now":"initial","rop_publish_now_accounts":[],"rop_publish_now_history":[],"rop_publish_now_status":"pending","footnotes":""},"categories":[7],"tags":[7583,7584,1973],"class_list":["post-123435","post","type-post","status-publish","format-standard","has-post-thumbnail","hentry","category-butaca","tag-lucho-llosa","tag-milene-vasquez","tag-reynaldo-arenas"],"_links":{"self":[{"href":"https:\/\/elinformanteperu.com\/index.php\/wp-json\/wp\/v2\/posts\/123435","targetHints":{"allow":["GET"]}}],"collection":[{"href":"https:\/\/elinformanteperu.com\/index.php\/wp-json\/wp\/v2\/posts"}],"about":[{"href":"https:\/\/elinformanteperu.com\/index.php\/wp-json\/wp\/v2\/types\/post"}],"author":[{"embeddable":true,"href":"https:\/\/elinformanteperu.com\/index.php\/wp-json\/wp\/v2\/users\/1"}],"replies":[{"embeddable":true,"href":"https:\/\/elinformanteperu.com\/index.php\/wp-json\/wp\/v2\/comments?post=123435"}],"version-history":[{"count":1,"href":"https:\/\/elinformanteperu.com\/index.php\/wp-json\/wp\/v2\/posts\/123435\/revisions"}],"predecessor-version":[{"id":123438,"href":"https:\/\/elinformanteperu.com\/index.php\/wp-json\/wp\/v2\/posts\/123435\/revisions\/123438"}],"wp:featuredmedia":[{"embeddable":true,"href":"https:\/\/elinformanteperu.com\/index.php\/wp-json\/wp\/v2\/media\/123436"}],"wp:attachment":[{"href":"https:\/\/elinformanteperu.com\/index.php\/wp-json\/wp\/v2\/media?parent=123435"}],"wp:term":[{"taxonomy":"category","embeddable":true,"href":"https:\/\/elinformanteperu.com\/index.php\/wp-json\/wp\/v2\/categories?post=123435"},{"taxonomy":"post_tag","embeddable":true,"href":"https:\/\/elinformanteperu.com\/index.php\/wp-json\/wp\/v2\/tags?post=123435"}],"curies":[{"name":"wp","href":"https:\/\/api.w.org\/{rel}","templated":true}]}}