{"id":123431,"date":"2024-08-13T20:43:21","date_gmt":"2024-08-14T01:43:21","guid":{"rendered":"https:\/\/elinformanteperu.com\/?p=123431"},"modified":"2024-08-13T20:43:21","modified_gmt":"2024-08-14T01:43:21","slug":"claudio-narea-el-ex-prisionero-estara-en-conciertos-en-lima-y-trujillo","status":"publish","type":"post","link":"https:\/\/elinformanteperu.com\/index.php\/2024\/08\/13\/claudio-narea-el-ex-prisionero-estara-en-conciertos-en-lima-y-trujillo\/","title":{"rendered":"Claudio Narea: el ex-Prisionero estar\u00e1 en conciertos en Lima y Trujillo"},"content":{"rendered":"<p><strong><span style=\"color: #000000;\">Celebrar\u00e1 el 40\u00b0 aniversario del emblem\u00e1tico \u00e1lbum La voz de los 80.<\/span><\/strong><\/p>\n<p><span style=\"color: #000000;\"><strong>Lima, 13 de Agosto 2024, (ANDINA).-<\/strong> Una buena noticia para los fan\u00e1ticos del rock en espa\u00f1ol. Claudio Narea, exguitarrista de la ic\u00f3nica banda chilena Los Prisioneros, llegar\u00e1 a Lima el 22 de agosto y a Trujillo el 24, para celebrar el 40\u00b0 aniversario del emblem\u00e1tico \u00e1lbum La voz de los 80.<\/span><\/p>\n<p><span style=\"color: #000000;\">Un concierto que se efectuar\u00e1 en el Centro de Convenciones de Barranco el 22 de agosto en Lima y el s\u00e1bado 24 de agosto en Trujillo El Estribo Internacional.<\/span><\/p>\n<p><span style=\"color: #000000;\">Claudio tocar\u00e1 el disco La voz de los 80 en su totalidad, junto con los mejores hits que hicieron a Los Prisioneros, una de las bandas m\u00e1s conocidas del continente.<\/span><\/p>\n<p><span style=\"color: #000000;\">La voz de los 80, lanzado en 1984, es considerado uno de los discos m\u00e1s importantes del rock en espa\u00f1ol. Con temas ic\u00f3nicos como \u201cLa voz de los 80\u201d, \u201cParamar\u201d, \u201cNunca quedas mal con nadie\u201d y \u201cSexo\u201d, el \u00e1lbum no solo defini\u00f3 el sonido de una \u00e9poca, sino que tambi\u00e9n se convirti\u00f3 en una voz cr\u00edtica y revolucionaria en tiempos de dictadura en Chile.<\/span><\/p>\n<p><span style=\"color: #000000;\">Claudio Narea, como parte fundamental de Los Prisioneros, fue coautor de muchas de estas canciones y ha seguido una destacada carrera como solista.<\/span><\/p>\n<p><span style=\"color: #000000;\">El concierto tambi\u00e9n tendr\u00e1 como banda invitada a Velvet, quien nos traer\u00e1 un tributo al rock de los 80 y 90, con la voz de Mariana Polar.<\/span><\/p>\n<p><a href=\"https:\/\/elinformanteperu.com\/wp-content\/uploads\/2024\/08\/claudio-narrea-1.jpg\"><img fetchpriority=\"high\" decoding=\"async\" class=\"size-full wp-image-123433 aligncenter\" src=\"https:\/\/elinformanteperu.com\/wp-content\/uploads\/2024\/08\/claudio-narrea-1.jpg\" alt=\"\" width=\"500\" height=\"333\" srcset=\"https:\/\/elinformanteperu.com\/wp-content\/uploads\/2024\/08\/claudio-narrea-1.jpg 500w, https:\/\/elinformanteperu.com\/wp-content\/uploads\/2024\/08\/claudio-narrea-1-300x200.jpg 300w\" sizes=\"(max-width: 500px) 100vw, 500px\" \/><\/a><\/p>\n","protected":false},"excerpt":{"rendered":"<p>Celebrar\u00e1 el 40\u00b0 aniversario del emblem\u00e1tico \u00e1lbum La voz de los 80. Lima, 13 de Agosto 2024, (ANDINA).- Una buena noticia para los fan\u00e1ticos del rock en espa\u00f1ol. Claudio Narea, exguitarrista de la ic\u00f3nica banda chilena Los Prisioneros, llegar\u00e1 a Lima el 22 de agosto y a Trujillo el 24, para celebrar el 40\u00b0 aniversario [&hellip;]<\/p>\n","protected":false},"author":1,"featured_media":123432,"comment_status":"closed","ping_status":"closed","sticky":false,"template":"","format":"standard","meta":{"rop_custom_images_group":[],"rop_custom_messages_group":[],"rop_publish_now":"initial","rop_publish_now_accounts":[],"rop_publish_now_history":[],"rop_publish_now_status":"pending","footnotes":""},"categories":[69],"tags":[7581,7359,6927,7582],"class_list":["post-123431","post","type-post","status-publish","format-standard","has-post-thumbnail","hentry","category-musica","tag-claudio-narea","tag-conciertos-2024","tag-conciertos-peru","tag-los-prisioneros"],"_links":{"self":[{"href":"https:\/\/elinformanteperu.com\/index.php\/wp-json\/wp\/v2\/posts\/123431","targetHints":{"allow":["GET"]}}],"collection":[{"href":"https:\/\/elinformanteperu.com\/index.php\/wp-json\/wp\/v2\/posts"}],"about":[{"href":"https:\/\/elinformanteperu.com\/index.php\/wp-json\/wp\/v2\/types\/post"}],"author":[{"embeddable":true,"href":"https:\/\/elinformanteperu.com\/index.php\/wp-json\/wp\/v2\/users\/1"}],"replies":[{"embeddable":true,"href":"https:\/\/elinformanteperu.com\/index.php\/wp-json\/wp\/v2\/comments?post=123431"}],"version-history":[{"count":1,"href":"https:\/\/elinformanteperu.com\/index.php\/wp-json\/wp\/v2\/posts\/123431\/revisions"}],"predecessor-version":[{"id":123434,"href":"https:\/\/elinformanteperu.com\/index.php\/wp-json\/wp\/v2\/posts\/123431\/revisions\/123434"}],"wp:featuredmedia":[{"embeddable":true,"href":"https:\/\/elinformanteperu.com\/index.php\/wp-json\/wp\/v2\/media\/123432"}],"wp:attachment":[{"href":"https:\/\/elinformanteperu.com\/index.php\/wp-json\/wp\/v2\/media?parent=123431"}],"wp:term":[{"taxonomy":"category","embeddable":true,"href":"https:\/\/elinformanteperu.com\/index.php\/wp-json\/wp\/v2\/categories?post=123431"},{"taxonomy":"post_tag","embeddable":true,"href":"https:\/\/elinformanteperu.com\/index.php\/wp-json\/wp\/v2\/tags?post=123431"}],"curies":[{"name":"wp","href":"https:\/\/api.w.org\/{rel}","templated":true}]}}