{"id":123427,"date":"2024-08-13T01:08:53","date_gmt":"2024-08-13T06:08:53","guid":{"rendered":"https:\/\/elinformanteperu.com\/?p=123427"},"modified":"2024-08-13T01:08:53","modified_gmt":"2024-08-13T06:08:53","slug":"atencion-el-viernes-30-de-agosto-sera-feriado-por-el-dia-de-santa-rosa-de-lima","status":"publish","type":"post","link":"https:\/\/elinformanteperu.com\/index.php\/2024\/08\/13\/atencion-el-viernes-30-de-agosto-sera-feriado-por-el-dia-de-santa-rosa-de-lima\/","title":{"rendered":"\u00a1Atenci\u00f3n! El viernes 30 de agosto ser\u00e1 feriado por el d\u00eda de Santa Rosa de Lima"},"content":{"rendered":"<p><strong><span style=\"color: #000000;\">Fin de semana largo permitir\u00e1 disfrutar de un viaje al interior del pa\u00eds o cerca de Lima<\/span><\/strong><\/p>\n<p><span style=\"color: #000000;\"><strong>Lima, 12 de Agosto 2024, (ANDINA).-<\/strong> El viernes 30 de agosto ser\u00e1 feriado en el Per\u00fa en homenaje a Santa Rosa de Lima, la primera santa de Am\u00e9rica que desde temprana edad decidi\u00f3 consagrar su vida a Dios y a la atenci\u00f3n de los enfermos y ni\u00f1os.<\/span><\/p>\n<p><span style=\"color: #000000;\">As\u00ed lo dispone el Decreto Legislativo 713, el cual precisa que, ese d\u00eda, los trabajadores deben descansar y percibir su remuneraci\u00f3n habitual. Adem\u00e1s, al caer este feriado un d\u00eda viernes ser\u00e1 propicio para que la ciudadan\u00eda disfrute de un fin de semana largo, viajando al interior del pa\u00eds, cerca de Lima o relaj\u00e1ndose en casa.<\/span><\/p>\n<p><strong><span style=\"color: #000000;\">\u00bfCu\u00e1nto debo recibir si trabajo esta fecha?<\/span><\/strong><\/p>\n<p><span style=\"color: #000000;\">Aquellos trabajadores que acuerden con sus empleadores laborar el 30 de agosto, sin descanso sustitutorio posterior, tienen derecho a percibir triple pago correspondientes a los siguientes conceptos:<\/span><\/p>\n<p><span style=\"color: #000000;\"><strong>1.<\/strong> La remuneraci\u00f3n correspondiente al d\u00eda feriado<\/span><\/p>\n<p><span style=\"color: #000000;\"><strong>2.<\/strong> La remuneraci\u00f3n correspondiente a la labor efectuada<\/span><\/p>\n<p><span style=\"color: #000000;\"><strong>3.<\/strong> Un monto adicional equivalente a una sobretasa del 100 % de la remuneraci\u00f3n correspondiente a la labor efectuada.<\/span><\/p>\n<p><span style=\"color: #000000;\">Adem\u00e1s del d\u00eda de Santa Rosa de Lima, los feriados y d\u00edas no laborables que restan durante el 2024 son los siguientes:<\/span><\/p>\n<p><strong><span style=\"color: #000000;\">D\u00edas feriados<\/span><\/strong><\/p>\n<p><span style=\"color: #000000;\">-Martes 8 de octubre: Combate de Angamos.<\/span><\/p>\n<p><span style=\"color: #000000;\">-Viernes 1 de noviembre: D\u00eda de todos los Santos.<\/span><\/p>\n<p><span style=\"color: #000000;\">-Domingo 8 de diciembre: Inmaculada Concepci\u00f3n.<\/span><\/p>\n<p><span style=\"color: #000000;\">-Lunes 9 de diciembre: Batalla de Ayacucho.<\/span><\/p>\n<p><span style=\"color: #000000;\">-Mi\u00e9rcoles 25 de diciembre: Navidad.<\/span><\/p>\n<p><strong><span style=\"color: #000000;\">D\u00edas no laborables<\/span><\/strong><\/p>\n<p><span style=\"color: #000000;\">\u2013 Lunes 7 de octubre<\/span><\/p>\n<p><span style=\"color: #000000;\">\u2013 Viernes 6 de diciembre<\/span><\/p>\n<p><span style=\"color: #000000;\">\u2013 Lunes 23 de diciembre<\/span><\/p>\n<p><span style=\"color: #000000;\">\u2013 Martes 24 de diciembre<\/span><\/p>\n<p><span style=\"color: #000000;\">\u2013 Lunes 30 de diciembre<\/span><\/p>\n<p><span style=\"color: #000000;\">\u2013 Martes 31 de diciembre<\/span><\/p>\n<p><a href=\"https:\/\/elinformanteperu.com\/wp-content\/uploads\/2017\/01\/feriados.jpg\"><img fetchpriority=\"high\" decoding=\"async\" class=\"size-full wp-image-3868 aligncenter\" src=\"https:\/\/elinformanteperu.com\/wp-content\/uploads\/2017\/01\/feriados.jpg\" alt=\"\" width=\"500\" height=\"304\" srcset=\"https:\/\/elinformanteperu.com\/wp-content\/uploads\/2017\/01\/feriados.jpg 500w, https:\/\/elinformanteperu.com\/wp-content\/uploads\/2017\/01\/feriados-300x182.jpg 300w, https:\/\/elinformanteperu.com\/wp-content\/uploads\/2017\/01\/feriados-128x78.jpg 128w, https:\/\/elinformanteperu.com\/wp-content\/uploads\/2017\/01\/feriados-32x19.jpg 32w\" sizes=\"(max-width: 500px) 100vw, 500px\" \/><\/a><strong><span style=\"color: #000000;\">\u00bfC\u00f3mo se compensan los d\u00edas no laborables?<\/span><\/strong><\/p>\n<p><span style=\"color: #000000;\">Las horas dejadas de laborar durante los d\u00edas no laborables ser\u00e1n compensadas en los diez d\u00edas inmediatos posteriores, o en la oportunidad que establezca el titular de cada entidad p\u00fablica, en funci\u00f3n de sus necesidades.<\/span><\/p>\n<p><span style=\"color: #000000;\">En cuanto a los servicios indispensables, refiere que, sin perjuicio de lo establecido, los titulares de las entidades del sector p\u00fablico adoptar\u00e1n las medidas necesarias para garantizar la provisi\u00f3n de aquellos servicios que sean indispensables para la sociedad, durante los d\u00edas no laborables establecidos en el presente decreto supremo.<\/span><\/p>\n<p><span style=\"color: #000000;\">Los centros de trabajo del sector privado podr\u00e1n acogerse a los d\u00edas no laborables, previo acuerdo entre el empleador y sus trabajadores, los que deber\u00e1n establecer la forma como se har\u00e1 efectiva la recuperaci\u00f3n de las horas dejadas de laborar; a falta de acuerdo, decidir\u00e1 el empleador.<\/span><\/p>\n<p><strong><span style=\"color: #000000;\">\u00bfQui\u00e9nes no descansan en los d\u00edas no laborables?<\/span><\/strong><\/p>\n<p><span style=\"color: #000000;\">Sobre las actividades econ\u00f3micas de especial relevancia para la comunidad, el decreto se\u00f1ala que las entidades y empresas sujetas al r\u00e9gimen laboral de la actividad privada que realizan servicios sanitarios y de salubridad, limpieza y saneamiento, electricidad, agua, desag\u00fce, gas y combustible.<\/span><\/p>\n<p><span style=\"color: #000000;\">Asimismo, en sepelios, comunicaciones y telecomunicaciones, transporte, puertos, aeropuertos, seguridad, custodia, vigilancia, y traslado de valores y expendio de v\u00edveres y alimentos; est\u00e1n facultadas para determinar los puestos de trabajo que est\u00e1n excluidos de los d\u00edas no laborables declarados y los trabajadores respectivos que continuar\u00e1n laborando, a fin de garantizar los servicios.<\/span><\/p>\n<p><strong><span style=\"color: #000000;\">Santa Rosa de Lima<\/span><\/strong><\/p>\n<p><span style=\"color: #000000;\">Santa Rosa de Lima es una denominaci\u00f3n religiosa que asumi\u00f3 Isabel Flores de Oliva cuando ingres\u00f3 a la orden de los dominicos. Naci\u00f3 en Lima, el 30 de abril de 1586 y falleci\u00f3 a los 31 a\u00f1os, el 23 de agosto de 1617.<\/span><\/p>\n<p><span style=\"color: #000000;\">En reconocimiento a su vida filantr\u00f3pica, a sus milagros y premoniciones, en 1668, el papa Clemente IX la beatific\u00f3. Un a\u00f1o despu\u00e9s, la declar\u00f3 patrona de Lima y del Per\u00fa.<\/span><\/p>\n<p><span style=\"color: #000000;\">En 1670, el papa Clemente X la declar\u00f3 patrona principal de Am\u00e9rica, Filipinas y las Indias Orientales.<\/span><\/p>\n<p><span style=\"color: #000000;\">Al a\u00f1o siguiente, el 12 de abril de 1671, el mismo sumo pont\u00edfice la canoniz\u00f3, fij\u00e1ndose su festividad el 30 de agosto, fecha donde muchos pa\u00edses la recuerdan con los honores correspondientes a su sagrada investidura, pese a que el Concilio Vaticano II traslad\u00f3 la fecha de esta celebraci\u00f3n para cada 23 de agosto.<\/span><\/p>\n<p><span style=\"color: #000000;\">Por sus excelentes virtudes religiosas, la Polic\u00eda Nacional del Per\u00fa y otras instituciones adoptaron a Santa Rosa de Lima como Celestial Patrona y Protectora, celebrando cada 30 de agosto el \u201cD\u00eda de Santa Rosa de Lima y de la Virtud Policial\u201d.<\/span><\/p>\n<p><a href=\"https:\/\/elinformanteperu.com\/wp-content\/uploads\/2024\/08\/santa-rosa-iglesia.jpg\"><img decoding=\"async\" class=\"size-large wp-image-123429 aligncenter\" src=\"https:\/\/elinformanteperu.com\/wp-content\/uploads\/2024\/08\/santa-rosa-iglesia-1024x683.jpg\" alt=\"\" width=\"615\" height=\"410\" srcset=\"https:\/\/elinformanteperu.com\/wp-content\/uploads\/2024\/08\/santa-rosa-iglesia-1024x683.jpg 1024w, https:\/\/elinformanteperu.com\/wp-content\/uploads\/2024\/08\/santa-rosa-iglesia-300x200.jpg 300w, https:\/\/elinformanteperu.com\/wp-content\/uploads\/2024\/08\/santa-rosa-iglesia-768x512.jpg 768w, https:\/\/elinformanteperu.com\/wp-content\/uploads\/2024\/08\/santa-rosa-iglesia-1536x1024.jpg 1536w, https:\/\/elinformanteperu.com\/wp-content\/uploads\/2024\/08\/santa-rosa-iglesia.jpg 1800w\" sizes=\"(max-width: 615px) 100vw, 615px\" \/><\/a><\/p>\n","protected":false},"excerpt":{"rendered":"<p>Fin de semana largo permitir\u00e1 disfrutar de un viaje al interior del pa\u00eds o cerca de Lima Lima, 12 de Agosto 2024, (ANDINA).- El viernes 30 de agosto ser\u00e1 feriado en el Per\u00fa en homenaje a Santa Rosa de Lima, la primera santa de Am\u00e9rica que desde temprana edad decidi\u00f3 consagrar su vida a Dios [&hellip;]<\/p>\n","protected":false},"author":1,"featured_media":123428,"comment_status":"closed","ping_status":"closed","sticky":false,"template":"","format":"standard","meta":{"rop_custom_images_group":[],"rop_custom_messages_group":[],"rop_publish_now":"initial","rop_publish_now_accounts":[],"rop_publish_now_history":[],"rop_publish_now_status":"pending","footnotes":""},"categories":[10,5745],"tags":[758,6771],"class_list":["post-123427","post","type-post","status-publish","format-standard","has-post-thumbnail","hentry","category-actualidad-municipal","category-lo-ultimo","tag-feriados","tag-santa-rosa-de-lima"],"_links":{"self":[{"href":"https:\/\/elinformanteperu.com\/index.php\/wp-json\/wp\/v2\/posts\/123427","targetHints":{"allow":["GET"]}}],"collection":[{"href":"https:\/\/elinformanteperu.com\/index.php\/wp-json\/wp\/v2\/posts"}],"about":[{"href":"https:\/\/elinformanteperu.com\/index.php\/wp-json\/wp\/v2\/types\/post"}],"author":[{"embeddable":true,"href":"https:\/\/elinformanteperu.com\/index.php\/wp-json\/wp\/v2\/users\/1"}],"replies":[{"embeddable":true,"href":"https:\/\/elinformanteperu.com\/index.php\/wp-json\/wp\/v2\/comments?post=123427"}],"version-history":[{"count":1,"href":"https:\/\/elinformanteperu.com\/index.php\/wp-json\/wp\/v2\/posts\/123427\/revisions"}],"predecessor-version":[{"id":123430,"href":"https:\/\/elinformanteperu.com\/index.php\/wp-json\/wp\/v2\/posts\/123427\/revisions\/123430"}],"wp:featuredmedia":[{"embeddable":true,"href":"https:\/\/elinformanteperu.com\/index.php\/wp-json\/wp\/v2\/media\/123428"}],"wp:attachment":[{"href":"https:\/\/elinformanteperu.com\/index.php\/wp-json\/wp\/v2\/media?parent=123427"}],"wp:term":[{"taxonomy":"category","embeddable":true,"href":"https:\/\/elinformanteperu.com\/index.php\/wp-json\/wp\/v2\/categories?post=123427"},{"taxonomy":"post_tag","embeddable":true,"href":"https:\/\/elinformanteperu.com\/index.php\/wp-json\/wp\/v2\/tags?post=123427"}],"curies":[{"name":"wp","href":"https:\/\/api.w.org\/{rel}","templated":true}]}}