{"id":12342,"date":"2017-06-28T23:22:54","date_gmt":"2017-06-29T04:22:54","guid":{"rendered":"http:\/\/elinformanteperu.com\/?p=12342"},"modified":"2017-06-28T23:22:54","modified_gmt":"2017-06-29T04:22:54","slug":"condecoracion-a-juan-diego-florez","status":"publish","type":"post","link":"https:\/\/elinformanteperu.com\/index.php\/2017\/06\/28\/condecoracion-a-juan-diego-florez\/","title":{"rendered":"Condecoraci\u00f3n a Juan Diego Fl\u00f3rez"},"content":{"rendered":"<p><strong><span style=\"color: #000000;\">El Congreso condecor\u00f3 con la Medalla Honor, en el Grado de Oficial, al tenor peruano Juan Diego Fl\u00f3rez, en reconocimiento a su destacada trayectoria art\u00edstica.<\/span><\/strong><\/p>\n<p><span style=\"color: #000000;\"><strong>Lima, 28 Junio 2017, (El Informante Per\u00fa).-<\/strong> El Congreso de la Rep\u00fablica condecor\u00f3 con la Medalla Honor, en el Grado de Oficial, al tenor peruano Juan Diego Fl\u00f3rez Salom, en reconocimiento a su destacada trayectoria art\u00edstica y por su compromiso con la ni\u00f1ez y la juventud de bajos recursos como fundador de la asociaci\u00f3n sin fines de lucro \u00abSinfon\u00eda por el Per\u00fa\u201d.<\/span><\/p>\n<p><span style=\"color: #000000;\">Fue durante una ceremonia encabezada por la presidenta Luz Salgado Rubianes, la cual se realiz\u00f3 en la sala Castilla del Palacio Legislativo.<\/span><\/p>\n<p><span style=\"color: #000000;\">En su discurso, la titular del Parlamento destac\u00f3 las cualidades y trayectoria del tenor peruano as\u00ed como<\/span><span style=\"color: #000000;\">\u00a0el trabajo de \u00abSinfon\u00eda por el Per\u00fa\u00bb, una fundaci\u00f3n sin fines de lucro que rescata ni\u00f1os y j\u00f3venes que est\u00e1n en peligro por consumo de drogas, delincuencia y explotaci\u00f3n sexual, fomentando en ellos la m\u00fasica y su participaci\u00f3n en orquestas y coros infantiles y juveniles a nivel nacional.<\/span><\/p>\n<p><span style=\"color: #000000;\">En tanto, Juan Diego Fl\u00f3rez dijo que la distinci\u00f3n del Parlamento le llena de orgullo y significa un reconocimiento por su labor en \u00abSinfon\u00eda por el Per\u00fa\u201d. Indic\u00f3 que en esa asociaci\u00f3n no solo se hace inclusi\u00f3n social, sino que tambi\u00e9n se promueve la cultura<\/span><\/p>\n<p><span style=\"color: #000000;\">Estuvieron en la ceremonia la vicepresidenta Rosa Mar\u00eda Bartra, las legisladoras Karla Schaefer, Karina Beteta, Paloma Noceda, Alejandra Aramayo y los parlamentarios Francisco Petrozzi y Percy Alcal\u00e1.<\/span><\/p>\n<p><img fetchpriority=\"high\" decoding=\"async\" class=\"aligncenter size-full wp-image-12344\" src=\"http:\/\/elinformanteperu.com\/wp-content\/uploads\/2017\/06\/juan-diego-congreso1.jpg\" alt=\"\" width=\"1280\" height=\"853\" srcset=\"https:\/\/elinformanteperu.com\/wp-content\/uploads\/2017\/06\/juan-diego-congreso1.jpg 1280w, https:\/\/elinformanteperu.com\/wp-content\/uploads\/2017\/06\/juan-diego-congreso1-300x200.jpg 300w, https:\/\/elinformanteperu.com\/wp-content\/uploads\/2017\/06\/juan-diego-congreso1-768x512.jpg 768w, https:\/\/elinformanteperu.com\/wp-content\/uploads\/2017\/06\/juan-diego-congreso1-1024x682.jpg 1024w, https:\/\/elinformanteperu.com\/wp-content\/uploads\/2017\/06\/juan-diego-congreso1-128x85.jpg 128w, https:\/\/elinformanteperu.com\/wp-content\/uploads\/2017\/06\/juan-diego-congreso1-32x21.jpg 32w\" sizes=\"(max-width: 1280px) 100vw, 1280px\" \/><\/p>\n","protected":false},"excerpt":{"rendered":"<p>El Congreso condecor\u00f3 con la Medalla Honor, en el Grado de Oficial, al tenor peruano Juan Diego Fl\u00f3rez, en reconocimiento a su destacada trayectoria art\u00edstica. Lima, 28 Junio 2017, (El Informante Per\u00fa).- El Congreso de la Rep\u00fablica condecor\u00f3 con la Medalla Honor, en el Grado de Oficial, al tenor peruano Juan Diego Fl\u00f3rez Salom, en [&hellip;]<\/p>\n","protected":false},"author":1,"featured_media":12343,"comment_status":"open","ping_status":"open","sticky":false,"template":"","format":"standard","meta":{"rop_custom_images_group":[],"rop_custom_messages_group":[],"rop_publish_now":"initial","rop_publish_now_accounts":[],"rop_publish_now_history":[],"rop_publish_now_status":"pending","footnotes":""},"categories":[20],"tags":[192,1107],"class_list":["post-12342","post","type-post","status-publish","format-standard","has-post-thumbnail","hentry","category-eventos","tag-congreso","tag-juan-diego-florez"],"_links":{"self":[{"href":"https:\/\/elinformanteperu.com\/index.php\/wp-json\/wp\/v2\/posts\/12342","targetHints":{"allow":["GET"]}}],"collection":[{"href":"https:\/\/elinformanteperu.com\/index.php\/wp-json\/wp\/v2\/posts"}],"about":[{"href":"https:\/\/elinformanteperu.com\/index.php\/wp-json\/wp\/v2\/types\/post"}],"author":[{"embeddable":true,"href":"https:\/\/elinformanteperu.com\/index.php\/wp-json\/wp\/v2\/users\/1"}],"replies":[{"embeddable":true,"href":"https:\/\/elinformanteperu.com\/index.php\/wp-json\/wp\/v2\/comments?post=12342"}],"version-history":[{"count":1,"href":"https:\/\/elinformanteperu.com\/index.php\/wp-json\/wp\/v2\/posts\/12342\/revisions"}],"predecessor-version":[{"id":12345,"href":"https:\/\/elinformanteperu.com\/index.php\/wp-json\/wp\/v2\/posts\/12342\/revisions\/12345"}],"wp:featuredmedia":[{"embeddable":true,"href":"https:\/\/elinformanteperu.com\/index.php\/wp-json\/wp\/v2\/media\/12343"}],"wp:attachment":[{"href":"https:\/\/elinformanteperu.com\/index.php\/wp-json\/wp\/v2\/media?parent=12342"}],"wp:term":[{"taxonomy":"category","embeddable":true,"href":"https:\/\/elinformanteperu.com\/index.php\/wp-json\/wp\/v2\/categories?post=12342"},{"taxonomy":"post_tag","embeddable":true,"href":"https:\/\/elinformanteperu.com\/index.php\/wp-json\/wp\/v2\/tags?post=12342"}],"curies":[{"name":"wp","href":"https:\/\/api.w.org\/{rel}","templated":true}]}}