{"id":12340,"date":"2017-06-28T01:47:47","date_gmt":"2017-06-28T06:47:47","guid":{"rendered":"http:\/\/elinformanteperu.com\/?p=12340"},"modified":"2017-06-28T01:47:47","modified_gmt":"2017-06-28T06:47:47","slug":"congresista-patricia-donayre-presento-su-renuncia-a-fuerza-popular","status":"publish","type":"post","link":"https:\/\/elinformanteperu.com\/index.php\/2017\/06\/28\/congresista-patricia-donayre-presento-su-renuncia-a-fuerza-popular\/","title":{"rendered":"Congresista Patricia Donayre present\u00f3 su renuncia a Fuerza Popular"},"content":{"rendered":"<p><strong><span style=\"color: #000000;\">La congresista Patricia Donayre anunci\u00f3 que present\u00f3 su renuncia a la bancada de Fuerza Popular, al advertir que fue sometida a un proceso disciplinario inconstitucional.<\/span><\/strong><\/p>\n<p><span style=\"color: #000000;\"><strong>Lima, 27 Junio 2017, (ANDINA).-<\/strong> La congresista Patricia Donayre anunci\u00f3 que present\u00f3 su renuncia a la bancada de Fuerza Popular, al advertir que fue sometida a un proceso disciplinario inconstitucional y que no hay una aut\u00e9ntica democracia en dicho grupo parlamentario.<\/span><\/p>\n<p><span style=\"color: #000000;\">\u201cHe decidido renunciar al grupo parlamentario. Primeramente, porque se me ha sometido a un proceso disciplinario totalmente inconstitucional\u201d, dijo Donayre al referir que el proceso se bas\u00f3 en un reglamento cuya constancia de aprobaci\u00f3n no cuenta con todas las firmas de los miembros de la bancada.<\/span><\/p>\n<p><span style=\"color: #000000;\">\u00abA partir de ahora recobro mi independencia\u00bb, manifest\u00f3 en conferencia de prensa.<\/span><\/p>\n<p><span style=\"color: #000000;\">Asimismo, sostuvo que cuando se le invit\u00f3 a formar parte de lista parlamentaria se le inform\u00f3 que iban a marcar \u201cuna clara l\u00ednea de lucha contra la corrupci\u00f3n\u201d y lograr objetivos importantes para el pa\u00eds como la reforma electoral, algo que, advirti\u00f3, no ha sucedido.<\/span><\/p>\n<p><span style=\"color: #000000;\">Una efectiva lucha anticorrupci\u00f3n, a\u00f1adi\u00f3, deb\u00eda traducirse en una reforma electoral integral que considere fuentes de financiamiento prohibido, deslindando aportes del narcotr\u00e1fico o lavado de activos, lo cual propuso por el grupo de reforma electoral que encabez\u00f3.<\/span><\/p>\n<p><span style=\"color: #000000;\">Donayre advirti\u00f3 tambi\u00e9n que no se ha visto resultados sobre proyectos importantes para la Amazon\u00eda, como se le prometi\u00f3 durante la campa\u00f1a.<\/span><\/p>\n<p><span style=\"color: #000000;\">Seg\u00fan remarc\u00f3, su decisi\u00f3n de renunciar va m\u00e1s all\u00e1 de un tema personal y apunta m\u00e1s bien a un asunto de principios, respeto a la legalidad y a la Constituci\u00f3n.<\/span><\/p>\n<p><span style=\"color: #000000;\">Al consultarle si hay m\u00e1s congresistas descontentos dentro de Fuerza Popular, la legisladora se\u00f1al\u00f3, que espera que unos 20, 30 o 50 parlamentarios salgan a expresar su posici\u00f3n y pensamiento.<\/span><\/p>\n<p><span style=\"color: #000000;\">\u00abSiento que no hay una aut\u00e9ntica democracia en un reglamento donde se establece que la presidenta del partido preside el grupo parlamentario, estamos partiendo de un acto que no es democr\u00e1tico, porque no puede presidir un grupo parlamentario quien no ha sido elegido como congresista\u00bb, asever\u00f3.<\/span><\/p>\n<p><span style=\"color: #000000;\">\u201cComo provinciana siento que el centralismo se refleja no solo a nivel de la capital y sino a nivel del grupo parlamentario y el propio Congreso. Es hora de que se escuche la voz de los provincianos y regiones, y se hagan reformas importantes de la mano del Ejecutivo\u201d, agreg\u00f3.<\/span><\/p>\n","protected":false},"excerpt":{"rendered":"<p>La congresista Patricia Donayre anunci\u00f3 que present\u00f3 su renuncia a la bancada de Fuerza Popular, al advertir que fue sometida a un proceso disciplinario inconstitucional. Lima, 27 Junio 2017, (ANDINA).- La congresista Patricia Donayre anunci\u00f3 que present\u00f3 su renuncia a la bancada de Fuerza Popular, al advertir que fue sometida a un proceso disciplinario inconstitucional [&hellip;]<\/p>\n","protected":false},"author":1,"featured_media":11402,"comment_status":"open","ping_status":"open","sticky":false,"template":"","format":"standard","meta":{"rop_custom_images_group":[],"rop_custom_messages_group":[],"rop_publish_now":"initial","rop_publish_now_accounts":[],"rop_publish_now_history":[],"rop_publish_now_status":"pending","footnotes":""},"categories":[5],"tags":[192,295,1718],"class_list":["post-12340","post","type-post","status-publish","format-standard","has-post-thumbnail","hentry","category-actualidad-informativa","tag-congreso","tag-fuerza-popular","tag-patricia-donayre"],"_links":{"self":[{"href":"https:\/\/elinformanteperu.com\/index.php\/wp-json\/wp\/v2\/posts\/12340","targetHints":{"allow":["GET"]}}],"collection":[{"href":"https:\/\/elinformanteperu.com\/index.php\/wp-json\/wp\/v2\/posts"}],"about":[{"href":"https:\/\/elinformanteperu.com\/index.php\/wp-json\/wp\/v2\/types\/post"}],"author":[{"embeddable":true,"href":"https:\/\/elinformanteperu.com\/index.php\/wp-json\/wp\/v2\/users\/1"}],"replies":[{"embeddable":true,"href":"https:\/\/elinformanteperu.com\/index.php\/wp-json\/wp\/v2\/comments?post=12340"}],"version-history":[{"count":1,"href":"https:\/\/elinformanteperu.com\/index.php\/wp-json\/wp\/v2\/posts\/12340\/revisions"}],"predecessor-version":[{"id":12341,"href":"https:\/\/elinformanteperu.com\/index.php\/wp-json\/wp\/v2\/posts\/12340\/revisions\/12341"}],"wp:featuredmedia":[{"embeddable":true,"href":"https:\/\/elinformanteperu.com\/index.php\/wp-json\/wp\/v2\/media\/11402"}],"wp:attachment":[{"href":"https:\/\/elinformanteperu.com\/index.php\/wp-json\/wp\/v2\/media?parent=12340"}],"wp:term":[{"taxonomy":"category","embeddable":true,"href":"https:\/\/elinformanteperu.com\/index.php\/wp-json\/wp\/v2\/categories?post=12340"},{"taxonomy":"post_tag","embeddable":true,"href":"https:\/\/elinformanteperu.com\/index.php\/wp-json\/wp\/v2\/tags?post=12340"}],"curies":[{"name":"wp","href":"https:\/\/api.w.org\/{rel}","templated":true}]}}