{"id":12337,"date":"2017-06-28T01:23:54","date_gmt":"2017-06-28T06:23:54","guid":{"rendered":"http:\/\/elinformanteperu.com\/?p=12337"},"modified":"2017-06-28T01:23:54","modified_gmt":"2017-06-28T06:23:54","slug":"las-malvinas-municipalidad-no-tiene-facultades-para-ingresar-a-inmuebles-privados","status":"publish","type":"post","link":"https:\/\/elinformanteperu.com\/index.php\/2017\/06\/28\/las-malvinas-municipalidad-no-tiene-facultades-para-ingresar-a-inmuebles-privados\/","title":{"rendered":"Las Malvinas: Municipalidad no tiene facultades para ingresar a inmuebles privados"},"content":{"rendered":"<p><strong><span style=\"color: #000000;\">El alcalde de Lima, Luis Casta\u00f1eda Lossio, asegur\u00f3 que la comuna metropolitana actu\u00f3 dentro de las facultades que le otorgan las normas vigentes en el caso de la incendiada galer\u00eda Nicolini.<\/span><\/strong><\/p>\n<p><span style=\"color: #000000;\"><strong>Lima, 27 Junio 2017, (ANDINA).-<\/strong> El alcalde de Lima, Luis Casta\u00f1eda Lossio, asegur\u00f3 que la comuna metropolitana actu\u00f3 dentro de las facultades que le otorgan las normas vigentes en el caso de la incendiada galer\u00eda Nicolini, al clausurarla el 9 de junio.<\/span><\/p>\n<p><span style=\"color: #000000;\">Seg\u00fan se\u00f1al\u00f3, el mi\u00e9rcoles 21, un d\u00eda antes del siniestro, personal de Fiscalizaci\u00f3n lleg\u00f3 nuevamente hasta el lugar para supervisar y se dio con la sorpresa que hab\u00eda sido abierta.<\/span><\/p>\n<p><span style=\"color: #000000;\">\u00abLa ley no nos faculta a ingresar a un lugar privado y estos se\u00f1ores (los administradores) no nos dejaban pasar del segundo nivel; por lo tanto no sab\u00edamos lo que pasaba arriba, declar\u00f3 Casta\u00f1eda Lossio luego de presentarse ante la Comisi\u00f3n de Trabajo del Congreso de la Rep\u00fablica.<\/span><\/p>\n<p><span style=\"color: #000000;\">El burgomaestre calific\u00f3 de \u00abmuy cruel\u00bb tener a j\u00f3venes trabajando en esas condiciones, encerrados con candado.<\/span><\/p>\n<p><span style=\"color: #000000;\">Por eso hemos hecho todas las denuncias correspondientes e intensificaremos las acciones de fiscalizaci\u00f3n, remarc\u00f3 el alcalde.<\/span><\/p>\n<p><span style=\"color: #000000;\">En otro momento, propuso la creaci\u00f3n de Fiscal\u00eda Ad Hoc que pueda brindar apoyo permanente a los fiscalizadores ediles en sus operativos contra la informalidad en el comercio.<\/span><\/p>\n<p><span style=\"color: #000000;\">Afirm\u00f3 en ese sentido que ser\u00eda importante que todos los poderes del Estado trabajen con los gobiernos locales para mejorar los dispositivos legales y as\u00ed proteger a los ciudadanos, imponiendo la ley ante malos empresarios que operan vulnerando las reglas y atentando contra normas elementales de seguridad-. <\/span><\/p>\n<p><span style=\"color: #000000;\">\u00abDebemos discutir un marco legal mucho m\u00e1s \u00e1gil, para que podamos inmediatamente sancionar el delito, intervenir directamente en locales. Actualmente la ley est\u00e1 a favor de los infractores, elaborar normas m\u00e1s expeditivas que nos permitan implementar una Fiscal\u00eda ad hoc, por ejemplo\u00bb, subray\u00f3.<\/span><\/p>\n<p><span style=\"color: #000000;\">Por su parte, el gerente de Fiscalizaci\u00f3n de la comuna metropolitana, Christian Rosenthal, explic\u00f3 que gracias a un informe de defensa civil se pudo determinar que ese almac\u00e9n no contaba con las garant\u00edas de seguridad y por eso se le clausur\u00f3 el 9 de junio.<\/span><\/p>\n<p><span style=\"color: #000000;\">\u00abEn todo momento, sus administradores, a trav\u00e9s de terceros, se mostraron renuentes a facilitaron el acceso a los pisos superiores, e,incluso, se negaron a firmar el acta de clausura \u00ab, se\u00f1al\u00f3 el funcionario.<\/span><\/p>\n<p><span style=\"color: #000000;\">Detall\u00f3 que se puso los carteles de clausura en la puerta principal y en una puerta peque\u00f1a que da para el jir\u00f3n Huarochir\u00ed y que un d\u00eda antes del incendio se comprob\u00f3 que la puerta peque\u00f1a estaba abierta y que ingresaba y sal\u00eda personal.<\/span><\/p>\n<p><span style=\"color: #000000;\">Agreg\u00f3 que la intenci\u00f3n de las autoridades era soldar las puertas pero que para eso no deb\u00eda haber nadie en su interior, pero que los administradores (siempre a trav\u00e9s de terceros) mandaban decir que deb\u00edan tener una orden judicial.<\/span><\/p>\n<p><span style=\"color: #000000;\">Por eso, dijo, al d\u00eda siguiente &#8211; d\u00eda del incendio &#8211; \u00edbamos a solicitar a la Procuradur\u00eda de la Municipalidad una orden de descerraje y a presentar la denuncia por desobediencia y desacato a la autoridad.<\/span><\/p>\n<p><span style=\"color: #000000;\">Consultado sobre la raz\u00f3n por la que no se mult\u00f3 a la galer\u00eda por las construcciones antirreglamentarias (como las estructuras met\u00e1licas donde quedaron atrapados los j\u00f3venes), el funcionario explic\u00f3 que para sancionar por ese motivo hay que estar en el lugar para valorizar la multa de acuerdo a lo construido.<\/span><\/p>\n<p><span style=\"color: #000000;\">A la Comisi\u00f3n de Trabajo tambi\u00e9n acudi\u00f3 el ministro de Trabajo y Promoci\u00f3n del Empleo, Alfonso Grados, para informar sobre las acciones de fiscalizaci\u00f3n laboral.<\/span><\/p>\n","protected":false},"excerpt":{"rendered":"<p>El alcalde de Lima, Luis Casta\u00f1eda Lossio, asegur\u00f3 que la comuna metropolitana actu\u00f3 dentro de las facultades que le otorgan las normas vigentes en el caso de la incendiada galer\u00eda Nicolini. Lima, 27 Junio 2017, (ANDINA).- El alcalde de Lima, Luis Casta\u00f1eda Lossio, asegur\u00f3 que la comuna metropolitana actu\u00f3 dentro de las facultades que le [&hellip;]<\/p>\n","protected":false},"author":1,"featured_media":769,"comment_status":"open","ping_status":"open","sticky":false,"template":"","format":"standard","meta":{"rop_custom_images_group":[],"rop_custom_messages_group":[],"rop_publish_now":"initial","rop_publish_now_accounts":[],"rop_publish_now_history":[],"rop_publish_now_status":"pending","footnotes":""},"categories":[10],"tags":[1540,206],"class_list":["post-12337","post","type-post","status-publish","format-standard","has-post-thumbnail","hentry","category-actualidad-municipal","tag-las-malvinas","tag-luis-castaneda-lossio"],"_links":{"self":[{"href":"https:\/\/elinformanteperu.com\/index.php\/wp-json\/wp\/v2\/posts\/12337","targetHints":{"allow":["GET"]}}],"collection":[{"href":"https:\/\/elinformanteperu.com\/index.php\/wp-json\/wp\/v2\/posts"}],"about":[{"href":"https:\/\/elinformanteperu.com\/index.php\/wp-json\/wp\/v2\/types\/post"}],"author":[{"embeddable":true,"href":"https:\/\/elinformanteperu.com\/index.php\/wp-json\/wp\/v2\/users\/1"}],"replies":[{"embeddable":true,"href":"https:\/\/elinformanteperu.com\/index.php\/wp-json\/wp\/v2\/comments?post=12337"}],"version-history":[{"count":2,"href":"https:\/\/elinformanteperu.com\/index.php\/wp-json\/wp\/v2\/posts\/12337\/revisions"}],"predecessor-version":[{"id":12339,"href":"https:\/\/elinformanteperu.com\/index.php\/wp-json\/wp\/v2\/posts\/12337\/revisions\/12339"}],"wp:featuredmedia":[{"embeddable":true,"href":"https:\/\/elinformanteperu.com\/index.php\/wp-json\/wp\/v2\/media\/769"}],"wp:attachment":[{"href":"https:\/\/elinformanteperu.com\/index.php\/wp-json\/wp\/v2\/media?parent=12337"}],"wp:term":[{"taxonomy":"category","embeddable":true,"href":"https:\/\/elinformanteperu.com\/index.php\/wp-json\/wp\/v2\/categories?post=12337"},{"taxonomy":"post_tag","embeddable":true,"href":"https:\/\/elinformanteperu.com\/index.php\/wp-json\/wp\/v2\/tags?post=12337"}],"curies":[{"name":"wp","href":"https:\/\/api.w.org\/{rel}","templated":true}]}}