{"id":12334,"date":"2017-06-28T01:21:19","date_gmt":"2017-06-28T06:21:19","guid":{"rendered":"http:\/\/elinformanteperu.com\/?p=12334"},"modified":"2017-06-28T01:21:19","modified_gmt":"2017-06-28T06:21:19","slug":"inpe-servidores-vinculados-a-los-babys-de-oquendo-tendran-que-afrontar-cargos","status":"publish","type":"post","link":"https:\/\/elinformanteperu.com\/index.php\/2017\/06\/28\/inpe-servidores-vinculados-a-los-babys-de-oquendo-tendran-que-afrontar-cargos\/","title":{"rendered":"INPE: servidores vinculados a los Babys de Oquendo tendr\u00e1n que afrontar cargos"},"content":{"rendered":"<p><strong><span style=\"color: #000000;\">El INPE inform\u00f3 que los servidores penitenciarios involucrados en los Babys de Oquendo, dedicada al sicariato, extorsi\u00f3n y tr\u00e1fico de terrenos, tendr\u00e1n que afrontar los cargos imputados a nivel del sistema de justicia penal.<\/span><\/strong><\/p>\n<p><span style=\"color: #000000;\"><strong>Lima, 27 Junio 2017, (ANDINA).-<\/strong> El Instituto Nacional Penitenciario (INPE) inform\u00f3 que los servidores penitenciarios involucrados en la organizaci\u00f3n criminal los Babys de Oquendo, dedicada al sicariato, extorsi\u00f3n y tr\u00e1fico de terrenos, tendr\u00e1n que afrontar los cargos imputados a nivel del sistema de justicia penal.<\/span><\/p>\n<p><span style=\"color: #000000;\">Fue al referirse al director nacional de Seguridad del INPE, Sergio Haro Huapaya, quien durante un megaoperativo realizado esta madrugada fue detenido por la Polic\u00eda Nacional al tener v\u00ednculos con la citada organizaci\u00f3n, seg\u00fan inform\u00f3 el ministro del Interior, Carlos Basombr\u00edo.<\/span><\/p>\n<p><span style=\"color: #000000;\">En un comunicado, el INPE indic\u00f3 que corresponde a la Polic\u00eda Nacional y al Ministerio P\u00fablico efectuar las investigaciones sobre hechos il\u00edcitos y, en tal sentido, todas las entidades del Estado, entre ellas el INPE, brindar\u00e1n las facilidades necesarias para el cumplimiento de su labor.<\/span><\/p>\n<p><span style=\"color: #000000;\">\u00abEl INPE se suma a estas pol\u00edticas dentro del Poder Ejecutivo a fin de fortalecer la seguridad ciudadana y por lo tanto los servidores penitenciarios involucrados tendr\u00e1n que afrontar los cargos imputados a nivel del Sistema de Justicia Penal como corresponde\u00bb, anot\u00f3.<\/span><\/p>\n<p><span style=\"color: #000000;\">Finalmente, el Ministerio de Justicia y Derechos Humanos y el INPE reiteran su firme compromiso de trabajar por la seguridad en los penales del pa\u00eds, en conjunto con el Ministerio P\u00fablico y la Polic\u00eda Nacional del Per\u00fa, con acciones concretas en el marco de la seguridad ciudadana.<\/span><\/p>\n","protected":false},"excerpt":{"rendered":"<p>El INPE inform\u00f3 que los servidores penitenciarios involucrados en los Babys de Oquendo, dedicada al sicariato, extorsi\u00f3n y tr\u00e1fico de terrenos, tendr\u00e1n que afrontar los cargos imputados a nivel del sistema de justicia penal. Lima, 27 Junio 2017, (ANDINA).- El Instituto Nacional Penitenciario (INPE) inform\u00f3 que los servidores penitenciarios involucrados en la organizaci\u00f3n criminal los [&hellip;]<\/p>\n","protected":false},"author":1,"featured_media":12335,"comment_status":"open","ping_status":"open","sticky":false,"template":"","format":"standard","meta":{"rop_custom_images_group":[],"rop_custom_messages_group":[],"rop_publish_now":"initial","rop_publish_now_accounts":[],"rop_publish_now_history":[],"rop_publish_now_status":"pending","footnotes":""},"categories":[5],"tags":[1828,212,1012],"class_list":["post-12334","post","type-post","status-publish","format-standard","has-post-thumbnail","hentry","category-actualidad-informativa","tag-babys-de-oquendo","tag-carlos-basombrio","tag-inpe"],"_links":{"self":[{"href":"https:\/\/elinformanteperu.com\/index.php\/wp-json\/wp\/v2\/posts\/12334","targetHints":{"allow":["GET"]}}],"collection":[{"href":"https:\/\/elinformanteperu.com\/index.php\/wp-json\/wp\/v2\/posts"}],"about":[{"href":"https:\/\/elinformanteperu.com\/index.php\/wp-json\/wp\/v2\/types\/post"}],"author":[{"embeddable":true,"href":"https:\/\/elinformanteperu.com\/index.php\/wp-json\/wp\/v2\/users\/1"}],"replies":[{"embeddable":true,"href":"https:\/\/elinformanteperu.com\/index.php\/wp-json\/wp\/v2\/comments?post=12334"}],"version-history":[{"count":1,"href":"https:\/\/elinformanteperu.com\/index.php\/wp-json\/wp\/v2\/posts\/12334\/revisions"}],"predecessor-version":[{"id":12336,"href":"https:\/\/elinformanteperu.com\/index.php\/wp-json\/wp\/v2\/posts\/12334\/revisions\/12336"}],"wp:featuredmedia":[{"embeddable":true,"href":"https:\/\/elinformanteperu.com\/index.php\/wp-json\/wp\/v2\/media\/12335"}],"wp:attachment":[{"href":"https:\/\/elinformanteperu.com\/index.php\/wp-json\/wp\/v2\/media?parent=12334"}],"wp:term":[{"taxonomy":"category","embeddable":true,"href":"https:\/\/elinformanteperu.com\/index.php\/wp-json\/wp\/v2\/categories?post=12334"},{"taxonomy":"post_tag","embeddable":true,"href":"https:\/\/elinformanteperu.com\/index.php\/wp-json\/wp\/v2\/tags?post=12334"}],"curies":[{"name":"wp","href":"https:\/\/api.w.org\/{rel}","templated":true}]}}