{"id":123043,"date":"2024-07-05T01:22:06","date_gmt":"2024-07-05T06:22:06","guid":{"rendered":"https:\/\/elinformanteperu.com\/?p=123043"},"modified":"2024-07-05T01:22:06","modified_gmt":"2024-07-05T06:22:06","slug":"peru-buscara-integrar-toda-la-costa-con-trenes-desde-tumbes-hasta-tacna","status":"publish","type":"post","link":"https:\/\/elinformanteperu.com\/index.php\/2024\/07\/05\/peru-buscara-integrar-toda-la-costa-con-trenes-desde-tumbes-hasta-tacna\/","title":{"rendered":"Per\u00fa buscar\u00e1 integrar toda la Costa con trenes desde Tumbes hasta Tacna"},"content":{"rendered":"<p><strong><span style=\"color: #000000;\">MEF afirma que es necesario construir v\u00edas para desarrollar la Sierra y la Selva conect\u00e1ndolas con la Costa<\/span><\/strong><\/p>\n<p><span style=\"color: #000000;\"><strong>Lima, 04 de Julio 2024, (ANDINA).-<\/strong> El ministro de Econom\u00eda y Finanzas, Jos\u00e9 Arista, indic\u00f3 hoy que la visi\u00f3n del Gobierno es tratar de integrar toda la Costa, desde Tumbes hasta Tacna, con v\u00edas ferroviarias o trenes; aunque en principio ser\u00eda por tramos.<\/span><\/p>\n<p><span style=\"color: #000000;\">\u201cLa presidenta Dina Boluarte es mucho m\u00e1s ambiciosa y quiere ponerlo en toda la Costa, ella dice desde Tacna hasta Tumbes debemos tener este servicio, y creo que con el tiempo se ir\u00e1 dando, aunque no s\u00e9 si de un solo arranque todo, pero se ir\u00e1 dando por tramos, por ejemplo, Trujillo-Chiclayo o Piura-Tumbes, para posteriormente irse integrando\u201d, dijo en TV Per\u00fa.<\/span><\/p>\n<p><span style=\"color: #000000;\">\u201cEsa es mi visi\u00f3n de c\u00f3mo podr\u00edan invertir las empresas, pero lo que planteamos es, en la medida de lo posible, tratar de integrar en un solo tramo Tumbes hasta Tacna\u201d, agreg\u00f3.<\/span><\/p>\n<p><span style=\"color: #000000;\">Jos\u00e9 Arista coment\u00f3 que durante la \u00faltima visita de la delegaci\u00f3n del Gobierno peruano a China pudieron conocer el tren bala, que une varias ciudades del gigante asi\u00e1tico y que moviliza a su poblaci\u00f3n con trenes que van a una velocidad de m\u00e1s de 300 kil\u00f3metros por hora.<\/span><\/p>\n<p><span style=\"color: #000000;\">\u201cEl ministro de Transportes y Comunicaciones, presente en el viaje a China, pudo conversar con las empresas propietarias de estos trenes y ver si ponemos el mismo servicio entre Lima e Ica, o Lima y el norte chico\u201d, se\u00f1al\u00f3.<\/span><\/p>\n<p><span style=\"color: #000000;\">El ministro coment\u00f3 que las zonas que m\u00e1s se han desarrollado en China son las ubicadas en la costa y que est\u00e1n cerca al mar, algo similar a lo que sucede en el Per\u00fa, por lo cual es necesario avanzar en la construcci\u00f3n de v\u00edas para tambi\u00e9n integrar a la Sierra y la Selva.<\/span><\/p>\n<p><span style=\"color: #000000;\">\u201cPara desarrollar la Sierra y la Selva lo que necesitamos son v\u00edas de comunicaci\u00f3n que integren estas zonas geogr\u00e1ficas con la Costa y el enorme puerto de Chancay que ahora vamos a tener\u201d, manifest\u00f3.<\/span><\/p>\n<p><span style=\"color: #000000;\">\u201cLas v\u00edas de comunicaci\u00f3n son las cadenas log\u00edsticas para abastecer a este punto de exportaci\u00f3n (puerto de Chancay)\u201d, a\u00f1adi\u00f3.<\/span><\/p>\n<p><a href=\"https:\/\/elinformanteperu.com\/wp-content\/uploads\/2024\/07\/jose-arista-china.jpg\"><img fetchpriority=\"high\" decoding=\"async\" class=\"size-full wp-image-123045 aligncenter\" src=\"https:\/\/elinformanteperu.com\/wp-content\/uploads\/2024\/07\/jose-arista-china.jpg\" alt=\"\" width=\"500\" height=\"333\" srcset=\"https:\/\/elinformanteperu.com\/wp-content\/uploads\/2024\/07\/jose-arista-china.jpg 500w, https:\/\/elinformanteperu.com\/wp-content\/uploads\/2024\/07\/jose-arista-china-300x200.jpg 300w\" sizes=\"(max-width: 500px) 100vw, 500px\" \/><\/a><\/p>\n","protected":false},"excerpt":{"rendered":"<p>MEF afirma que es necesario construir v\u00edas para desarrollar la Sierra y la Selva conect\u00e1ndolas con la Costa Lima, 04 de Julio 2024, (ANDINA).- El ministro de Econom\u00eda y Finanzas, Jos\u00e9 Arista, indic\u00f3 hoy que la visi\u00f3n del Gobierno es tratar de integrar toda la Costa, desde Tumbes hasta Tacna, con v\u00edas ferroviarias o trenes; [&hellip;]<\/p>\n","protected":false},"author":1,"featured_media":123044,"comment_status":"closed","ping_status":"closed","sticky":false,"template":"","format":"standard","meta":{"rop_custom_images_group":[],"rop_custom_messages_group":[],"rop_publish_now":"initial","rop_publish_now_accounts":[],"rop_publish_now_history":[],"rop_publish_now_status":"pending","footnotes":""},"categories":[5],"tags":[7402,1421],"class_list":["post-123043","post","type-post","status-publish","format-standard","has-post-thumbnail","hentry","category-actualidad-informativa","tag-jose-arista","tag-poder-ejecutivo"],"_links":{"self":[{"href":"https:\/\/elinformanteperu.com\/index.php\/wp-json\/wp\/v2\/posts\/123043","targetHints":{"allow":["GET"]}}],"collection":[{"href":"https:\/\/elinformanteperu.com\/index.php\/wp-json\/wp\/v2\/posts"}],"about":[{"href":"https:\/\/elinformanteperu.com\/index.php\/wp-json\/wp\/v2\/types\/post"}],"author":[{"embeddable":true,"href":"https:\/\/elinformanteperu.com\/index.php\/wp-json\/wp\/v2\/users\/1"}],"replies":[{"embeddable":true,"href":"https:\/\/elinformanteperu.com\/index.php\/wp-json\/wp\/v2\/comments?post=123043"}],"version-history":[{"count":1,"href":"https:\/\/elinformanteperu.com\/index.php\/wp-json\/wp\/v2\/posts\/123043\/revisions"}],"predecessor-version":[{"id":123046,"href":"https:\/\/elinformanteperu.com\/index.php\/wp-json\/wp\/v2\/posts\/123043\/revisions\/123046"}],"wp:featuredmedia":[{"embeddable":true,"href":"https:\/\/elinformanteperu.com\/index.php\/wp-json\/wp\/v2\/media\/123044"}],"wp:attachment":[{"href":"https:\/\/elinformanteperu.com\/index.php\/wp-json\/wp\/v2\/media?parent=123043"}],"wp:term":[{"taxonomy":"category","embeddable":true,"href":"https:\/\/elinformanteperu.com\/index.php\/wp-json\/wp\/v2\/categories?post=123043"},{"taxonomy":"post_tag","embeddable":true,"href":"https:\/\/elinformanteperu.com\/index.php\/wp-json\/wp\/v2\/tags?post=123043"}],"curies":[{"name":"wp","href":"https:\/\/api.w.org\/{rel}","templated":true}]}}