{"id":123002,"date":"2024-07-05T00:21:26","date_gmt":"2024-07-05T05:21:26","guid":{"rendered":"https:\/\/elinformanteperu.com\/?p=123002"},"modified":"2024-07-05T00:21:26","modified_gmt":"2024-07-05T05:21:26","slug":"paolo-guerrero-asegura-que-jamas-rechazaria-una-convocatoria-a-la-seleccion","status":"publish","type":"post","link":"https:\/\/elinformanteperu.com\/index.php\/2024\/07\/05\/paolo-guerrero-asegura-que-jamas-rechazaria-una-convocatoria-a-la-seleccion\/","title":{"rendered":"Paolo Guerrero asegura que jam\u00e1s rechazar\u00eda una convocatoria a la selecci\u00f3n"},"content":{"rendered":"<p><strong><span style=\"color: #000000;\">El delantero se niega a dejar la Bicolor y asegura que el no acudir a un llamado ser\u00eda un \u00abcobarde\u00bb.<\/span><\/strong><\/p>\n<p><span style=\"color: #000000;\"><strong>Lima, 04 de Julio 2024, (ANDINA).-<\/strong> El delantero Paolo Guerrero asegur\u00f3 que nunca rechazar\u00eda una convocatoria a la selecci\u00f3n peruana porque de hacerlo ser\u00eda un \u00abcobarde\u00bb y si es llamado nuevamente estar\u00eda all\u00ed dando lo mejor de \u00e9l; tambi\u00e9n asegur\u00f3 que tiene confianza en el t\u00e9cnico Jorge Fossati y en su idea de juego.<\/span><\/p>\n<p><span style=\"color: #000000;\">Tras la eliminaci\u00f3n de la selecci\u00f3n peruana de la Copa Am\u00e9rica en la fase de grupos, Paolo Guerrero habl\u00f3 sobre el momento actual que vive el conjunto nacional.<\/span><\/p>\n<p><span style=\"color: #000000;\">Se mostr\u00f3 molesto por ser la primera Copa que asiste y no anota gol alguno. Eso lo llena de frustraci\u00f3n, adem\u00e1s de tristeza.<\/span><\/p>\n<p><span style=\"color: #000000;\">\u201cEstoy triste y apenado con la situaci\u00f3n de la selecci\u00f3n peruana. No hemos anotado goles. Es la primera Copa Am\u00e9rica que juego y no anoto goles. Me llena de ansiedad y tristeza que otras selecciones hayan clasificado y nosotros no\u201d, se\u00f1al\u00f3 el jugador de 40 a\u00f1os.<\/span><\/p>\n<p><span style=\"color: #000000;\">No obstante de que los resultados no acompa\u00f1aron a la Bicolor en la Copa Am\u00e9rica, el &#8216;Depredador&#8217; ratific\u00f3 su confianza en el t\u00e9cnico Jorge Fossati de quien dijo trabaja bien y que el equipo ya est\u00e1 asimilando lo que desea el estratega en sus sistema de juego.<\/span><\/p>\n<p><span style=\"color: #000000;\">\u201cNos sentimos muy a gusto con el profe. Tenemos su confianza, trabaja mucho, estamos conectados con el sistema que quiere. Trato de acomodarme a lo que el profesor me pida. Si el profesor quiere jugar de esa manera, el jugador debe adaptarse\u201d, indic\u00f3 el m\u00e1ximo goleador de la selecci\u00f3n peruana.<\/span><\/p>\n<p><span style=\"color: #000000;\">Finalmente, Paolo Guerrero no huy\u00f3 a la pregunta sobre si acudir\u00eda nuevamente a un llamado de la selecci\u00f3n peruana o dar\u00eda un paso al costado como lo han hecho muchos futbolistas llamados &#8216;hist\u00f3ricos&#8217; en sus escuadra nacionales para dar pase a la nueva generaci\u00f3n. Aclar\u00f3 que \u00e9l jam\u00e1s se negar\u00e1 a la Blanquirroja porque el hacerlo ser\u00eda un &#8216;cobarde&#8217;.<\/span><\/p>\n<p><span style=\"color: #000000;\">\u201cNunca me voy a mostrar negativo ante mi selecci\u00f3n. Ser\u00eda un cobarde. Si soy convocado, dar\u00eda lo mejor. Lo que pueda dar, estar\u00eda ah\u00ed\u201d, finaliz\u00f3.<\/span><\/p>\n<p><span style=\"color: #000000;\">Paolo Guerrero lleg\u00f3 a la Copa Am\u00e9rica 2024 con 14 anotaciones, una menos que el goleador nacional Teodoro &#8216;Lolo&#8217; Fern\u00e1ndez.<\/span><\/p>\n<p><a href=\"https:\/\/elinformanteperu.com\/wp-content\/uploads\/2023\/10\/paolo-guerrero-peru-argentina.jpg\"><img fetchpriority=\"high\" decoding=\"async\" class=\"size-large wp-image-118255 aligncenter\" src=\"https:\/\/elinformanteperu.com\/wp-content\/uploads\/2023\/10\/paolo-guerrero-peru-argentina-1024x683.jpg\" alt=\"\" width=\"615\" height=\"410\" srcset=\"https:\/\/elinformanteperu.com\/wp-content\/uploads\/2023\/10\/paolo-guerrero-peru-argentina-1024x683.jpg 1024w, https:\/\/elinformanteperu.com\/wp-content\/uploads\/2023\/10\/paolo-guerrero-peru-argentina-300x200.jpg 300w, https:\/\/elinformanteperu.com\/wp-content\/uploads\/2023\/10\/paolo-guerrero-peru-argentina-768x512.jpg 768w, https:\/\/elinformanteperu.com\/wp-content\/uploads\/2023\/10\/paolo-guerrero-peru-argentina-1536x1025.jpg 1536w, https:\/\/elinformanteperu.com\/wp-content\/uploads\/2023\/10\/paolo-guerrero-peru-argentina.jpg 1800w\" sizes=\"(max-width: 615px) 100vw, 615px\" \/><\/a><\/p>\n","protected":false},"excerpt":{"rendered":"<p>El delantero se niega a dejar la Bicolor y asegura que el no acudir a un llamado ser\u00eda un \u00abcobarde\u00bb. Lima, 04 de Julio 2024, (ANDINA).- El delantero Paolo Guerrero asegur\u00f3 que nunca rechazar\u00eda una convocatoria a la selecci\u00f3n peruana porque de hacerlo ser\u00eda un \u00abcobarde\u00bb y si es llamado nuevamente estar\u00eda all\u00ed dando lo [&hellip;]<\/p>\n","protected":false},"author":1,"featured_media":118199,"comment_status":"closed","ping_status":"closed","sticky":false,"template":"","format":"standard","meta":{"rop_custom_images_group":[],"rop_custom_messages_group":[],"rop_publish_now":"initial","rop_publish_now_accounts":[],"rop_publish_now_history":[],"rop_publish_now_status":"pending","footnotes":""},"categories":[8],"tags":[203],"class_list":["post-123002","post","type-post","status-publish","format-standard","has-post-thumbnail","hentry","category-disciplinas-deportivas","tag-paolo-guerrero"],"_links":{"self":[{"href":"https:\/\/elinformanteperu.com\/index.php\/wp-json\/wp\/v2\/posts\/123002","targetHints":{"allow":["GET"]}}],"collection":[{"href":"https:\/\/elinformanteperu.com\/index.php\/wp-json\/wp\/v2\/posts"}],"about":[{"href":"https:\/\/elinformanteperu.com\/index.php\/wp-json\/wp\/v2\/types\/post"}],"author":[{"embeddable":true,"href":"https:\/\/elinformanteperu.com\/index.php\/wp-json\/wp\/v2\/users\/1"}],"replies":[{"embeddable":true,"href":"https:\/\/elinformanteperu.com\/index.php\/wp-json\/wp\/v2\/comments?post=123002"}],"version-history":[{"count":1,"href":"https:\/\/elinformanteperu.com\/index.php\/wp-json\/wp\/v2\/posts\/123002\/revisions"}],"predecessor-version":[{"id":123003,"href":"https:\/\/elinformanteperu.com\/index.php\/wp-json\/wp\/v2\/posts\/123002\/revisions\/123003"}],"wp:featuredmedia":[{"embeddable":true,"href":"https:\/\/elinformanteperu.com\/index.php\/wp-json\/wp\/v2\/media\/118199"}],"wp:attachment":[{"href":"https:\/\/elinformanteperu.com\/index.php\/wp-json\/wp\/v2\/media?parent=123002"}],"wp:term":[{"taxonomy":"category","embeddable":true,"href":"https:\/\/elinformanteperu.com\/index.php\/wp-json\/wp\/v2\/categories?post=123002"},{"taxonomy":"post_tag","embeddable":true,"href":"https:\/\/elinformanteperu.com\/index.php\/wp-json\/wp\/v2\/tags?post=123002"}],"curies":[{"name":"wp","href":"https:\/\/api.w.org\/{rel}","templated":true}]}}