{"id":122999,"date":"2024-07-05T00:09:00","date_gmt":"2024-07-05T05:09:00","guid":{"rendered":"https:\/\/elinformanteperu.com\/?p=122999"},"modified":"2024-07-05T00:09:00","modified_gmt":"2024-07-05T05:09:00","slug":"victor-cedron-renovo-su-contrato-con-adt-de-tarma-hasta-el-2026","status":"publish","type":"post","link":"https:\/\/elinformanteperu.com\/index.php\/2024\/07\/05\/victor-cedron-renovo-su-contrato-con-adt-de-tarma-hasta-el-2026\/","title":{"rendered":"V\u00edctor Cedr\u00f3n renov\u00f3 su contrato con ADT de Tarma hasta el 2026"},"content":{"rendered":"<p><strong><span style=\"color: #000000;\">El futbolista de 30 a\u00f1os continuar\u00e1 jugando en la Liga 1.<\/span><\/strong><\/p>\n<p><span style=\"color: #000000;\"><strong>Tarma, 04 de Julio 2024, (ANDINA).-<\/strong> \u00a1Se queda en la &#8216;Perla de Los Andes&#8217;! La Asociaci\u00f3n Deportiva Tarma, tambi\u00e9n conocida como ADT de Tarma, confirm\u00f3 la continuidad del habilidoso mediocentro ofensivo V\u00edctor Cedr\u00f3n hasta la temporada 2026.<\/span><\/p>\n<p><span style=\"color: #000000;\">\u00abAnunciamos la renovaci\u00f3n del jugador V\u00edctor Cedr\u00f3n con nuestra instituci\u00f3n hasta el a\u00f1o 2026, compartimos nuestra alegr\u00eda con ustedes de tener a nuestro \u00ab10\u00bb en la Perla de los Andes por m\u00e1s temporadas que aseguramos vendr\u00e1n llenas de asistencias, goles y alegr\u00edas con Vican\u00bb, manifest\u00f3 el cuadro tarme\u00f1o en sus redes sociales.<\/span><\/p>\n<p><span style=\"color: #000000;\">De esta manera, el exjugador del Cienciano, Deportivo Binacional, Cusco FC, Universidad C\u00e9sar Vallejo, Uni\u00f3n Comercio, Figueirense FC, Juan Aurich, FBC Melgar y Alianza Lima, asegur\u00f3 su continuidad en la Asociaci\u00f3n Deportiva Tarma, donde se ha convertido en uno de los m\u00e1ximos referentes del &#8216;Vendaval Celeste&#8217;.<\/span><\/p>\n<p><span style=\"color: #000000;\">Es preciso recordar que, durante el primer semestre del a\u00f1o, V\u00edctor Cedr\u00f3n anot\u00f3 cinco goles (Sporting Cristal, Carlos Mannucci, Alianza Lima, UTC y Alianza Atl\u00e9tico) y brind\u00f3 dos asistencias (Deportivo Garcilaso y C\u00e9sar Vallejo) en 18 partidos jugados con ADT de Tarma en el Torneo Apertura y en la Copa Conmebol Sudamericana.<\/span><\/p>\n<p><span style=\"color: #000000;\">De momento, la Asociaci\u00f3n Deportiva Tarma solo ha confirmado la contrataci\u00f3n del experimentado entrenador peruano Wilmar Valencia en reemplazo del director t\u00e9cnico argentino Carlos Desio para encarar el Torneo Clausura de la Liga 1 del F\u00fatbol Peruano.<\/span><\/p>\n<p><a href=\"https:\/\/elinformanteperu.com\/wp-content\/uploads\/2023\/10\/ADT-2023.jpg\"><img fetchpriority=\"high\" decoding=\"async\" class=\"size-large wp-image-118271 aligncenter\" src=\"https:\/\/elinformanteperu.com\/wp-content\/uploads\/2023\/10\/ADT-2023-1024x683.jpg\" alt=\"\" width=\"615\" height=\"410\" srcset=\"https:\/\/elinformanteperu.com\/wp-content\/uploads\/2023\/10\/ADT-2023-1024x683.jpg 1024w, https:\/\/elinformanteperu.com\/wp-content\/uploads\/2023\/10\/ADT-2023-300x200.jpg 300w, https:\/\/elinformanteperu.com\/wp-content\/uploads\/2023\/10\/ADT-2023-768x512.jpg 768w, https:\/\/elinformanteperu.com\/wp-content\/uploads\/2023\/10\/ADT-2023-1536x1024.jpg 1536w, https:\/\/elinformanteperu.com\/wp-content\/uploads\/2023\/10\/ADT-2023.jpg 1800w\" sizes=\"(max-width: 615px) 100vw, 615px\" \/><\/a><\/p>\n","protected":false},"excerpt":{"rendered":"<p>El futbolista de 30 a\u00f1os continuar\u00e1 jugando en la Liga 1. Tarma, 04 de Julio 2024, (ANDINA).- \u00a1Se queda en la &#8216;Perla de Los Andes&#8217;! La Asociaci\u00f3n Deportiva Tarma, tambi\u00e9n conocida como ADT de Tarma, confirm\u00f3 la continuidad del habilidoso mediocentro ofensivo V\u00edctor Cedr\u00f3n hasta la temporada 2026. \u00abAnunciamos la renovaci\u00f3n del jugador V\u00edctor Cedr\u00f3n [&hellip;]<\/p>\n","protected":false},"author":1,"featured_media":123000,"comment_status":"closed","ping_status":"closed","sticky":false,"template":"","format":"standard","meta":{"rop_custom_images_group":[],"rop_custom_messages_group":[],"rop_publish_now":"initial","rop_publish_now_accounts":[],"rop_publish_now_history":[],"rop_publish_now_status":"pending","footnotes":""},"categories":[8],"tags":[6910,7557],"class_list":["post-122999","post","type-post","status-publish","format-standard","has-post-thumbnail","hentry","category-disciplinas-deportivas","tag-adt","tag-victor-cedron"],"_links":{"self":[{"href":"https:\/\/elinformanteperu.com\/index.php\/wp-json\/wp\/v2\/posts\/122999","targetHints":{"allow":["GET"]}}],"collection":[{"href":"https:\/\/elinformanteperu.com\/index.php\/wp-json\/wp\/v2\/posts"}],"about":[{"href":"https:\/\/elinformanteperu.com\/index.php\/wp-json\/wp\/v2\/types\/post"}],"author":[{"embeddable":true,"href":"https:\/\/elinformanteperu.com\/index.php\/wp-json\/wp\/v2\/users\/1"}],"replies":[{"embeddable":true,"href":"https:\/\/elinformanteperu.com\/index.php\/wp-json\/wp\/v2\/comments?post=122999"}],"version-history":[{"count":1,"href":"https:\/\/elinformanteperu.com\/index.php\/wp-json\/wp\/v2\/posts\/122999\/revisions"}],"predecessor-version":[{"id":123001,"href":"https:\/\/elinformanteperu.com\/index.php\/wp-json\/wp\/v2\/posts\/122999\/revisions\/123001"}],"wp:featuredmedia":[{"embeddable":true,"href":"https:\/\/elinformanteperu.com\/index.php\/wp-json\/wp\/v2\/media\/123000"}],"wp:attachment":[{"href":"https:\/\/elinformanteperu.com\/index.php\/wp-json\/wp\/v2\/media?parent=122999"}],"wp:term":[{"taxonomy":"category","embeddable":true,"href":"https:\/\/elinformanteperu.com\/index.php\/wp-json\/wp\/v2\/categories?post=122999"},{"taxonomy":"post_tag","embeddable":true,"href":"https:\/\/elinformanteperu.com\/index.php\/wp-json\/wp\/v2\/tags?post=122999"}],"curies":[{"name":"wp","href":"https:\/\/api.w.org\/{rel}","templated":true}]}}