{"id":122994,"date":"2024-07-05T00:02:16","date_gmt":"2024-07-05T05:02:16","guid":{"rendered":"https:\/\/elinformanteperu.com\/?p=122994"},"modified":"2024-07-05T00:02:16","modified_gmt":"2024-07-05T05:02:16","slug":"universitario-jean-ferrari-dice-que-contrataran-a-un-delantero-para-el-clausura","status":"publish","type":"post","link":"https:\/\/elinformanteperu.com\/index.php\/2024\/07\/05\/universitario-jean-ferrari-dice-que-contrataran-a-un-delantero-para-el-clausura\/","title":{"rendered":"Universitario: Jean Ferrari dice que contratar\u00e1n a un delantero para el Clausura"},"content":{"rendered":"<p><strong><span style=\"color: #000000;\">Descart\u00f3 por ahora a Ra\u00fal Ruid\u00edaz, pero dej\u00f3 entrever que m\u00e1s adelante podr\u00edan hacer el esfuerzo por traerlo<\/span><\/strong><\/p>\n<p><span style=\"color: #000000;\"><strong>Lima, 04 de Julio 2024, (ANDINA).-<\/strong> El Administrador de Universitario de Deportes, Jean Ferrari, asegur\u00f3 este jueves que, junto al cuerpo t\u00e9cnico, planean reforzar el ataque con un delantero o extremo para el Torneo Clausura de la Liga 1, que se inicia el el pr\u00f3ximo vienes 12 de julio.<\/span><\/p>\n<p><span style=\"color: #000000;\">Ferrari dijo que en las pr\u00f3ximas horas habr\u00e1 novedades con respecto a la llegada de un nuevo jugador para potenciar la parte ofensiva, una falencia que debe resolver ante la ineficacia del argentino Diego Dorregaray, quien lleg\u00f3 a principio de a\u00f1o como gran jale, pero no ha podido demostrar con goles sus pergaminos precedidos.<\/span><\/p>\n<p><span style=\"color: #000000;\">\u00abHay una posibilidad que la est\u00e1 manejando el \u00e1rea deportiva. No est\u00e1 cerrado, pero dependo mucho lo que me diga Fabi\u00e1n (Bustos) y Manuel. Me siento con ellos, hacemos an\u00e1lisis, revisamos. En algunos casos hacemos votaci\u00f3n. En ofensiva. No s\u00e9, exactamente, si es delantero o extremo, pero es ofensivo\u00bb, coment\u00f3 Jean Ferrari a &#8216;Trinchera Crema&#8217; Podcast.<\/span><\/p>\n<p><span style=\"color: #000000;\">Manifest\u00f3 que est\u00e1n analizando bien al posible refuerzo porque debe calzar bien en un equipo armado. Con ello, dio a entender que no desean equivocarse otra vez en contratar al &#8216;hombre gol&#8217;.<\/span><\/p>\n<p><span style=\"color: #000000;\">\u00abEstamos hablando de incorporar a un jugador a un equipo campe\u00f3n, y eso es lo complicado. Cuando tienes un equipo ganador, hacer incorporaciones es muy fino, porque ya tienes un grupo consolidado que ha logrado un primer objetivo. Tiene que calzar dentro de un grupo de armado\u00bb, asever\u00f3.<\/span><\/p>\n<p><span style=\"color: #000000;\">Una vez m\u00e1s descart\u00f3 a Ra\u00fal Rud\u00edaz como posible refuerzo debido a que, por ahora, est\u00e1 muy lejos de las posibilidades que se maneja en el f\u00fatbol peruano. Se\u00f1al\u00f3 que m\u00e1s adelante podr\u00eda hacerse un esfuerzo por la &#8216;pulga&#8217;.<\/span><\/p>\n<p><span style=\"color: #000000;\">\u00abRa\u00fal ser\u00eda fant\u00e1stico, pero hoy me parece queda lejos de las posibilidades de venir al f\u00fatbol peruano en general. Que pueda hacer el esfuerzo (econ\u00f3mico) como lo hizo &#8216;Oreja &#8216;, nada est\u00e1 descartado. La puerta para \u00e9l siempre va a estar abierta, pero yo lo veo dif\u00edcil, al menos para este a\u00f1o\u00bb, culmin\u00f3.<\/span><\/p>\n<p><a href=\"https:\/\/elinformanteperu.com\/wp-content\/uploads\/2022\/02\/universitario-de-deportes33.jpg\"><img fetchpriority=\"high\" decoding=\"async\" class=\"size-large wp-image-111680 aligncenter\" src=\"https:\/\/elinformanteperu.com\/wp-content\/uploads\/2022\/02\/universitario-de-deportes33-1024x683.jpg\" alt=\"\" width=\"615\" height=\"410\" srcset=\"https:\/\/elinformanteperu.com\/wp-content\/uploads\/2022\/02\/universitario-de-deportes33-1024x683.jpg 1024w, https:\/\/elinformanteperu.com\/wp-content\/uploads\/2022\/02\/universitario-de-deportes33-300x200.jpg 300w, https:\/\/elinformanteperu.com\/wp-content\/uploads\/2022\/02\/universitario-de-deportes33-768x512.jpg 768w, https:\/\/elinformanteperu.com\/wp-content\/uploads\/2022\/02\/universitario-de-deportes33-1536x1024.jpg 1536w, https:\/\/elinformanteperu.com\/wp-content\/uploads\/2022\/02\/universitario-de-deportes33.jpg 1800w\" sizes=\"(max-width: 615px) 100vw, 615px\" \/><\/a><\/p>\n","protected":false},"excerpt":{"rendered":"<p>Descart\u00f3 por ahora a Ra\u00fal Ruid\u00edaz, pero dej\u00f3 entrever que m\u00e1s adelante podr\u00edan hacer el esfuerzo por traerlo Lima, 04 de Julio 2024, (ANDINA).- El Administrador de Universitario de Deportes, Jean Ferrari, asegur\u00f3 este jueves que, junto al cuerpo t\u00e9cnico, planean reforzar el ataque con un delantero o extremo para el Torneo Clausura de la [&hellip;]<\/p>\n","protected":false},"author":1,"featured_media":119895,"comment_status":"closed","ping_status":"closed","sticky":false,"template":"","format":"standard","meta":{"rop_custom_images_group":[],"rop_custom_messages_group":[],"rop_publish_now":"initial","rop_publish_now_accounts":[],"rop_publish_now_history":[],"rop_publish_now_status":"pending","footnotes":""},"categories":[8],"tags":[4754,144],"class_list":["post-122994","post","type-post","status-publish","format-standard","has-post-thumbnail","hentry","category-disciplinas-deportivas","tag-jean-ferrari","tag-universitario-de-deportes"],"_links":{"self":[{"href":"https:\/\/elinformanteperu.com\/index.php\/wp-json\/wp\/v2\/posts\/122994","targetHints":{"allow":["GET"]}}],"collection":[{"href":"https:\/\/elinformanteperu.com\/index.php\/wp-json\/wp\/v2\/posts"}],"about":[{"href":"https:\/\/elinformanteperu.com\/index.php\/wp-json\/wp\/v2\/types\/post"}],"author":[{"embeddable":true,"href":"https:\/\/elinformanteperu.com\/index.php\/wp-json\/wp\/v2\/users\/1"}],"replies":[{"embeddable":true,"href":"https:\/\/elinformanteperu.com\/index.php\/wp-json\/wp\/v2\/comments?post=122994"}],"version-history":[{"count":1,"href":"https:\/\/elinformanteperu.com\/index.php\/wp-json\/wp\/v2\/posts\/122994\/revisions"}],"predecessor-version":[{"id":122995,"href":"https:\/\/elinformanteperu.com\/index.php\/wp-json\/wp\/v2\/posts\/122994\/revisions\/122995"}],"wp:featuredmedia":[{"embeddable":true,"href":"https:\/\/elinformanteperu.com\/index.php\/wp-json\/wp\/v2\/media\/119895"}],"wp:attachment":[{"href":"https:\/\/elinformanteperu.com\/index.php\/wp-json\/wp\/v2\/media?parent=122994"}],"wp:term":[{"taxonomy":"category","embeddable":true,"href":"https:\/\/elinformanteperu.com\/index.php\/wp-json\/wp\/v2\/categories?post=122994"},{"taxonomy":"post_tag","embeddable":true,"href":"https:\/\/elinformanteperu.com\/index.php\/wp-json\/wp\/v2\/tags?post=122994"}],"curies":[{"name":"wp","href":"https:\/\/api.w.org\/{rel}","templated":true}]}}