{"id":122991,"date":"2024-07-04T23:50:16","date_gmt":"2024-07-05T04:50:16","guid":{"rendered":"https:\/\/elinformanteperu.com\/?p=122991"},"modified":"2024-07-04T23:50:16","modified_gmt":"2024-07-05T04:50:16","slug":"joaquin-sabina-deja-los-escenarios-y-le-dira-adios-a-los-peruanos-en-marzo-del-2025","status":"publish","type":"post","link":"https:\/\/elinformanteperu.com\/index.php\/2024\/07\/04\/joaquin-sabina-deja-los-escenarios-y-le-dira-adios-a-los-peruanos-en-marzo-del-2025\/","title":{"rendered":"Joaqu\u00edn Sabina deja los escenarios y le dir\u00e1 adi\u00f3s a los peruanos en marzo del 2025"},"content":{"rendered":"<p><span style=\"color: #000000;\"><strong>Lima, 04 de Julio 2024, (ANDINA).-<\/strong> El cantautor espa\u00f1ol Joaqu\u00edn Sabina confirm\u00f3 que realizar\u00e1 su despedida de los escenarios y as\u00ed nos dir\u00e1 adi\u00f3s a los peruanos en marzo del 2025.<\/span><\/p>\n<p><span style=\"color: #000000;\">As\u00ed ser\u00e1 protagonista de la gira a la que ha titulado \u00abHola y Adi\u00f3s\u00bb.<\/span><\/p>\n<p><span style=\"color: #000000;\">La gira comenzar\u00e1 en el pr\u00f3ximo mes de febrero del 2025 en Am\u00e9rica y durante 11 semanas recorrer\u00e1 M\u00e9xico, Estados Unidos, Costa Rica, Colombia, Per\u00fa, Chile, Uruguay y Argentina.<\/span><\/p>\n<p><span style=\"color: #000000;\">Tras una breve pausa la gira seguir\u00e1 su rumbo a Espa\u00f1a y Europa, hasta su final en el mes de noviembre.<\/span><\/p>\n<p><span style=\"color: #000000;\">Las fechas, ciudades y venta de entradas se dar\u00e1n a conocer en el mes de julio para Am\u00e9rica y en septiembre para Espa\u00f1a.<\/span><\/p>\n<p><iframe title=\"YouTube video player\" src=\"https:\/\/www.youtube-nocookie.com\/embed\/J3OtzDWBwOo?si=VS0i9gUCAu2KLoJJ&amp;controls=0\" width=\"520\" height=\"315\" frameborder=\"0\" allowfullscreen=\"allowfullscreen\"><span data-mce-type=\"bookmark\" style=\"display: inline-block; width: 0px; overflow: hidden; line-height: 0;\" class=\"mce_SELRES_start\">\ufeff<\/span><\/iframe><\/p>\n","protected":false},"excerpt":{"rendered":"<p>Lima, 04 de Julio 2024, (ANDINA).- El cantautor espa\u00f1ol Joaqu\u00edn Sabina confirm\u00f3 que realizar\u00e1 su despedida de los escenarios y as\u00ed nos dir\u00e1 adi\u00f3s a los peruanos en marzo del 2025. As\u00ed ser\u00e1 protagonista de la gira a la que ha titulado \u00abHola y Adi\u00f3s\u00bb. La gira comenzar\u00e1 en el pr\u00f3ximo mes de febrero del [&hellip;]<\/p>\n","protected":false},"author":1,"featured_media":122992,"comment_status":"closed","ping_status":"closed","sticky":false,"template":"","format":"standard","meta":{"rop_custom_images_group":[],"rop_custom_messages_group":[],"rop_publish_now":"initial","rop_publish_now_accounts":[],"rop_publish_now_history":[],"rop_publish_now_status":"pending","footnotes":""},"categories":[69],"tags":[2485],"class_list":["post-122991","post","type-post","status-publish","format-standard","has-post-thumbnail","hentry","category-musica","tag-joaquin-sabina"],"_links":{"self":[{"href":"https:\/\/elinformanteperu.com\/index.php\/wp-json\/wp\/v2\/posts\/122991","targetHints":{"allow":["GET"]}}],"collection":[{"href":"https:\/\/elinformanteperu.com\/index.php\/wp-json\/wp\/v2\/posts"}],"about":[{"href":"https:\/\/elinformanteperu.com\/index.php\/wp-json\/wp\/v2\/types\/post"}],"author":[{"embeddable":true,"href":"https:\/\/elinformanteperu.com\/index.php\/wp-json\/wp\/v2\/users\/1"}],"replies":[{"embeddable":true,"href":"https:\/\/elinformanteperu.com\/index.php\/wp-json\/wp\/v2\/comments?post=122991"}],"version-history":[{"count":1,"href":"https:\/\/elinformanteperu.com\/index.php\/wp-json\/wp\/v2\/posts\/122991\/revisions"}],"predecessor-version":[{"id":122993,"href":"https:\/\/elinformanteperu.com\/index.php\/wp-json\/wp\/v2\/posts\/122991\/revisions\/122993"}],"wp:featuredmedia":[{"embeddable":true,"href":"https:\/\/elinformanteperu.com\/index.php\/wp-json\/wp\/v2\/media\/122992"}],"wp:attachment":[{"href":"https:\/\/elinformanteperu.com\/index.php\/wp-json\/wp\/v2\/media?parent=122991"}],"wp:term":[{"taxonomy":"category","embeddable":true,"href":"https:\/\/elinformanteperu.com\/index.php\/wp-json\/wp\/v2\/categories?post=122991"},{"taxonomy":"post_tag","embeddable":true,"href":"https:\/\/elinformanteperu.com\/index.php\/wp-json\/wp\/v2\/tags?post=122991"}],"curies":[{"name":"wp","href":"https:\/\/api.w.org\/{rel}","templated":true}]}}