{"id":122989,"date":"2024-07-04T01:19:19","date_gmt":"2024-07-04T06:19:19","guid":{"rendered":"https:\/\/elinformanteperu.com\/?p=122989"},"modified":"2024-07-04T01:19:19","modified_gmt":"2024-07-04T06:19:19","slug":"congreso-apela-resolucion-judicial-que-ordena-reponer-a-tello-y-vasquez-en-jnj","status":"publish","type":"post","link":"https:\/\/elinformanteperu.com\/index.php\/2024\/07\/04\/congreso-apela-resolucion-judicial-que-ordena-reponer-a-tello-y-vasquez-en-jnj\/","title":{"rendered":"Congreso apela resoluci\u00f3n judicial que ordena reponer a Tello y V\u00e1squez en JNJ"},"content":{"rendered":"<p><span style=\"color: #000000;\"><strong>Lima, 03 de Julio 2024, (ANDINA).-<\/strong> El Congreso de la Rep\u00fablica interpuso un recurso de apelaci\u00f3n contra la resoluci\u00f3n judicial que ordena reponer a In\u00e9s Tello y Aldo V\u00e1squez como miembros titulares de la Junta Nacional de Justicia (JNJ).<\/span><\/p>\n<p><span style=\"color: #000000;\">El recurso, que busca impugnar la decisi\u00f3n de la Primera Sala Constitucional de la Corte Superior de Justicia de Lima, fue presentado hoy por la tarde.<\/span><\/p>\n<p><span style=\"color: #000000;\">Dicho colegiado dispuso la nulidad del informe final de la Subcomisi\u00f3n de Acusaciones Constitucionales, aprobado por la Comisi\u00f3n Permanente del Congreso, que acusaba a Tello de \u00d1ecco y V\u00e1squez R\u00edos.<\/span><\/p>\n<p><span style=\"color: #000000;\">Como se recuerda, el pleno del Congreso aprob\u00f3 destituir a ambos como miembros de la JNJ y dispuso inhabilitarlos del ejercicio de la funci\u00f3n p\u00fablica por infracci\u00f3n a la Constituci\u00f3n.<\/span><\/p>\n<p><span style=\"color: #000000;\">Ambos integrantes del colegiado lograron su reposici\u00f3n en abril pasado, pero los efectos de dicha resoluci\u00f3n quedaron suspendidos por una decisi\u00f3n del Tribunal Constitucional, que declar\u00f3 fundada en parte una medida cautelar presentada por el Parlamento.<\/span><\/p>\n<p><a href=\"https:\/\/elinformanteperu.com\/wp-content\/uploads\/2021\/12\/congreso-fachada7.jpg\"><img fetchpriority=\"high\" decoding=\"async\" class=\"size-large wp-image-109601 aligncenter\" src=\"https:\/\/elinformanteperu.com\/wp-content\/uploads\/2021\/12\/congreso-fachada7-1024x683.jpg\" alt=\"\" width=\"615\" height=\"410\" srcset=\"https:\/\/elinformanteperu.com\/wp-content\/uploads\/2021\/12\/congreso-fachada7-1024x683.jpg 1024w, https:\/\/elinformanteperu.com\/wp-content\/uploads\/2021\/12\/congreso-fachada7-300x200.jpg 300w, https:\/\/elinformanteperu.com\/wp-content\/uploads\/2021\/12\/congreso-fachada7-768x512.jpg 768w, https:\/\/elinformanteperu.com\/wp-content\/uploads\/2021\/12\/congreso-fachada7-1536x1024.jpg 1536w, https:\/\/elinformanteperu.com\/wp-content\/uploads\/2021\/12\/congreso-fachada7.jpg 1800w\" sizes=\"(max-width: 615px) 100vw, 615px\" \/><\/a><\/p>\n","protected":false},"excerpt":{"rendered":"<p>Lima, 03 de Julio 2024, (ANDINA).- El Congreso de la Rep\u00fablica interpuso un recurso de apelaci\u00f3n contra la resoluci\u00f3n judicial que ordena reponer a In\u00e9s Tello y Aldo V\u00e1squez como miembros titulares de la Junta Nacional de Justicia (JNJ). El recurso, que busca impugnar la decisi\u00f3n de la Primera Sala Constitucional de la Corte Superior [&hellip;]<\/p>\n","protected":false},"author":1,"featured_media":119352,"comment_status":"closed","ping_status":"closed","sticky":false,"template":"","format":"standard","meta":{"rop_custom_images_group":[],"rop_custom_messages_group":[],"rop_publish_now":"initial","rop_publish_now_accounts":[],"rop_publish_now_history":[],"rop_publish_now_status":"pending","footnotes":""},"categories":[5],"tags":[192],"class_list":["post-122989","post","type-post","status-publish","format-standard","has-post-thumbnail","hentry","category-actualidad-informativa","tag-congreso"],"_links":{"self":[{"href":"https:\/\/elinformanteperu.com\/index.php\/wp-json\/wp\/v2\/posts\/122989","targetHints":{"allow":["GET"]}}],"collection":[{"href":"https:\/\/elinformanteperu.com\/index.php\/wp-json\/wp\/v2\/posts"}],"about":[{"href":"https:\/\/elinformanteperu.com\/index.php\/wp-json\/wp\/v2\/types\/post"}],"author":[{"embeddable":true,"href":"https:\/\/elinformanteperu.com\/index.php\/wp-json\/wp\/v2\/users\/1"}],"replies":[{"embeddable":true,"href":"https:\/\/elinformanteperu.com\/index.php\/wp-json\/wp\/v2\/comments?post=122989"}],"version-history":[{"count":1,"href":"https:\/\/elinformanteperu.com\/index.php\/wp-json\/wp\/v2\/posts\/122989\/revisions"}],"predecessor-version":[{"id":122990,"href":"https:\/\/elinformanteperu.com\/index.php\/wp-json\/wp\/v2\/posts\/122989\/revisions\/122990"}],"wp:featuredmedia":[{"embeddable":true,"href":"https:\/\/elinformanteperu.com\/index.php\/wp-json\/wp\/v2\/media\/119352"}],"wp:attachment":[{"href":"https:\/\/elinformanteperu.com\/index.php\/wp-json\/wp\/v2\/media?parent=122989"}],"wp:term":[{"taxonomy":"category","embeddable":true,"href":"https:\/\/elinformanteperu.com\/index.php\/wp-json\/wp\/v2\/categories?post=122989"},{"taxonomy":"post_tag","embeddable":true,"href":"https:\/\/elinformanteperu.com\/index.php\/wp-json\/wp\/v2\/tags?post=122989"}],"curies":[{"name":"wp","href":"https:\/\/api.w.org\/{rel}","templated":true}]}}